{"id":13912,"date":"2024-05-01T23:48:18","date_gmt":"2024-05-02T05:48:18","guid":{"rendered":"https:\/\/periodiconuevomilenio.com\/?p=13912"},"modified":"2024-05-01T23:48:19","modified_gmt":"2024-05-02T05:48:19","slug":"guanajuato-premio-estatal-al-merito-laboral","status":"publish","type":"post","link":"https:\/\/periodiconuevomilenio.com\/index.php\/2024\/05\/01\/guanajuato-premio-estatal-al-merito-laboral\/","title":{"rendered":"Guanajuato Premio Estatal al M\u00e9rito Laboral\u201d,"},"content":{"rendered":"\n<p>\u201cNo se puede concebir este Guanajuato sin su gente y su desarrollo laboral; mi reconocimiento a los guanajuatenses\u201d.<\/p>\n\n\n\n<p>As\u00ed lo dijo el Gobernador de Guanajuato, Diego Sinhue Rodr\u00edguez Vallejo, durante la entrega del galard\u00f3n \u201cGuanajuato Premio Estatal al M\u00e9rito Laboral\u201d, que reconoce a trabajadores que con sus aportaciones hacen la diferencia laboral en sus centros de trabajo.<\/p>\n\n\n\n<p>El galard\u00f3n \u201cGuanajuato Premio Estatal al M\u00e9rito Laboral\u201d, que ofrece el Gobierno del Estado, a trav\u00e9s de la Subsecretar\u00eda del Trabajo y Previsi\u00f3n Social de la Secretar\u00eda de Gobierno, se entrega a quienes logran un compromiso m\u00e1s all\u00e1 de su obligaci\u00f3n laboral y desarrollan proyectos de mejora que impactan en su centro de trabajo en \u00e1reas como la competitividad y la productividad, al desarrollar e implementar mejoras.<\/p>\n\n\n\n<p>La entrega de este galard\u00f3n inici\u00f3 en 2008, y se dirige a trabajadoras y trabajadores guanajuatenses que hacen la diferencia en su centro laboral; se entrega cada primero de mayo y para este 2024 se celebr\u00f3 la D\u00e9cima S\u00e9ptima Edici\u00f3n de la Entrega del Premio Estatal al M\u00e9rito Laboral.<\/p>\n\n\n\n<p>\u201cQu\u00e9 mejor manera de conmemorar el D\u00eda del Trabajo que celebrando a quienes con su esfuerzo, con su pasi\u00f3n, con el d\u00eda a d\u00eda, hacen posible que este estado y pa\u00eds, sigan adelante\u201d, agreg\u00f3 el Gobernador.<\/p>\n\n\n\n<p>Se reconocieron 398 proyectos de 2 mil 366 personas trabajadoras de centros de trabajo y sindicatos guanajuatenses, comprometidos con la productividad y la competitividad de sus organizaciones.<\/p>\n\n\n\n<p>Para evaluar los proyectos, se valora la participaci\u00f3n de los trabajadores, su originalidad y su impacto; y se contemplan en las categor\u00eda \u2018Asociaciones Empresa\u2019 y \u2018Asociaciones Sindicales\u2019.<\/p>\n\n\n\n<p>En la categor\u00eda \u2018Asociaciones Empresa\u2019, se tomaron en cuenta diversas \u00e1reas de aplicaci\u00f3n para las empresas como Seguridad y Salud; Gesti\u00f3n del Conocimiento y Desarrollo Humano; Clima Laboral y Cultura Organizacional; Productividad y Calidad; Innovaci\u00f3n y Mejora de Procesos y Productos; Equidad e Igualdad Laboral; Sustentabilidad y Cuidado del Medio Ambiente;&nbsp; Compromiso con la comunidad, y Compromiso con la familia y el deporte.<\/p>\n\n\n\n<p>Para la Categor\u00eda \u2018Asociaciones Sindicales\u2019, se verificaron \u00e1reas de aplicaci\u00f3n para las Asociaciones Sindicales en Educaci\u00f3n; Salud y Prevenci\u00f3n; Sustentabilidad y Cuidado del Medio Ambiente; Compromiso con la comunidad; Transparencia y rendici\u00f3n de cuentas, y Compromiso con la familia y el deporte.<\/p>\n\n\n\n<p>En este evento estuvieron presentes el Secretario de Gobierno, Jes\u00fas Oviedo Herrera; el&nbsp; Presidente del Congreso del Estado de Guanajuato, Alfonso Borja Pimentel; el Presidente Municipal de Le\u00f3n, Jorge Daniel Jim\u00e9nez Lona; el Presidente del Supremo Tribunal de Justicia H\u00e9ctor Tinajero Mu\u00f1oz.<\/p>\n\n\n\n<p>Adem\u00e1s del Director General de Grupo Flexi Roberto Placencia Torres; el Coordinador del Consejo Coordinador Empresarial de Le\u00f3n, Roberto Novoa Toscano y Mar\u00eda Rojas Pineda, representante de los galardonados.<\/p>\n\n\n\n<figure class=\"wp-block-gallery has-nested-images columns-default is-cropped wp-block-gallery-1 is-layout-flex wp-block-gallery-is-layout-flex\">\n<figure class=\"wp-block-image size-large\"><img loading=\"lazy\" decoding=\"async\" width=\"1024\" height=\"485\" data-id=\"13913\" src=\"https:\/\/periodiconuevomilenio.com\/wp-content\/uploads\/2024\/05\/Premio-Estatal-al-Merito-Laboral-4-1024x485.jpeg\" alt=\"\" class=\"wp-image-13913\" srcset=\"https:\/\/periodiconuevomilenio.com\/wp-content\/uploads\/2024\/05\/Premio-Estatal-al-Merito-Laboral-4-1024x485.jpeg 1024w, https:\/\/periodiconuevomilenio.com\/wp-content\/uploads\/2024\/05\/Premio-Estatal-al-Merito-Laboral-4-300x142.jpeg 300w, https:\/\/periodiconuevomilenio.com\/wp-content\/uploads\/2024\/05\/Premio-Estatal-al-Merito-Laboral-4-768x364.jpeg 768w, https:\/\/periodiconuevomilenio.com\/wp-content\/uploads\/2024\/05\/Premio-Estatal-al-Merito-Laboral-4-1536x728.jpeg 1536w, https:\/\/periodiconuevomilenio.com\/wp-content\/uploads\/2024\/05\/Premio-Estatal-al-Merito-Laboral-4.jpeg 1600w\" sizes=\"auto, (max-width: 1024px) 100vw, 1024px\" \/><\/figure>\n\n\n\n<figure class=\"wp-block-image size-large\"><img loading=\"lazy\" decoding=\"async\" width=\"1024\" height=\"475\" data-id=\"13914\" src=\"https:\/\/periodiconuevomilenio.com\/wp-content\/uploads\/2024\/05\/Premio-Estatal-al-Merito-Laboral-5-1024x475.jpeg\" alt=\"\" class=\"wp-image-13914\" srcset=\"https:\/\/periodiconuevomilenio.com\/wp-content\/uploads\/2024\/05\/Premio-Estatal-al-Merito-Laboral-5-1024x475.jpeg 1024w, https:\/\/periodiconuevomilenio.com\/wp-content\/uploads\/2024\/05\/Premio-Estatal-al-Merito-Laboral-5-300x139.jpeg 300w, https:\/\/periodiconuevomilenio.com\/wp-content\/uploads\/2024\/05\/Premio-Estatal-al-Merito-Laboral-5-768x356.jpeg 768w, https:\/\/periodiconuevomilenio.com\/wp-content\/uploads\/2024\/05\/Premio-Estatal-al-Merito-Laboral-5-1536x712.jpeg 1536w, https:\/\/periodiconuevomilenio.com\/wp-content\/uploads\/2024\/05\/Premio-Estatal-al-Merito-Laboral-5.jpeg 1600w\" sizes=\"auto, (max-width: 1024px) 100vw, 1024px\" \/><\/figure>\n\n\n\n<figure class=\"wp-block-image size-large\"><img loading=\"lazy\" decoding=\"async\" width=\"1024\" height=\"516\" data-id=\"13917\" src=\"https:\/\/periodiconuevomilenio.com\/wp-content\/uploads\/2024\/05\/Premio-Estatal-al-Merito-Laboral-6-1024x516.jpeg\" alt=\"\" class=\"wp-image-13917\" srcset=\"https:\/\/periodiconuevomilenio.com\/wp-content\/uploads\/2024\/05\/Premio-Estatal-al-Merito-Laboral-6-1024x516.jpeg 1024w, https:\/\/periodiconuevomilenio.com\/wp-content\/uploads\/2024\/05\/Premio-Estatal-al-Merito-Laboral-6-300x151.jpeg 300w, https:\/\/periodiconuevomilenio.com\/wp-content\/uploads\/2024\/05\/Premio-Estatal-al-Merito-Laboral-6-768x387.jpeg 768w, https:\/\/periodiconuevomilenio.com\/wp-content\/uploads\/2024\/05\/Premio-Estatal-al-Merito-Laboral-6-1536x774.jpeg 1536w, https:\/\/periodiconuevomilenio.com\/wp-content\/uploads\/2024\/05\/Premio-Estatal-al-Merito-Laboral-6.jpeg 1600w\" sizes=\"auto, (max-width: 1024px) 100vw, 1024px\" \/><\/figure>\n\n\n\n<figure class=\"wp-block-image size-large\"><img loading=\"lazy\" decoding=\"async\" width=\"777\" height=\"1024\" data-id=\"13921\" src=\"https:\/\/periodiconuevomilenio.com\/wp-content\/uploads\/2024\/05\/Premio-Estatal-al-Merito-Laboral-7-777x1024.jpeg\" alt=\"\" class=\"wp-image-13921\" srcset=\"https:\/\/periodiconuevomilenio.com\/wp-content\/uploads\/2024\/05\/Premio-Estatal-al-Merito-Laboral-7-777x1024.jpeg 777w, https:\/\/periodiconuevomilenio.com\/wp-content\/uploads\/2024\/05\/Premio-Estatal-al-Merito-Laboral-7-228x300.jpeg 228w, https:\/\/periodiconuevomilenio.com\/wp-content\/uploads\/2024\/05\/Premio-Estatal-al-Merito-Laboral-7-768x1012.jpeg 768w, https:\/\/periodiconuevomilenio.com\/wp-content\/uploads\/2024\/05\/Premio-Estatal-al-Merito-Laboral-7-1165x1536.jpeg 1165w, https:\/\/periodiconuevomilenio.com\/wp-content\/uploads\/2024\/05\/Premio-Estatal-al-Merito-Laboral-7-1024x1350.jpeg 1024w, https:\/\/periodiconuevomilenio.com\/wp-content\/uploads\/2024\/05\/Premio-Estatal-al-Merito-Laboral-7.jpeg 1214w\" sizes=\"auto, (max-width: 777px) 100vw, 777px\" \/><\/figure>\n\n\n\n<figure class=\"wp-block-image size-large\"><img loading=\"lazy\" decoding=\"async\" width=\"742\" height=\"1024\" data-id=\"13916\" src=\"https:\/\/periodiconuevomilenio.com\/wp-content\/uploads\/2024\/05\/Premio-Estatal-al-Merito-Laboral-8-742x1024.jpeg\" alt=\"\" class=\"wp-image-13916\" srcset=\"https:\/\/periodiconuevomilenio.com\/wp-content\/uploads\/2024\/05\/Premio-Estatal-al-Merito-Laboral-8-742x1024.jpeg 742w, https:\/\/periodiconuevomilenio.com\/wp-content\/uploads\/2024\/05\/Premio-Estatal-al-Merito-Laboral-8-218x300.jpeg 218w, https:\/\/periodiconuevomilenio.com\/wp-content\/uploads\/2024\/05\/Premio-Estatal-al-Merito-Laboral-8-768x1059.jpeg 768w, https:\/\/periodiconuevomilenio.com\/wp-content\/uploads\/2024\/05\/Premio-Estatal-al-Merito-Laboral-8-1114x1536.jpeg 1114w, https:\/\/periodiconuevomilenio.com\/wp-content\/uploads\/2024\/05\/Premio-Estatal-al-Merito-Laboral-8-1024x1412.jpeg 1024w, https:\/\/periodiconuevomilenio.com\/wp-content\/uploads\/2024\/05\/Premio-Estatal-al-Merito-Laboral-8.jpeg 1160w\" sizes=\"auto, (max-width: 742px) 100vw, 742px\" \/><\/figure>\n\n\n\n<figure class=\"wp-block-image size-large\"><img loading=\"lazy\" decoding=\"async\" width=\"774\" height=\"1024\" data-id=\"13915\" src=\"https:\/\/periodiconuevomilenio.com\/wp-content\/uploads\/2024\/05\/Premio-Estatal-al-Merito-Laboral-9-774x1024.jpeg\" alt=\"\" class=\"wp-image-13915\" srcset=\"https:\/\/periodiconuevomilenio.com\/wp-content\/uploads\/2024\/05\/Premio-Estatal-al-Merito-Laboral-9-774x1024.jpeg 774w, https:\/\/periodiconuevomilenio.com\/wp-content\/uploads\/2024\/05\/Premio-Estatal-al-Merito-Laboral-9-227x300.jpeg 227w, https:\/\/periodiconuevomilenio.com\/wp-content\/uploads\/2024\/05\/Premio-Estatal-al-Merito-Laboral-9-768x1016.jpeg 768w, https:\/\/periodiconuevomilenio.com\/wp-content\/uploads\/2024\/05\/Premio-Estatal-al-Merito-Laboral-9-1162x1536.jpeg 1162w, https:\/\/periodiconuevomilenio.com\/wp-content\/uploads\/2024\/05\/Premio-Estatal-al-Merito-Laboral-9-1024x1354.jpeg 1024w, https:\/\/periodiconuevomilenio.com\/wp-content\/uploads\/2024\/05\/Premio-Estatal-al-Merito-Laboral-9.jpeg 1210w\" sizes=\"auto, (max-width: 774px) 100vw, 774px\" \/><\/figure>\n\n\n\n<figure class=\"wp-block-image size-large\"><img loading=\"lazy\" decoding=\"async\" width=\"1024\" height=\"535\" data-id=\"13922\" src=\"https:\/\/periodiconuevomilenio.com\/wp-content\/uploads\/2024\/05\/Premio-Estatal-al-Merito-Laboral-1-1024x535.jpeg\" alt=\"\" class=\"wp-image-13922\" srcset=\"https:\/\/periodiconuevomilenio.com\/wp-content\/uploads\/2024\/05\/Premio-Estatal-al-Merito-Laboral-1-1024x535.jpeg 1024w, https:\/\/periodiconuevomilenio.com\/wp-content\/uploads\/2024\/05\/Premio-Estatal-al-Merito-Laboral-1-300x157.jpeg 300w, https:\/\/periodiconuevomilenio.com\/wp-content\/uploads\/2024\/05\/Premio-Estatal-al-Merito-Laboral-1-768x401.jpeg 768w, https:\/\/periodiconuevomilenio.com\/wp-content\/uploads\/2024\/05\/Premio-Estatal-al-Merito-Laboral-1-1536x803.jpeg 1536w, https:\/\/periodiconuevomilenio.com\/wp-content\/uploads\/2024\/05\/Premio-Estatal-al-Merito-Laboral-1.jpeg 1600w\" sizes=\"auto, (max-width: 1024px) 100vw, 1024px\" \/><\/figure>\n\n\n\n<figure class=\"wp-block-image size-large\"><img loading=\"lazy\" decoding=\"async\" width=\"681\" height=\"1024\" data-id=\"13923\" src=\"https:\/\/periodiconuevomilenio.com\/wp-content\/uploads\/2024\/05\/Premio-Estatal-al-Merito-Laboral-10-681x1024.jpeg\" alt=\"\" class=\"wp-image-13923\" srcset=\"https:\/\/periodiconuevomilenio.com\/wp-content\/uploads\/2024\/05\/Premio-Estatal-al-Merito-Laboral-10-681x1024.jpeg 681w, https:\/\/periodiconuevomilenio.com\/wp-content\/uploads\/2024\/05\/Premio-Estatal-al-Merito-Laboral-10-200x300.jpeg 200w, https:\/\/periodiconuevomilenio.com\/wp-content\/uploads\/2024\/05\/Premio-Estatal-al-Merito-Laboral-10-768x1155.jpeg 768w, https:\/\/periodiconuevomilenio.com\/wp-content\/uploads\/2024\/05\/Premio-Estatal-al-Merito-Laboral-10-1021x1536.jpeg 1021w, https:\/\/periodiconuevomilenio.com\/wp-content\/uploads\/2024\/05\/Premio-Estatal-al-Merito-Laboral-10-1024x1540.jpeg 1024w, https:\/\/periodiconuevomilenio.com\/wp-content\/uploads\/2024\/05\/Premio-Estatal-al-Merito-Laboral-10.jpeg 1064w\" sizes=\"auto, (max-width: 681px) 100vw, 681px\" \/><\/figure>\n\n\n\n<figure class=\"wp-block-image size-large\"><img loading=\"lazy\" decoding=\"async\" width=\"1024\" height=\"502\" data-id=\"13918\" src=\"https:\/\/periodiconuevomilenio.com\/wp-content\/uploads\/2024\/05\/Premio-Estatal-al-Merito-Laboral-11-1024x502.jpeg\" alt=\"\" class=\"wp-image-13918\" srcset=\"https:\/\/periodiconuevomilenio.com\/wp-content\/uploads\/2024\/05\/Premio-Estatal-al-Merito-Laboral-11-1024x502.jpeg 1024w, https:\/\/periodiconuevomilenio.com\/wp-content\/uploads\/2024\/05\/Premio-Estatal-al-Merito-Laboral-11-300x147.jpeg 300w, https:\/\/periodiconuevomilenio.com\/wp-content\/uploads\/2024\/05\/Premio-Estatal-al-Merito-Laboral-11-768x376.jpeg 768w, https:\/\/periodiconuevomilenio.com\/wp-content\/uploads\/2024\/05\/Premio-Estatal-al-Merito-Laboral-11-1536x753.jpeg 1536w, https:\/\/periodiconuevomilenio.com\/wp-content\/uploads\/2024\/05\/Premio-Estatal-al-Merito-Laboral-11.jpeg 1600w\" sizes=\"auto, (max-width: 1024px) 100vw, 1024px\" \/><\/figure>\n\n\n\n<figure class=\"wp-block-image size-large\"><img loading=\"lazy\" decoding=\"async\" width=\"1024\" height=\"636\" data-id=\"13920\" src=\"https:\/\/periodiconuevomilenio.com\/wp-content\/uploads\/2024\/05\/Premio-Estatal-al-Merito-Laboral-12-1024x636.jpeg\" alt=\"\" class=\"wp-image-13920\" srcset=\"https:\/\/periodiconuevomilenio.com\/wp-content\/uploads\/2024\/05\/Premio-Estatal-al-Merito-Laboral-12-1024x636.jpeg 1024w, https:\/\/periodiconuevomilenio.com\/wp-content\/uploads\/2024\/05\/Premio-Estatal-al-Merito-Laboral-12-300x186.jpeg 300w, https:\/\/periodiconuevomilenio.com\/wp-content\/uploads\/2024\/05\/Premio-Estatal-al-Merito-Laboral-12-768x477.jpeg 768w, https:\/\/periodiconuevomilenio.com\/wp-content\/uploads\/2024\/05\/Premio-Estatal-al-Merito-Laboral-12-1536x954.jpeg 1536w, https:\/\/periodiconuevomilenio.com\/wp-content\/uploads\/2024\/05\/Premio-Estatal-al-Merito-Laboral-12.jpeg 1600w\" sizes=\"auto, (max-width: 1024px) 100vw, 1024px\" \/><\/figure>\n\n\n\n<figure class=\"wp-block-image size-large\"><img loading=\"lazy\" decoding=\"async\" width=\"1024\" height=\"413\" data-id=\"13924\" src=\"https:\/\/periodiconuevomilenio.com\/wp-content\/uploads\/2024\/05\/Premio-Estatal-al-Merito-Laboral-2-1024x413.jpeg\" alt=\"\" class=\"wp-image-13924\" srcset=\"https:\/\/periodiconuevomilenio.com\/wp-content\/uploads\/2024\/05\/Premio-Estatal-al-Merito-Laboral-2-1024x413.jpeg 1024w, https:\/\/periodiconuevomilenio.com\/wp-content\/uploads\/2024\/05\/Premio-Estatal-al-Merito-Laboral-2-300x121.jpeg 300w, https:\/\/periodiconuevomilenio.com\/wp-content\/uploads\/2024\/05\/Premio-Estatal-al-Merito-Laboral-2-768x310.jpeg 768w, https:\/\/periodiconuevomilenio.com\/wp-content\/uploads\/2024\/05\/Premio-Estatal-al-Merito-Laboral-2-1536x620.jpeg 1536w, https:\/\/periodiconuevomilenio.com\/wp-content\/uploads\/2024\/05\/Premio-Estatal-al-Merito-Laboral-2.jpeg 1600w\" sizes=\"auto, (max-width: 1024px) 100vw, 1024px\" \/><\/figure>\n\n\n\n<figure class=\"wp-block-image size-large\"><img loading=\"lazy\" decoding=\"async\" width=\"927\" height=\"1024\" data-id=\"13919\" src=\"https:\/\/periodiconuevomilenio.com\/wp-content\/uploads\/2024\/05\/Premio-Estatal-al-Merito-Laboral-3-927x1024.jpeg\" alt=\"\" class=\"wp-image-13919\" srcset=\"https:\/\/periodiconuevomilenio.com\/wp-content\/uploads\/2024\/05\/Premio-Estatal-al-Merito-Laboral-3-927x1024.jpeg 927w, https:\/\/periodiconuevomilenio.com\/wp-content\/uploads\/2024\/05\/Premio-Estatal-al-Merito-Laboral-3-272x300.jpeg 272w, https:\/\/periodiconuevomilenio.com\/wp-content\/uploads\/2024\/05\/Premio-Estatal-al-Merito-Laboral-3-768x849.jpeg 768w, https:\/\/periodiconuevomilenio.com\/wp-content\/uploads\/2024\/05\/Premio-Estatal-al-Merito-Laboral-3-1390x1536.jpeg 1390w, https:\/\/periodiconuevomilenio.com\/wp-content\/uploads\/2024\/05\/Premio-Estatal-al-Merito-Laboral-3-1024x1131.jpeg 1024w, https:\/\/periodiconuevomilenio.com\/wp-content\/uploads\/2024\/05\/Premio-Estatal-al-Merito-Laboral-3.jpeg 1448w\" sizes=\"auto, (max-width: 927px) 100vw, 927px\" \/><\/figure>\n<\/figure>\n\n\n\n<figure class=\"wp-block-gallery has-nested-images columns-default is-cropped wp-block-gallery-2 is-layout-flex wp-block-gallery-is-layout-flex\"><\/figure>\n","protected":false},"excerpt":{"rendered":"<p>\u201cNo se puede concebir este Guanajuato sin su gente y su desarrollo laboral; mi reconocimiento a los guanajuatenses\u201d.<\/p>\n","protected":false},"author":1,"featured_media":13922,"comment_status":"open","ping_status":"open","sticky":false,"template":"","format":"standard","meta":{"jetpack_post_was_ever_published":false,"_jetpack_newsletter_access":"","_jetpack_dont_email_post_to_subs":false,"_jetpack_newsletter_tier_id":0,"_jetpack_memberships_contains_paywalled_content":false,"_jetpack_memberships_contains_paid_content":false,"footnotes":"","jetpack_publicize_message":"","jetpack_publicize_feature_enabled":false,"jetpack_social_post_already_shared":false,"jetpack_social_options":{"image_generator_settings":{"template":"highway","enabled":false},"version":2}},"categories":[31],"tags":[51],"class_list":["post-13912","post","type-post","status-publish","format-standard","has-post-thumbnail","hentry","category-estado","tag-estado"],"jetpack_publicize_connections":[],"jetpack_sharing_enabled":true,"jetpack_featured_media_url":"https:\/\/periodiconuevomilenio.com\/wp-content\/uploads\/2024\/05\/Premio-Estatal-al-Merito-Laboral-1.jpeg","_links":{"self":[{"href":"https:\/\/periodiconuevomilenio.com\/index.php\/wp-json\/wp\/v2\/posts\/13912","targetHints":{"allow":["GET"]}}],"collection":[{"href":"https:\/\/periodiconuevomilenio.com\/index.php\/wp-json\/wp\/v2\/posts"}],"about":[{"href":"https:\/\/periodiconuevomilenio.com\/index.php\/wp-json\/wp\/v2\/types\/post"}],"author":[{"embeddable":true,"href":"https:\/\/periodiconuevomilenio.com\/index.php\/wp-json\/wp\/v2\/users\/1"}],"replies":[{"embeddable":true,"href":"https:\/\/periodiconuevomilenio.com\/index.php\/wp-json\/wp\/v2\/comments?post=13912"}],"version-history":[{"count":1,"href":"https:\/\/periodiconuevomilenio.com\/index.php\/wp-json\/wp\/v2\/posts\/13912\/revisions"}],"predecessor-version":[{"id":13925,"href":"https:\/\/periodiconuevomilenio.com\/index.php\/wp-json\/wp\/v2\/posts\/13912\/revisions\/13925"}],"wp:featuredmedia":[{"embeddable":true,"href":"https:\/\/periodiconuevomilenio.com\/index.php\/wp-json\/wp\/v2\/media\/13922"}],"wp:attachment":[{"href":"https:\/\/periodiconuevomilenio.com\/index.php\/wp-json\/wp\/v2\/media?parent=13912"}],"wp:term":[{"taxonomy":"category","embeddable":true,"href":"https:\/\/periodiconuevomilenio.com\/index.php\/wp-json\/wp\/v2\/categories?post=13912"},{"taxonomy":"post_tag","embeddable":true,"href":"https:\/\/periodiconuevomilenio.com\/index.php\/wp-json\/wp\/v2\/tags?post=13912"}],"curies":[{"name":"wp","href":"https:\/\/api.w.org\/{rel}","templated":true}]}}