{"id":13933,"date":"2024-05-02T17:22:21","date_gmt":"2024-05-02T23:22:21","guid":{"rendered":"https:\/\/periodiconuevomilenio.com\/?p=13933"},"modified":"2024-05-02T17:22:23","modified_gmt":"2024-05-02T23:22:23","slug":"agente-de-investigacion-criminal-asesinado","status":"publish","type":"post","link":"https:\/\/periodiconuevomilenio.com\/index.php\/2024\/05\/02\/agente-de-investigacion-criminal-asesinado\/","title":{"rendered":"Agente de Investigaci\u00f3n Criminal Asesinado.\u00a0"},"content":{"rendered":"\n<p>Jaral del Progreso, Gto.- Un polic\u00eda de la Agencia de Investigaci\u00f3n Criminal cay\u00f3 abatido por balas de fuego enemigo,&nbsp; trascendi\u00f3 que los elementos de la fiscal\u00eda Estatal realizaban trabajos de investigaci\u00f3n en la colonia 10 de abril cuando fueron sorprendidos por un grupo amado que abri\u00f3 fuego en su contra para posteriormente huir entre el cerro.<\/p>\n\n\n\n<p>&nbsp;Por ahora es muy escueta la informaci\u00f3n, ya que se encuentran muy herm\u00e9ticos en la polic\u00eda municipal y m\u00e1s&nbsp; en la fiscal\u00eda, pues se habla de que se trata de una baja entre sus elementos. Esto sucedi\u00f3 alrededor de las 3:30 de la tarde, aproximadamente cuando vecinos informaron de una balacera.<\/p>\n\n\n\n<p>&nbsp;Tan pronto trascendi\u00f3 que se trata de una agresi\u00f3n donde hab\u00eda oficiales&nbsp; heridos, se realiz\u00f3 una intensa movilizaci\u00f3n por tierra y por aire, m\u00e1s cu\u00e1ndo se confirm\u00f3 de la muerte de una agente de investigaci\u00f3n criminal que cay\u00f3 abatido por balas enemigas.<\/p>\n\n\n\n<p>Aunque todo esto es de manera extraoficial, pues en la fiscal\u00eda no han emitido ning\u00fan comunicado en torno a este lamentable hecho, sin embargo, ya existe la presencia de la ambulancia del traslado de indicios, lo que revela que indudablemente s\u00ed existe un fallecido en la colonia 10 de abril.<\/p>\n\n\n\n<p>En estos momentos se realiza una intensa movilizaci\u00f3n de los tres \u00f3rdenes de gobierno porque mientras grupos de la Polic\u00eda de reacci\u00f3n Inmediata (GERI) montaron un operativo por tierra , operaciones por aire con un helic\u00f3ptero inspecciona la zona, ya que\u00a0 los agresores se dispersaron\u00a0 y huyeron entre el cerro.<\/p>\n\n\n\n<p>\u00a0Literalmente, el pueblo de Jaral\u00a0 se encuentra blindado, puesto que hay retenes por\u00a0 todos lados y hay zozobra y tensi\u00f3n entre la poblaci\u00f3n, m\u00e1s entre los habitantes que est\u00e1n cerca de la zona. Esperamos que en el transcurso de las horas\u00a0 se genere informaci\u00f3n oficial.<\/p>\n\n\n\n<figure class=\"wp-block-image size-full\"><img loading=\"lazy\" decoding=\"async\" width=\"449\" height=\"354\" src=\"https:\/\/periodiconuevomilenio.com\/wp-content\/uploads\/2024\/05\/fac60879-9da0-469f-b53e-27cc6b75064b.jpg\" alt=\"\" class=\"wp-image-13934\" srcset=\"https:\/\/periodiconuevomilenio.com\/wp-content\/uploads\/2024\/05\/fac60879-9da0-469f-b53e-27cc6b75064b.jpg 449w, https:\/\/periodiconuevomilenio.com\/wp-content\/uploads\/2024\/05\/fac60879-9da0-469f-b53e-27cc6b75064b-300x237.jpg 300w\" sizes=\"auto, (max-width: 449px) 100vw, 449px\" \/><\/figure>\n\n\n","protected":false},"excerpt":{"rendered":"<p>Jaral del Progreso, Gto.- Un polic\u00eda de la Agencia de Investigaci\u00f3n Criminal cay\u00f3 abatido por balas de fuego<\/p>\n","protected":false},"author":1,"featured_media":13934,"comment_status":"open","ping_status":"open","sticky":false,"template":"","format":"standard","meta":{"jetpack_post_was_ever_published":false,"_jetpack_newsletter_access":"","_jetpack_dont_email_post_to_subs":false,"_jetpack_newsletter_tier_id":0,"_jetpack_memberships_contains_paywalled_content":false,"_jetpack_memberships_contains_paid_content":false,"footnotes":"","jetpack_publicize_message":"","jetpack_publicize_feature_enabled":false,"jetpack_social_post_already_shared":false,"jetpack_social_options":{"image_generator_settings":{"template":"highway","enabled":false},"version":2}},"categories":[31,34],"tags":[51,23],"class_list":["post-13933","post","type-post","status-publish","format-standard","has-post-thumbnail","hentry","category-estado","category-jaral-del-progreso","tag-estado","tag-jaral"],"jetpack_publicize_connections":[],"jetpack_sharing_enabled":true,"jetpack_featured_media_url":"https:\/\/periodiconuevomilenio.com\/wp-content\/uploads\/2024\/05\/fac60879-9da0-469f-b53e-27cc6b75064b.jpg","_links":{"self":[{"href":"https:\/\/periodiconuevomilenio.com\/index.php\/wp-json\/wp\/v2\/posts\/13933","targetHints":{"allow":["GET"]}}],"collection":[{"href":"https:\/\/periodiconuevomilenio.com\/index.php\/wp-json\/wp\/v2\/posts"}],"about":[{"href":"https:\/\/periodiconuevomilenio.com\/index.php\/wp-json\/wp\/v2\/types\/post"}],"author":[{"embeddable":true,"href":"https:\/\/periodiconuevomilenio.com\/index.php\/wp-json\/wp\/v2\/users\/1"}],"replies":[{"embeddable":true,"href":"https:\/\/periodiconuevomilenio.com\/index.php\/wp-json\/wp\/v2\/comments?post=13933"}],"version-history":[{"count":1,"href":"https:\/\/periodiconuevomilenio.com\/index.php\/wp-json\/wp\/v2\/posts\/13933\/revisions"}],"predecessor-version":[{"id":13935,"href":"https:\/\/periodiconuevomilenio.com\/index.php\/wp-json\/wp\/v2\/posts\/13933\/revisions\/13935"}],"wp:featuredmedia":[{"embeddable":true,"href":"https:\/\/periodiconuevomilenio.com\/index.php\/wp-json\/wp\/v2\/media\/13934"}],"wp:attachment":[{"href":"https:\/\/periodiconuevomilenio.com\/index.php\/wp-json\/wp\/v2\/media?parent=13933"}],"wp:term":[{"taxonomy":"category","embeddable":true,"href":"https:\/\/periodiconuevomilenio.com\/index.php\/wp-json\/wp\/v2\/categories?post=13933"},{"taxonomy":"post_tag","embeddable":true,"href":"https:\/\/periodiconuevomilenio.com\/index.php\/wp-json\/wp\/v2\/tags?post=13933"}],"curies":[{"name":"wp","href":"https:\/\/api.w.org\/{rel}","templated":true}]}}