{"id":13964,"date":"2024-05-03T09:34:08","date_gmt":"2024-05-03T15:34:08","guid":{"rendered":"https:\/\/periodiconuevomilenio.com\/?p=13964"},"modified":"2024-05-03T09:34:10","modified_gmt":"2024-05-03T15:34:10","slug":"hoy-festejamos-el-dia-de-la-santa-cruz","status":"publish","type":"post","link":"https:\/\/periodiconuevomilenio.com\/index.php\/2024\/05\/03\/hoy-festejamos-el-dia-de-la-santa-cruz\/","title":{"rendered":"Hoy festejamos el D\u00eda de la Santa Cruz."},"content":{"rendered":"\n<p>Ese elemento en el cual Jes\u00fas, despu\u00e9s de haber sido humillado, insultado, y obligado a cargar, fue puesto crucificado su cuerpo humano y morir por una deuda que nadie de nosotros pod\u00eda pagar, solamente \u00c9l y de esa manera.<\/p>\n\n\n\n<p>Esto nos remite a lo que todos y cada uno debemos a veces padecer, y nunca dejar de cargar con nuestra Cruz, es decir, con lo que venimos y debemos de hacer.<\/p>\n\n\n\n<p>Por lo general nos molesta sufrir y en primera instancia nos molestamos, nos enojamos, vociferamos y renegamos de las cargas que debemos llevar.<\/p>\n\n\n\n<p>Bueno es recordar lo que Jes\u00fas nos dice: \u201cEl camino f\u00e1cil y ancho no lleva al Padre\u201d.<\/p>\n\n\n\n<p>No nos gusta que algo, por m\u00ednimo que sea, nos mueva de nuestra zona de confort, sin entender que debemos estar en constante cambio y crecimiento.<\/p>\n\n\n\n<p>Lo que un d\u00eda funcion\u00f3, no m\u00e1s y es momento de dar vuelta a la p\u00e1gina y avanzar, subir otro escal\u00f3n evolutivo.<\/p>\n\n\n\n<p>Todo tiene un por qu\u00e9 y un para qu\u00e9, y ah\u00ed est\u00e1 la riqueza que deberemos descubrir, pues de otra manera se nos ha de repetir la lecci\u00f3n una y otra vez.<\/p>\n\n\n\n<p>As\u00ed pues, hoy que recordamos que somos imperfectos, y que todos debemos aceptar los designios de Dios, pidamos su ayuda para saber elegir el mejor camino, descubrir la ense\u00f1anza tras cada evento, que nos de su fortaleza, templanza, humildad para afrontar cada reto.<\/p>\n\n\n\n<p>Feliz d\u00eda de la Santa Cruz.<\/p>\n\n\n\n<p>Arturo Castro Rojas.<\/p>\n\n\n\n<figure class=\"wp-block-image size-large\"><img loading=\"lazy\" decoding=\"async\" width=\"1024\" height=\"1024\" src=\"https:\/\/periodiconuevomilenio.com\/wp-content\/uploads\/2024\/05\/392d5612-4b93-4561-b3eb-b89f597e0be8-1024x1024.jpg\" alt=\"\" class=\"wp-image-13965\" srcset=\"https:\/\/periodiconuevomilenio.com\/wp-content\/uploads\/2024\/05\/392d5612-4b93-4561-b3eb-b89f597e0be8-1024x1024.jpg 1024w, https:\/\/periodiconuevomilenio.com\/wp-content\/uploads\/2024\/05\/392d5612-4b93-4561-b3eb-b89f597e0be8-300x300.jpg 300w, https:\/\/periodiconuevomilenio.com\/wp-content\/uploads\/2024\/05\/392d5612-4b93-4561-b3eb-b89f597e0be8-150x150.jpg 150w, https:\/\/periodiconuevomilenio.com\/wp-content\/uploads\/2024\/05\/392d5612-4b93-4561-b3eb-b89f597e0be8-768x768.jpg 768w, https:\/\/periodiconuevomilenio.com\/wp-content\/uploads\/2024\/05\/392d5612-4b93-4561-b3eb-b89f597e0be8-350x350.jpg 350w, https:\/\/periodiconuevomilenio.com\/wp-content\/uploads\/2024\/05\/392d5612-4b93-4561-b3eb-b89f597e0be8.jpg 1080w\" sizes=\"auto, (max-width: 1024px) 100vw, 1024px\" \/><\/figure>\n\n\n","protected":false},"excerpt":{"rendered":"<p>Ese elemento en el cual Jes\u00fas, despu\u00e9s de haber sido humillado, insultado, y obligado a cargar, fue puesto<\/p>\n","protected":false},"author":1,"featured_media":13965,"comment_status":"open","ping_status":"open","sticky":false,"template":"","format":"standard","meta":{"jetpack_post_was_ever_published":false,"_jetpack_newsletter_access":"","_jetpack_dont_email_post_to_subs":false,"_jetpack_newsletter_tier_id":0,"_jetpack_memberships_contains_paywalled_content":false,"_jetpack_memberships_contains_paid_content":false,"footnotes":"","jetpack_publicize_message":"","jetpack_publicize_feature_enabled":false,"jetpack_social_post_already_shared":false,"jetpack_social_options":{"image_generator_settings":{"template":"highway","enabled":false},"version":2}},"categories":[43,39],"tags":[22],"class_list":["post-13964","post","type-post","status-publish","format-standard","has-post-thumbnail","hentry","category-editoriales","category-valle-de-santiago","tag-valle"],"jetpack_publicize_connections":[],"jetpack_sharing_enabled":true,"jetpack_featured_media_url":"https:\/\/periodiconuevomilenio.com\/wp-content\/uploads\/2024\/05\/392d5612-4b93-4561-b3eb-b89f597e0be8.jpg","_links":{"self":[{"href":"https:\/\/periodiconuevomilenio.com\/index.php\/wp-json\/wp\/v2\/posts\/13964","targetHints":{"allow":["GET"]}}],"collection":[{"href":"https:\/\/periodiconuevomilenio.com\/index.php\/wp-json\/wp\/v2\/posts"}],"about":[{"href":"https:\/\/periodiconuevomilenio.com\/index.php\/wp-json\/wp\/v2\/types\/post"}],"author":[{"embeddable":true,"href":"https:\/\/periodiconuevomilenio.com\/index.php\/wp-json\/wp\/v2\/users\/1"}],"replies":[{"embeddable":true,"href":"https:\/\/periodiconuevomilenio.com\/index.php\/wp-json\/wp\/v2\/comments?post=13964"}],"version-history":[{"count":1,"href":"https:\/\/periodiconuevomilenio.com\/index.php\/wp-json\/wp\/v2\/posts\/13964\/revisions"}],"predecessor-version":[{"id":13966,"href":"https:\/\/periodiconuevomilenio.com\/index.php\/wp-json\/wp\/v2\/posts\/13964\/revisions\/13966"}],"wp:featuredmedia":[{"embeddable":true,"href":"https:\/\/periodiconuevomilenio.com\/index.php\/wp-json\/wp\/v2\/media\/13965"}],"wp:attachment":[{"href":"https:\/\/periodiconuevomilenio.com\/index.php\/wp-json\/wp\/v2\/media?parent=13964"}],"wp:term":[{"taxonomy":"category","embeddable":true,"href":"https:\/\/periodiconuevomilenio.com\/index.php\/wp-json\/wp\/v2\/categories?post=13964"},{"taxonomy":"post_tag","embeddable":true,"href":"https:\/\/periodiconuevomilenio.com\/index.php\/wp-json\/wp\/v2\/tags?post=13964"}],"curies":[{"name":"wp","href":"https:\/\/api.w.org\/{rel}","templated":true}]}}