{"id":14086,"date":"2024-05-07T17:42:08","date_gmt":"2024-05-07T23:42:08","guid":{"rendered":"https:\/\/periodiconuevomilenio.com\/?p=14086"},"modified":"2024-05-07T17:42:10","modified_gmt":"2024-05-07T23:42:10","slug":"la-fiscalia-de-guanajuato-desarticulo-una-celula-delictiva-dedicada-al-secuestro-y-libero-a-una-victima-en-salamanca","status":"publish","type":"post","link":"https:\/\/periodiconuevomilenio.com\/index.php\/2024\/05\/07\/la-fiscalia-de-guanajuato-desarticulo-una-celula-delictiva-dedicada-al-secuestro-y-libero-a-una-victima-en-salamanca\/","title":{"rendered":"La Fiscal\u00eda de Guanajuato desarticul\u00f3 una c\u00e9lula delictiva dedicada al secuestro y liber\u00f3 a una v\u00edctima en Salamanca"},"content":{"rendered":"\n<p><strong>Los detenidos han sido vinculados a proceso penal por el delito de secuestro agravado<br>\u00a0<\/strong><br>Salamanca, Gto. 07 de mayo de 2024.- La Fiscal\u00eda de Guanajuato liber\u00f3 a una v\u00edctima de secuestro y desarticul\u00f3 al grupo delincuencial que la manten\u00eda privada de la libertad desde el pasado 23 de abril del a\u00f1o en curso, en la ciudad de Salamanca.<br><br>\u00a0De acuerdo al trabajo de inteligencia realizado por la Unidad Especializada en Combate al Secuestro, fue posible determinar la ubicaci\u00f3n de los presuntos secuestradores, quienes responden a los nombres de ALMA\u00a0EVELIN\u00a0\u201cN\u201d, SALVADOR \u201dN\u201d, BRYAN MICHEL \u201cN\u201d y DANIEL \u201cN\u201d.<br><br>Fue durante una intervenci\u00f3n t\u00e1ctica que los Agentes de Investigaci\u00f3n Criminal ingresaron al inmueble y rescataron sana y salva a la v\u00edctima, mientras los agresores eran neutralizados y capturados.<br><br>Un Juez de control analiz\u00f3 los elementos de prueba vertidos por el Fiscal y decret\u00f3 la legalidad de la detenci\u00f3n de los inculpados, ordenando que fueran vinculados a proceso penal por el delito de secuestro agravado, mientras esperan su sentencia en prisi\u00f3n.<\/p>\n\n\n\n<figure class=\"wp-block-image size-large\"><img loading=\"lazy\" decoding=\"async\" width=\"819\" height=\"1024\" src=\"https:\/\/periodiconuevomilenio.com\/wp-content\/uploads\/2024\/05\/thumbnail-819x1024.jpg\" alt=\"\" class=\"wp-image-14087\" srcset=\"https:\/\/periodiconuevomilenio.com\/wp-content\/uploads\/2024\/05\/thumbnail-819x1024.jpg 819w, https:\/\/periodiconuevomilenio.com\/wp-content\/uploads\/2024\/05\/thumbnail-240x300.jpg 240w, https:\/\/periodiconuevomilenio.com\/wp-content\/uploads\/2024\/05\/thumbnail-768x960.jpg 768w, https:\/\/periodiconuevomilenio.com\/wp-content\/uploads\/2024\/05\/thumbnail.jpg 1024w\" sizes=\"auto, (max-width: 819px) 100vw, 819px\" \/><\/figure>\n\n\n","protected":false},"excerpt":{"rendered":"<p>Los detenidos han sido vinculados a proceso penal por el delito de secuestro agravado\u00a0Salamanca, Gto. 07 de mayo<\/p>\n","protected":false},"author":1,"featured_media":14087,"comment_status":"open","ping_status":"open","sticky":false,"template":"","format":"standard","meta":{"jetpack_post_was_ever_published":false,"_jetpack_newsletter_access":"","_jetpack_dont_email_post_to_subs":false,"_jetpack_newsletter_tier_id":0,"_jetpack_memberships_contains_paywalled_content":false,"_jetpack_memberships_contains_paid_content":false,"footnotes":"","jetpack_publicize_message":"","jetpack_publicize_feature_enabled":false,"jetpack_social_post_already_shared":false,"jetpack_social_options":{"image_generator_settings":{"template":"highway","enabled":false},"version":2}},"categories":[31],"tags":[51],"class_list":["post-14086","post","type-post","status-publish","format-standard","has-post-thumbnail","hentry","category-estado","tag-estado"],"jetpack_publicize_connections":[],"jetpack_sharing_enabled":true,"jetpack_featured_media_url":"https:\/\/periodiconuevomilenio.com\/wp-content\/uploads\/2024\/05\/thumbnail.jpg","_links":{"self":[{"href":"https:\/\/periodiconuevomilenio.com\/index.php\/wp-json\/wp\/v2\/posts\/14086","targetHints":{"allow":["GET"]}}],"collection":[{"href":"https:\/\/periodiconuevomilenio.com\/index.php\/wp-json\/wp\/v2\/posts"}],"about":[{"href":"https:\/\/periodiconuevomilenio.com\/index.php\/wp-json\/wp\/v2\/types\/post"}],"author":[{"embeddable":true,"href":"https:\/\/periodiconuevomilenio.com\/index.php\/wp-json\/wp\/v2\/users\/1"}],"replies":[{"embeddable":true,"href":"https:\/\/periodiconuevomilenio.com\/index.php\/wp-json\/wp\/v2\/comments?post=14086"}],"version-history":[{"count":1,"href":"https:\/\/periodiconuevomilenio.com\/index.php\/wp-json\/wp\/v2\/posts\/14086\/revisions"}],"predecessor-version":[{"id":14088,"href":"https:\/\/periodiconuevomilenio.com\/index.php\/wp-json\/wp\/v2\/posts\/14086\/revisions\/14088"}],"wp:featuredmedia":[{"embeddable":true,"href":"https:\/\/periodiconuevomilenio.com\/index.php\/wp-json\/wp\/v2\/media\/14087"}],"wp:attachment":[{"href":"https:\/\/periodiconuevomilenio.com\/index.php\/wp-json\/wp\/v2\/media?parent=14086"}],"wp:term":[{"taxonomy":"category","embeddable":true,"href":"https:\/\/periodiconuevomilenio.com\/index.php\/wp-json\/wp\/v2\/categories?post=14086"},{"taxonomy":"post_tag","embeddable":true,"href":"https:\/\/periodiconuevomilenio.com\/index.php\/wp-json\/wp\/v2\/tags?post=14086"}],"curies":[{"name":"wp","href":"https:\/\/api.w.org\/{rel}","templated":true}]}}