{"id":14131,"date":"2024-05-08T20:13:59","date_gmt":"2024-05-09T02:13:59","guid":{"rendered":"https:\/\/periodiconuevomilenio.com\/?p=14131"},"modified":"2024-05-08T20:14:01","modified_gmt":"2024-05-09T02:14:01","slug":"vinculado-a-proceso-penal-por-desaparicion-de-personas-privacion-de-la-libertad-y-violacion-en-penjamo","status":"publish","type":"post","link":"https:\/\/periodiconuevomilenio.com\/index.php\/2024\/05\/08\/vinculado-a-proceso-penal-por-desaparicion-de-personas-privacion-de-la-libertad-y-violacion-en-penjamo\/","title":{"rendered":"Vinculado a proceso penal por desaparici\u00f3n de personas, privaci\u00f3n de la libertad y violaci\u00f3n, en P\u00e9njamo"},"content":{"rendered":"\n<p>P\u00e9njamo, Gto. 08 de mayo de 2024.- La Fiscal\u00eda de Guanajuato dej\u00f3 en prisi\u00f3n a hombre de 25 a\u00f1os de edad por su presunta responsabilidad en los delitos de desaparici\u00f3n de personas, privaci\u00f3n de la libertad y violaci\u00f3n, hechos registrados en el municipio de P\u00e9njamo.<\/p>\n\n\n\n<p>El 18 de abril de 2022, una ni\u00f1a qued\u00f3 bajo \u201ccuidado\u201d de JUAN LUIS \u201cN\u201d, quien les dio asilo en su domicilio a la menor y a su madre. Ese d\u00eda la ni\u00f1a comenz\u00f3 a llorar y al no poder parar su llanto, el tipo agredi\u00f3 f\u00edsicamente a la menor y la avent\u00f3 al suelo provocando que se golpeara en la cabeza y que dejara de moverse.<\/p>\n\n\n\n<p>El agresor le dijo a la madre que hombres armados se hab\u00edan robado a la ni\u00f1a y que ya hab\u00eda denunciado los hechos; desde ese momento, la mujer fue amenazada y encerrada en el domicilio.<\/p>\n\n\n\n<p>Durante varios meses la ofendida estuvo privada de su libertad y sufri\u00f3 de agresiones f\u00edsicas y sexuales hasta que pudo escapar de la finca.<\/p>\n\n\n\n<p>Al ser detenido y llevado ante un Juez, la Fiscal\u00eda present\u00f3 datos de prueba que acreditan la presunta responsabilidad de JUAN LUIS \u201cN\u201d, en la desaparici\u00f3n de la menor de iniciales V.G.V.H. y en los delitos de privaci\u00f3n de la libertad y violaci\u00f3n en agravio de la madre, por lo que el imputado permanece en la c\u00e1rcel en espera de ser sentenciado.<\/p>\n\n\n\n<figure class=\"wp-block-image size-large\"><img loading=\"lazy\" decoding=\"async\" width=\"819\" height=\"1024\" src=\"https:\/\/periodiconuevomilenio.com\/wp-content\/uploads\/2024\/05\/d72f03be-ce8d-4aeb-ab63-0ff08fb117a8-819x1024.jpg\" alt=\"\" class=\"wp-image-14132\" srcset=\"https:\/\/periodiconuevomilenio.com\/wp-content\/uploads\/2024\/05\/d72f03be-ce8d-4aeb-ab63-0ff08fb117a8-819x1024.jpg 819w, https:\/\/periodiconuevomilenio.com\/wp-content\/uploads\/2024\/05\/d72f03be-ce8d-4aeb-ab63-0ff08fb117a8-240x300.jpg 240w, https:\/\/periodiconuevomilenio.com\/wp-content\/uploads\/2024\/05\/d72f03be-ce8d-4aeb-ab63-0ff08fb117a8-768x960.jpg 768w, https:\/\/periodiconuevomilenio.com\/wp-content\/uploads\/2024\/05\/d72f03be-ce8d-4aeb-ab63-0ff08fb117a8-1024x1280.jpg 1024w, https:\/\/periodiconuevomilenio.com\/wp-content\/uploads\/2024\/05\/d72f03be-ce8d-4aeb-ab63-0ff08fb117a8.jpg 1080w\" sizes=\"auto, (max-width: 819px) 100vw, 819px\" \/><\/figure>\n\n\n","protected":false},"excerpt":{"rendered":"<p>P\u00e9njamo, Gto. 08 de mayo de 2024.- La Fiscal\u00eda de Guanajuato dej\u00f3 en prisi\u00f3n a hombre de 25<\/p>\n","protected":false},"author":1,"featured_media":14132,"comment_status":"open","ping_status":"open","sticky":false,"template":"","format":"standard","meta":{"jetpack_post_was_ever_published":false,"_jetpack_newsletter_access":"","_jetpack_dont_email_post_to_subs":false,"_jetpack_newsletter_tier_id":0,"_jetpack_memberships_contains_paywalled_content":false,"_jetpack_memberships_contains_paid_content":false,"footnotes":"","jetpack_publicize_message":"","jetpack_publicize_feature_enabled":false,"jetpack_social_post_already_shared":false,"jetpack_social_options":{"image_generator_settings":{"template":"highway","enabled":false},"version":2}},"categories":[36,48],"tags":[29],"class_list":["post-14131","post","type-post","status-publish","format-standard","has-post-thumbnail","hentry","category-penjamo","category-policiaca","tag-penjamo"],"jetpack_publicize_connections":[],"jetpack_sharing_enabled":true,"jetpack_featured_media_url":"https:\/\/periodiconuevomilenio.com\/wp-content\/uploads\/2024\/05\/d72f03be-ce8d-4aeb-ab63-0ff08fb117a8.jpg","_links":{"self":[{"href":"https:\/\/periodiconuevomilenio.com\/index.php\/wp-json\/wp\/v2\/posts\/14131","targetHints":{"allow":["GET"]}}],"collection":[{"href":"https:\/\/periodiconuevomilenio.com\/index.php\/wp-json\/wp\/v2\/posts"}],"about":[{"href":"https:\/\/periodiconuevomilenio.com\/index.php\/wp-json\/wp\/v2\/types\/post"}],"author":[{"embeddable":true,"href":"https:\/\/periodiconuevomilenio.com\/index.php\/wp-json\/wp\/v2\/users\/1"}],"replies":[{"embeddable":true,"href":"https:\/\/periodiconuevomilenio.com\/index.php\/wp-json\/wp\/v2\/comments?post=14131"}],"version-history":[{"count":1,"href":"https:\/\/periodiconuevomilenio.com\/index.php\/wp-json\/wp\/v2\/posts\/14131\/revisions"}],"predecessor-version":[{"id":14133,"href":"https:\/\/periodiconuevomilenio.com\/index.php\/wp-json\/wp\/v2\/posts\/14131\/revisions\/14133"}],"wp:featuredmedia":[{"embeddable":true,"href":"https:\/\/periodiconuevomilenio.com\/index.php\/wp-json\/wp\/v2\/media\/14132"}],"wp:attachment":[{"href":"https:\/\/periodiconuevomilenio.com\/index.php\/wp-json\/wp\/v2\/media?parent=14131"}],"wp:term":[{"taxonomy":"category","embeddable":true,"href":"https:\/\/periodiconuevomilenio.com\/index.php\/wp-json\/wp\/v2\/categories?post=14131"},{"taxonomy":"post_tag","embeddable":true,"href":"https:\/\/periodiconuevomilenio.com\/index.php\/wp-json\/wp\/v2\/tags?post=14131"}],"curies":[{"name":"wp","href":"https:\/\/api.w.org\/{rel}","templated":true}]}}