{"id":14200,"date":"2024-05-10T15:15:04","date_gmt":"2024-05-10T21:15:04","guid":{"rendered":"https:\/\/periodiconuevomilenio.com\/?p=14200"},"modified":"2024-05-10T15:15:07","modified_gmt":"2024-05-10T21:15:07","slug":"la-fiscalia-de-guanajuato-capturo-al-presunto-homicida-de-nicolas-apunalado-en-la-candelaria-leon","status":"publish","type":"post","link":"https:\/\/periodiconuevomilenio.com\/index.php\/2024\/05\/10\/la-fiscalia-de-guanajuato-capturo-al-presunto-homicida-de-nicolas-apunalado-en-la-candelaria-leon\/","title":{"rendered":"La Fiscal\u00eda de Guanajuato captur\u00f3 al presunto homicida de Nicol\u00e1s, apu\u00f1alado en La Candelaria, Le\u00f3n"},"content":{"rendered":"\n<p>Le\u00f3n, Gto. 10 de mayo de 2024.- La Fiscal\u00eda de Guanajuato obtuvo la vinculaci\u00f3n a proceso penal de JOS\u00c9 DOMINGO \u201cN\u201d, detenido como presunto responsable del homicidio de Nicol\u00e1s \u201cN\u201d, la madrugada del 26 de enero de 2024, en la ciudad de Le\u00f3n.<\/p>\n\n\n\n<p>Nicol\u00e1s perdi\u00f3 la vida a consecuencia de heridas producidas por objeto punzocortante que le infligieron en el t\u00f3rax y abdomen, aproximadamente a la 1:00 horas de la madrugada en la calle Mazatl\u00e1n esquina con calle Arroyo del Ejido, en la colonia La Candelaria.<\/p>\n\n\n\n<p>La Fiscal\u00eda inici\u00f3 las investigaciones e identific\u00f3 a JOS\u00c9 DOMINGO como presunto responsable, por lo que solicit\u00f3 una orden de aprehensi\u00f3n para su captura.<\/p>\n\n\n\n<p>Una vez en audiencia, el Juez analiz\u00f3 las pruebas que le present\u00f3 el Ministerio P\u00fablico y con base en ello determin\u00f3 que el acusado fuera recluido en prisi\u00f3n, vinculado a proceso penal mientras se ampl\u00eda la investigaci\u00f3n.<\/p>\n\n\n\n<figure class=\"wp-block-image size-large\"><img loading=\"lazy\" decoding=\"async\" width=\"819\" height=\"1024\" src=\"https:\/\/periodiconuevomilenio.com\/wp-content\/uploads\/2024\/05\/thumbnail-3-819x1024.jpg\" alt=\"\" class=\"wp-image-14201\" srcset=\"https:\/\/periodiconuevomilenio.com\/wp-content\/uploads\/2024\/05\/thumbnail-3-819x1024.jpg 819w, https:\/\/periodiconuevomilenio.com\/wp-content\/uploads\/2024\/05\/thumbnail-3-240x300.jpg 240w, https:\/\/periodiconuevomilenio.com\/wp-content\/uploads\/2024\/05\/thumbnail-3-768x960.jpg 768w, https:\/\/periodiconuevomilenio.com\/wp-content\/uploads\/2024\/05\/thumbnail-3-1024x1280.jpg 1024w, https:\/\/periodiconuevomilenio.com\/wp-content\/uploads\/2024\/05\/thumbnail-3.jpg 1080w\" sizes=\"auto, (max-width: 819px) 100vw, 819px\" \/><\/figure>\n\n\n","protected":false},"excerpt":{"rendered":"<p>Le\u00f3n, Gto. 10 de mayo de 2024.- La Fiscal\u00eda de Guanajuato obtuvo la vinculaci\u00f3n a proceso penal de<\/p>\n","protected":false},"author":1,"featured_media":14201,"comment_status":"open","ping_status":"open","sticky":false,"template":"","format":"standard","meta":{"jetpack_post_was_ever_published":false,"_jetpack_newsletter_access":"","_jetpack_dont_email_post_to_subs":false,"_jetpack_newsletter_tier_id":0,"_jetpack_memberships_contains_paywalled_content":false,"_jetpack_memberships_contains_paid_content":false,"footnotes":"","jetpack_publicize_message":"","jetpack_publicize_feature_enabled":false,"jetpack_social_post_already_shared":false,"jetpack_social_options":{"image_generator_settings":{"template":"highway","enabled":false},"version":2}},"categories":[31,48],"tags":[51],"class_list":["post-14200","post","type-post","status-publish","format-standard","has-post-thumbnail","hentry","category-estado","category-policiaca","tag-estado"],"jetpack_publicize_connections":[],"jetpack_sharing_enabled":true,"jetpack_featured_media_url":"https:\/\/periodiconuevomilenio.com\/wp-content\/uploads\/2024\/05\/thumbnail-3.jpg","_links":{"self":[{"href":"https:\/\/periodiconuevomilenio.com\/index.php\/wp-json\/wp\/v2\/posts\/14200","targetHints":{"allow":["GET"]}}],"collection":[{"href":"https:\/\/periodiconuevomilenio.com\/index.php\/wp-json\/wp\/v2\/posts"}],"about":[{"href":"https:\/\/periodiconuevomilenio.com\/index.php\/wp-json\/wp\/v2\/types\/post"}],"author":[{"embeddable":true,"href":"https:\/\/periodiconuevomilenio.com\/index.php\/wp-json\/wp\/v2\/users\/1"}],"replies":[{"embeddable":true,"href":"https:\/\/periodiconuevomilenio.com\/index.php\/wp-json\/wp\/v2\/comments?post=14200"}],"version-history":[{"count":1,"href":"https:\/\/periodiconuevomilenio.com\/index.php\/wp-json\/wp\/v2\/posts\/14200\/revisions"}],"predecessor-version":[{"id":14202,"href":"https:\/\/periodiconuevomilenio.com\/index.php\/wp-json\/wp\/v2\/posts\/14200\/revisions\/14202"}],"wp:featuredmedia":[{"embeddable":true,"href":"https:\/\/periodiconuevomilenio.com\/index.php\/wp-json\/wp\/v2\/media\/14201"}],"wp:attachment":[{"href":"https:\/\/periodiconuevomilenio.com\/index.php\/wp-json\/wp\/v2\/media?parent=14200"}],"wp:term":[{"taxonomy":"category","embeddable":true,"href":"https:\/\/periodiconuevomilenio.com\/index.php\/wp-json\/wp\/v2\/categories?post=14200"},{"taxonomy":"post_tag","embeddable":true,"href":"https:\/\/periodiconuevomilenio.com\/index.php\/wp-json\/wp\/v2\/tags?post=14200"}],"curies":[{"name":"wp","href":"https:\/\/api.w.org\/{rel}","templated":true}]}}