{"id":1428,"date":"2023-03-20T00:47:02","date_gmt":"2023-03-20T06:47:02","guid":{"rendered":"https:\/\/periodiconuevomilenio.com\/?p=1428"},"modified":"2023-03-20T01:34:58","modified_gmt":"2023-03-20T07:34:58","slug":"llego-muerto-al-hospital","status":"publish","type":"post","link":"https:\/\/periodiconuevomilenio.com\/index.php\/2023\/03\/20\/llego-muerto-al-hospital\/","title":{"rendered":"<strong>Llego Muerto al&nbsp; Hospital.<\/strong>"},"content":{"rendered":"\n<ul class=\"wp-block-list\">\n<li>Un joven originario de los Mart\u00ednez Fue atacado a tiros<\/li>\n<\/ul>\n\n\n\n<p>VALLE DE SANTIAGO, GTO.- Un hombre que fue baleado en hechos ocurridos en la comunidad de los Mart\u00ednez,&nbsp; fue trasladado de emergencia al hospital Bicentenario, cuando ingresaba para su atenci\u00f3n determinaron que ya se encontraba sin vida, se le aprecio una herida de bala a&nbsp; la altura del cuello.<\/p>\n\n\n\n<p>De acuerdo a los informes de la Comisaria de seguridad p\u00fablica de este hecho fueron informados a trav\u00e9s del sistema de emergencia&nbsp; este domingo 19 de marzo, avisando que en el hospital hab\u00eda llegado una persona sin vida, la cual presentaba heridas a causa de bala.<\/p>\n\n\n\n<p>Los elementos de la Polic\u00eda cuando hicieron su arribo al hospital Bicentenario y tras confirmar el hecho, platicaron&nbsp; con la hermana del lesionado, misma que indico que hab\u00eda trasladado a su hermano desde la comunidad de Los Mart\u00ednez&nbsp; a bordo de un veh\u00edculo tipo sed\u00e1n, marca Volkswagen, Jetta, color negro .<\/p>\n\n\n\n<p>Fue&nbsp; identificado como Jos\u00e9 Roberto&nbsp; de 18 a\u00f1os de edad, con domicilio en la&nbsp; Comunidad Los Mart\u00ednez,&nbsp; el cual presentaba&nbsp; un impacto de arma a la altura del cuello.<\/p>\n\n\n\n<p>&nbsp;De igual manera la hermana del occiso indico que los responsables fueron tres personas, dos de sexo femenino y uno de sexo masculino, quienes arribaron a bordo de una motocicleta, y una camioneta.<\/p>\n\n\n\n<p>Se dio aviso a la fiscal\u00eda del estado qui\u00e9n envi\u00f3 al hospital agentes de investigaci\u00f3n criminal quienes abrieron una carpeta de investigaci\u00f3n y reunieron los datos necesarios para comenzar a indagar sobre este asesinato y poder dar con los responsables.<\/p>\n","protected":false},"excerpt":{"rendered":"<p>VALLE DE SANTIAGO, GTO.- Un hombre que fue baleado en hechos ocurridos en la comunidad de los Mart\u00ednez,&nbsp;<\/p>\n","protected":false},"author":1,"featured_media":1429,"comment_status":"open","ping_status":"open","sticky":false,"template":"","format":"standard","meta":{"jetpack_post_was_ever_published":false,"_jetpack_newsletter_access":"","_jetpack_dont_email_post_to_subs":false,"_jetpack_newsletter_tier_id":0,"_jetpack_memberships_contains_paywalled_content":false,"_jetpack_memberships_contains_paid_content":false,"footnotes":"","jetpack_publicize_message":"","jetpack_publicize_feature_enabled":false,"jetpack_social_post_already_shared":false,"jetpack_social_options":{"image_generator_settings":{"template":"highway","enabled":false},"version":2}},"categories":[48,39],"tags":[22],"class_list":["post-1428","post","type-post","status-publish","format-standard","has-post-thumbnail","hentry","category-policiaca","category-valle-de-santiago","tag-valle"],"jetpack_publicize_connections":[],"jetpack_sharing_enabled":true,"jetpack_featured_media_url":"https:\/\/periodiconuevomilenio.com\/wp-content\/uploads\/2023\/03\/f0c056c7-89a2-4e8a-9ca8-14447f29b5f9.jpg","_links":{"self":[{"href":"https:\/\/periodiconuevomilenio.com\/index.php\/wp-json\/wp\/v2\/posts\/1428","targetHints":{"allow":["GET"]}}],"collection":[{"href":"https:\/\/periodiconuevomilenio.com\/index.php\/wp-json\/wp\/v2\/posts"}],"about":[{"href":"https:\/\/periodiconuevomilenio.com\/index.php\/wp-json\/wp\/v2\/types\/post"}],"author":[{"embeddable":true,"href":"https:\/\/periodiconuevomilenio.com\/index.php\/wp-json\/wp\/v2\/users\/1"}],"replies":[{"embeddable":true,"href":"https:\/\/periodiconuevomilenio.com\/index.php\/wp-json\/wp\/v2\/comments?post=1428"}],"version-history":[{"count":1,"href":"https:\/\/periodiconuevomilenio.com\/index.php\/wp-json\/wp\/v2\/posts\/1428\/revisions"}],"predecessor-version":[{"id":1430,"href":"https:\/\/periodiconuevomilenio.com\/index.php\/wp-json\/wp\/v2\/posts\/1428\/revisions\/1430"}],"wp:featuredmedia":[{"embeddable":true,"href":"https:\/\/periodiconuevomilenio.com\/index.php\/wp-json\/wp\/v2\/media\/1429"}],"wp:attachment":[{"href":"https:\/\/periodiconuevomilenio.com\/index.php\/wp-json\/wp\/v2\/media?parent=1428"}],"wp:term":[{"taxonomy":"category","embeddable":true,"href":"https:\/\/periodiconuevomilenio.com\/index.php\/wp-json\/wp\/v2\/categories?post=1428"},{"taxonomy":"post_tag","embeddable":true,"href":"https:\/\/periodiconuevomilenio.com\/index.php\/wp-json\/wp\/v2\/tags?post=1428"}],"curies":[{"name":"wp","href":"https:\/\/api.w.org\/{rel}","templated":true}]}}