{"id":14305,"date":"2024-05-14T22:49:06","date_gmt":"2024-05-15T04:49:06","guid":{"rendered":"https:\/\/periodiconuevomilenio.com\/?p=14305"},"modified":"2024-05-14T22:49:10","modified_gmt":"2024-05-15T04:49:10","slug":"culminan-sus-carreras-al-servicio-de-la-educacion-de-ninas-y-ninos-de-guanajuato","status":"publish","type":"post","link":"https:\/\/periodiconuevomilenio.com\/index.php\/2024\/05\/14\/culminan-sus-carreras-al-servicio-de-la-educacion-de-ninas-y-ninos-de-guanajuato\/","title":{"rendered":"Culminan sus carreras al servicio de la educaci\u00f3n de ni\u00f1as y ni\u00f1os de Guanajuato"},"content":{"rendered":"\n<p><strong>Valle de Santiago, Gto. 14 de mayo de 2024.-<\/strong>&nbsp;Previo a los festejos por el D\u00eda del Maestro, la Delegaci\u00f3n regional VI, la Supervisi\u00f3n Escolar 509 de Primarias y la representaci\u00f3n sindical de la secci\u00f3n 45 del Sindicato Nacional de Trabajadores de la Educaci\u00f3n (SNTE) reconocieron la trayectoria de tres docentes, quienes alcanzaron su jubilaci\u00f3n tras a\u00f1os entregados a la formaci\u00f3n de ni\u00f1as y ni\u00f1os.<\/p>\n\n\n\n<p>Las autoridades educativas y sindicales reconocieron el gran camino recorrido por parte de las maestras y el maestro que a partir de este d\u00eda comenzar\u00e1n a disfrutar del retiro, de un retiro activo, ya que se trata de personas con mucha iniciativa, con muchas ganas de seguir construyendo por sus hijas e hijos, por sus nietas y nietos y por ellas y ellos mismos.<\/p>\n\n\n\n<p>Primeramente, recibi\u00f3 su reconocimiento la maestra Mar\u00eda Estela Garc\u00eda Villag\u00f3mez, a quien, en sus propias palabras, el destino le ten\u00eda predestinado que su vocaci\u00f3n ser\u00eda la docencia, es por ello que curs\u00f3 la licenciatura en educaci\u00f3n en la UPN de Celaya Unidad 112 Generaci\u00f3n 2001 \u2013 2005. Posteriormente, curso la Maestr\u00eda en Innovaci\u00f3n Educativa en La UPN con subsede en Valle de Santiago. Obtuvo su nombramiento de base de maestra de primaria en octubre de 1993, comisionada al mismo tiempo al Programa de Salud Escolar en Valle de Santiago, Gto.<\/p>\n\n\n\n<p>En el a\u00f1o de 1995 la comisionaron al CEDE (Centro de Desarrollo Educativo) de Valle de Santiago, como Asesor T\u00e9cnico Pedag\u00f3gico, en donde tuvo la oportunidad de apoyar a directores y maestros de nivel b\u00e1sico.<\/p>\n\n\n\n<p>Para el 2012 obtuvo su 2da base a la escuela Miguel Hidalgo de la comunidad de Cerro prieto del Carmen en Valle de Santiago. Obtuvo una comisi\u00f3n como ATP de la zona 534 del mismo municipio, con el Supervisor Miguel Ruiz Ramos. Para el Ciclo 2013- 2014 obtuvo su cambio a la Escuela Ni\u00f1os H\u00e9roes, tambi\u00e9n en el municipio de las siete luminarias en el turno matutino.<\/p>\n\n\n\n<p>Para el ciclo 2014 \u2013 2015 trabaj\u00f3 en la Escuela Bicentenario de la Independencia en el municipio de Salamanca.<\/p>\n\n\n\n<p>Impulsada por el deseo de conocer nuevos lugares y formas de trabajo dej\u00f3 la Escuela Emiliano Zapata y obtuvo su cambio en el a\u00f1o 2017 a la Escuela La Corregidora y en el turno vespertino en el a\u00f1o 2015 se cambi\u00f3 a la Escuela Profra. Josefina Ch\u00e1vez G, este \u00faltimo hasta el final de su carrera, todas ellas en Valle de Santiago.<\/p>\n\n\n\n<p>Por su parte, la maestra Elvira Butanda Villag\u00f3mez, quien en el a\u00f1o de 1983, inicia a trabajar como maestra cubriendo un interinato en la escuela primaria de la Comunidad de Pegueros, y contin\u00faa con otro en la Comunidad de Rancho Seco de Guantes ambos del sistema federal perteneciente a Valle de Santiago.<\/p>\n\n\n\n<p>En el mes de septiembre de 1984, le otorgan su base en la primaria de Cerro Colorado en Coroneo, de ah\u00ed obtuvo su cambio y lleg\u00f3 a la primaria Urbana No. 2 Ni\u00f1os H\u00e9roes en el municipio de Valle de Santiago, al llegar ah\u00ed la ubican en el turno vespertino, porque en ese tiempo la escuela laboraba en dos turnos, ah\u00ed permaneci\u00f3 por 7 a\u00f1os.<\/p>\n\n\n\n<p>Al mismo tiempo que se desempe\u00f1aba como docente de primaria, ingresa a laborar como maestra de Secundaria; en el mes de septiembre de 1989 comenz\u00f3 a impartir la asignatura de matem\u00e1ticas en la Secundaria Quetzalc\u00f3atl durante 2 a\u00f1os, despu\u00e9s se cambi\u00f3 a la Secundaria T\u00e9cnica No. 20 tambi\u00e9n en Valle de Santiago, instituci\u00f3n donde permanece hasta el 15 de enero del a\u00f1o 2017, momento en el cual decide retirarse del sistema federal.<\/p>\n\n\n\n<p>En el sistema estatal, siendo profesora de la primaria Elpidia Vera Mart\u00ednez en la misma ciudad, para ese momento ya se hab\u00eda dividido la escuela Ni\u00f1os H\u00e9roes en dos turnos, se cambia a la escuela Miguel Hidalgo donde permaneci\u00f3 hasta 1999, a\u00f1o en el cual obtuvo su ascenso a directora, funci\u00f3n que desempe\u00f1o inicialmente en la primaria Urbana No. 7 del municipio de Cortazar.<\/p>\n\n\n\n<p>En el a\u00f1o 2000 participa en cambios y obtiene la direcci\u00f3n de la primaria Ni\u00f1os H\u00e9roes; &nbsp;en esa instituci\u00f3n permaneci\u00f3 por m\u00e1s de 23 a\u00f1os, hasta el momento que decide jubilarse despu\u00e9s de dedicar 40 a\u00f1os y &nbsp;2 meses al servicio de la educaci\u00f3n.<\/p>\n\n\n\n<p>Finalmente, recibi\u00f3 su reconocimiento el maestro Manuel Pallares Mart\u00ednez, quien comenz\u00f3 hace en 1981, un 1 de septiembre, en una comunidad llamada Parangarico en Yuriria, por un lapso de 4 a\u00f1os, fue el arranque de su trabajo, otra etapa en Valle de Santiago en la delegaci\u00f3n D-1-37 en Cerro Colorado se mantuvo por 17 a\u00f1os, incluyendo ah\u00ed la funci\u00f3n de secretario delegacional por un periodo de tres a\u00f1os, permitiendo realizar un trabajo colaborativo con maestros, atendiendo necesidades y buscando nuevas oportunidades para sus entonces compa\u00f1eros.<\/p>\n\n\n\n<p>Siguiendo su trayectoria docente se integra a la escuela primaria Rodolfo R. Ram\u00edrez en Valle de Santiago por un periodo de 4 a\u00f1os. Al t\u00e9rmino de este tiempo realizo tambi\u00e9n la funci\u00f3n de ATP en la zona escolar 534 de primarias por 10 a\u00f1os; parte de sus metas y proyectos lo llevaron a la transici\u00f3n como director de primaria, llegando a la comunidad de Juan Mart\u00edn en Celaya, posteriormente se traslada a Cortazar por un a\u00f1o, para llegar finalmente a Valle de Santiago, &nbsp;cumpliendo 9 a\u00f1os continuos como director en la Escuela Elpidia Vera Mart\u00ednez.<\/p>\n\n\n\n<p>La celebraci\u00f3n estuvo enmarcada por la participaci\u00f3n del profesor Luis Enrique Ortiz, docente de la Escuela Primaria Elpidia Vera Mart\u00ednez, quien comparti\u00f3 su proyecto Emoci\u00f3nate, posteriormente, el profesor Felipe Yair Lemus docente de educaci\u00f3n f\u00edsica en la primaria La Corregidora, quien interpret\u00f3 un par de canciones.<\/p>\n\n\n\n<figure class=\"wp-block-gallery has-nested-images columns-default is-cropped wp-block-gallery-1 is-layout-flex wp-block-gallery-is-layout-flex\">\n<figure class=\"wp-block-image size-large\"><img loading=\"lazy\" decoding=\"async\" width=\"1024\" height=\"768\" data-id=\"14310\" src=\"https:\/\/periodiconuevomilenio.com\/wp-content\/uploads\/2024\/05\/39c478b2-ab25-4309-9f0f-ebc6e3926323-1024x768.jpg\" alt=\"\" class=\"wp-image-14310\" srcset=\"https:\/\/periodiconuevomilenio.com\/wp-content\/uploads\/2024\/05\/39c478b2-ab25-4309-9f0f-ebc6e3926323-1024x768.jpg 1024w, https:\/\/periodiconuevomilenio.com\/wp-content\/uploads\/2024\/05\/39c478b2-ab25-4309-9f0f-ebc6e3926323-300x225.jpg 300w, https:\/\/periodiconuevomilenio.com\/wp-content\/uploads\/2024\/05\/39c478b2-ab25-4309-9f0f-ebc6e3926323-768x576.jpg 768w, https:\/\/periodiconuevomilenio.com\/wp-content\/uploads\/2024\/05\/39c478b2-ab25-4309-9f0f-ebc6e3926323.jpg 1280w\" sizes=\"auto, (max-width: 1024px) 100vw, 1024px\" \/><\/figure>\n\n\n\n<figure class=\"wp-block-image size-large\"><img loading=\"lazy\" decoding=\"async\" width=\"1024\" height=\"768\" data-id=\"14312\" src=\"https:\/\/periodiconuevomilenio.com\/wp-content\/uploads\/2024\/05\/2d781b21-8e56-4c57-907a-2fb3d81030ac-1024x768.jpg\" alt=\"\" class=\"wp-image-14312\" srcset=\"https:\/\/periodiconuevomilenio.com\/wp-content\/uploads\/2024\/05\/2d781b21-8e56-4c57-907a-2fb3d81030ac-1024x768.jpg 1024w, https:\/\/periodiconuevomilenio.com\/wp-content\/uploads\/2024\/05\/2d781b21-8e56-4c57-907a-2fb3d81030ac-300x225.jpg 300w, https:\/\/periodiconuevomilenio.com\/wp-content\/uploads\/2024\/05\/2d781b21-8e56-4c57-907a-2fb3d81030ac-768x576.jpg 768w, https:\/\/periodiconuevomilenio.com\/wp-content\/uploads\/2024\/05\/2d781b21-8e56-4c57-907a-2fb3d81030ac.jpg 1280w\" sizes=\"auto, (max-width: 1024px) 100vw, 1024px\" \/><\/figure>\n\n\n\n<figure class=\"wp-block-image size-large\"><img loading=\"lazy\" decoding=\"async\" width=\"768\" height=\"1024\" data-id=\"14311\" src=\"https:\/\/periodiconuevomilenio.com\/wp-content\/uploads\/2024\/05\/Elvira-Butanda-Villagomez-768x1024.jpg\" alt=\"\" class=\"wp-image-14311\" srcset=\"https:\/\/periodiconuevomilenio.com\/wp-content\/uploads\/2024\/05\/Elvira-Butanda-Villagomez-768x1024.jpg 768w, https:\/\/periodiconuevomilenio.com\/wp-content\/uploads\/2024\/05\/Elvira-Butanda-Villagomez-225x300.jpg 225w, https:\/\/periodiconuevomilenio.com\/wp-content\/uploads\/2024\/05\/Elvira-Butanda-Villagomez.jpg 960w\" sizes=\"auto, (max-width: 768px) 100vw, 768px\" \/><\/figure>\n<\/figure>\n\n\n\n<figure class=\"wp-block-gallery has-nested-images columns-default is-cropped wp-block-gallery-2 is-layout-flex wp-block-gallery-is-layout-flex\">\n<figure class=\"wp-block-image size-large\"><img loading=\"lazy\" decoding=\"async\" width=\"1024\" height=\"768\" data-id=\"14307\" src=\"https:\/\/periodiconuevomilenio.com\/wp-content\/uploads\/2024\/05\/b209a17f-b4a5-42d6-b188-b032d03d85d7-1024x768.jpg\" alt=\"\" class=\"wp-image-14307\" srcset=\"https:\/\/periodiconuevomilenio.com\/wp-content\/uploads\/2024\/05\/b209a17f-b4a5-42d6-b188-b032d03d85d7-1024x768.jpg 1024w, https:\/\/periodiconuevomilenio.com\/wp-content\/uploads\/2024\/05\/b209a17f-b4a5-42d6-b188-b032d03d85d7-300x225.jpg 300w, https:\/\/periodiconuevomilenio.com\/wp-content\/uploads\/2024\/05\/b209a17f-b4a5-42d6-b188-b032d03d85d7-768x576.jpg 768w, https:\/\/periodiconuevomilenio.com\/wp-content\/uploads\/2024\/05\/b209a17f-b4a5-42d6-b188-b032d03d85d7.jpg 1280w\" sizes=\"auto, (max-width: 1024px) 100vw, 1024px\" \/><\/figure>\n\n\n\n<figure class=\"wp-block-image size-large\"><img loading=\"lazy\" decoding=\"async\" width=\"768\" height=\"1024\" data-id=\"14308\" src=\"https:\/\/periodiconuevomilenio.com\/wp-content\/uploads\/2024\/05\/Maria-Estela-Garcia-Villagomez-768x1024.jpg\" alt=\"\" class=\"wp-image-14308\" srcset=\"https:\/\/periodiconuevomilenio.com\/wp-content\/uploads\/2024\/05\/Maria-Estela-Garcia-Villagomez-768x1024.jpg 768w, https:\/\/periodiconuevomilenio.com\/wp-content\/uploads\/2024\/05\/Maria-Estela-Garcia-Villagomez-225x300.jpg 225w, https:\/\/periodiconuevomilenio.com\/wp-content\/uploads\/2024\/05\/Maria-Estela-Garcia-Villagomez.jpg 960w\" sizes=\"auto, (max-width: 768px) 100vw, 768px\" \/><\/figure>\n\n\n\n<figure class=\"wp-block-image size-large\"><img loading=\"lazy\" decoding=\"async\" width=\"768\" height=\"1024\" data-id=\"14306\" src=\"https:\/\/periodiconuevomilenio.com\/wp-content\/uploads\/2024\/05\/Manuel-Pallares-Martinez-768x1024-1.jpg\" alt=\"\" class=\"wp-image-14306\" srcset=\"https:\/\/periodiconuevomilenio.com\/wp-content\/uploads\/2024\/05\/Manuel-Pallares-Martinez-768x1024-1.jpg 768w, https:\/\/periodiconuevomilenio.com\/wp-content\/uploads\/2024\/05\/Manuel-Pallares-Martinez-768x1024-1-225x300.jpg 225w\" sizes=\"auto, (max-width: 768px) 100vw, 768px\" \/><\/figure>\n\n\n\n<figure class=\"wp-block-image size-large\"><img loading=\"lazy\" decoding=\"async\" width=\"1024\" height=\"768\" data-id=\"14309\" src=\"https:\/\/periodiconuevomilenio.com\/wp-content\/uploads\/2024\/05\/370866b0-898a-426c-a5b5-af707b7a0cc1-1024x768.jpg\" alt=\"\" class=\"wp-image-14309\" srcset=\"https:\/\/periodiconuevomilenio.com\/wp-content\/uploads\/2024\/05\/370866b0-898a-426c-a5b5-af707b7a0cc1-1024x768.jpg 1024w, https:\/\/periodiconuevomilenio.com\/wp-content\/uploads\/2024\/05\/370866b0-898a-426c-a5b5-af707b7a0cc1-300x225.jpg 300w, https:\/\/periodiconuevomilenio.com\/wp-content\/uploads\/2024\/05\/370866b0-898a-426c-a5b5-af707b7a0cc1-768x576.jpg 768w, https:\/\/periodiconuevomilenio.com\/wp-content\/uploads\/2024\/05\/370866b0-898a-426c-a5b5-af707b7a0cc1.jpg 1280w\" sizes=\"auto, (max-width: 1024px) 100vw, 1024px\" \/><\/figure>\n<\/figure>\n\n\n\n<figure class=\"wp-block-gallery has-nested-images columns-default is-cropped wp-block-gallery-3 is-layout-flex wp-block-gallery-is-layout-flex\"><\/figure>\n","protected":false},"excerpt":{"rendered":"<p>Valle de Santiago, Gto. 14 de mayo de 2024.-&nbsp;Previo a los festejos por el D\u00eda del Maestro, la<\/p>\n","protected":false},"author":1,"featured_media":14309,"comment_status":"open","ping_status":"open","sticky":false,"template":"","format":"standard","meta":{"jetpack_post_was_ever_published":false,"_jetpack_newsletter_access":"","_jetpack_dont_email_post_to_subs":false,"_jetpack_newsletter_tier_id":0,"_jetpack_memberships_contains_paywalled_content":false,"_jetpack_memberships_contains_paid_content":false,"footnotes":"","jetpack_publicize_message":"","jetpack_publicize_feature_enabled":false,"jetpack_social_post_already_shared":false,"jetpack_social_options":{"image_generator_settings":{"template":"highway","enabled":false},"version":2}},"categories":[39],"tags":[22],"class_list":["post-14305","post","type-post","status-publish","format-standard","has-post-thumbnail","hentry","category-valle-de-santiago","tag-valle"],"jetpack_publicize_connections":[],"jetpack_sharing_enabled":true,"jetpack_featured_media_url":"https:\/\/periodiconuevomilenio.com\/wp-content\/uploads\/2024\/05\/370866b0-898a-426c-a5b5-af707b7a0cc1.jpg","_links":{"self":[{"href":"https:\/\/periodiconuevomilenio.com\/index.php\/wp-json\/wp\/v2\/posts\/14305","targetHints":{"allow":["GET"]}}],"collection":[{"href":"https:\/\/periodiconuevomilenio.com\/index.php\/wp-json\/wp\/v2\/posts"}],"about":[{"href":"https:\/\/periodiconuevomilenio.com\/index.php\/wp-json\/wp\/v2\/types\/post"}],"author":[{"embeddable":true,"href":"https:\/\/periodiconuevomilenio.com\/index.php\/wp-json\/wp\/v2\/users\/1"}],"replies":[{"embeddable":true,"href":"https:\/\/periodiconuevomilenio.com\/index.php\/wp-json\/wp\/v2\/comments?post=14305"}],"version-history":[{"count":1,"href":"https:\/\/periodiconuevomilenio.com\/index.php\/wp-json\/wp\/v2\/posts\/14305\/revisions"}],"predecessor-version":[{"id":14313,"href":"https:\/\/periodiconuevomilenio.com\/index.php\/wp-json\/wp\/v2\/posts\/14305\/revisions\/14313"}],"wp:featuredmedia":[{"embeddable":true,"href":"https:\/\/periodiconuevomilenio.com\/index.php\/wp-json\/wp\/v2\/media\/14309"}],"wp:attachment":[{"href":"https:\/\/periodiconuevomilenio.com\/index.php\/wp-json\/wp\/v2\/media?parent=14305"}],"wp:term":[{"taxonomy":"category","embeddable":true,"href":"https:\/\/periodiconuevomilenio.com\/index.php\/wp-json\/wp\/v2\/categories?post=14305"},{"taxonomy":"post_tag","embeddable":true,"href":"https:\/\/periodiconuevomilenio.com\/index.php\/wp-json\/wp\/v2\/tags?post=14305"}],"curies":[{"name":"wp","href":"https:\/\/api.w.org\/{rel}","templated":true}]}}