{"id":1439,"date":"2023-03-20T10:48:23","date_gmt":"2023-03-20T16:48:23","guid":{"rendered":"https:\/\/periodiconuevomilenio.com\/?p=1439"},"modified":"2023-03-20T10:48:25","modified_gmt":"2023-03-20T16:48:25","slug":"una-boda-de-madrugada-1895","status":"publish","type":"post","link":"https:\/\/periodiconuevomilenio.com\/index.php\/2023\/03\/20\/una-boda-de-madrugada-1895\/","title":{"rendered":"Una Boda de Madrugada 1895."},"content":{"rendered":"\n<h4 class=\"wp-block-heading\" id=\"jsc_c_rl\"><a href=\"https:\/\/www.facebook.com\/profile.php?id=100047287425858&amp;__cft__[0]=AZWR5oSA1ofKx0gq465INKj00946SN8pHw1LRHmG9GoEndbLHHezKC6Z9BkFBZMVvos1njdfXcTb6JfQwO5u4SnDI_gCyUVoxRtbyA_rSxEvkpPtaJB2admySbPiNP3pwb3YhdsiFtxm44RXOh3UIcMJG36KGAZzRcSs_3T6ZSsTOW8nBpesQcfu9hHUnsYWzm0&amp;__tn__=-UC%2CP-R\"><strong>Valle de Santiago Historia y Tradiciones.<\/strong><\/a><\/h4>\n\n\n\n<p><a href=\"https:\/\/www.facebook.com\/permalink.php?story_fbid=pfbid02DL1SKZw98GdGEugwU7ZanmxFf2PV6PvcJS19UPxvVQVz4k56QV7qsM5cRKmLvRKQl&amp;id=100047287425858&amp;__cft__[0]=AZWR5oSA1ofKx0gq465INKj00946SN8pHw1LRHmG9GoEndbLHHezKC6Z9BkFBZMVvos1njdfXcTb6JfQwO5u4SnDI_gCyUVoxRtbyA_rSxEvkpPtaJB2admySbPiNP3pwb3YhdsiFtxm44RXOh3UIcMJG36KGAZzRcSs_3T6ZSsTOW8nBpesQcfu9hHUnsYWzm0&amp;__tn__=%2CO%2CP-R\"><\/a>&nbsp;&nbsp;\u00b7&nbsp;<\/p>\n\n\n\n<p><a href=\"https:\/\/www.facebook.com\/#\"><\/a><\/p>\n\n\n\n<p>El t\u00edtulo de esta publicaci\u00f3n puede parecer extra\u00f1o, pues los enlaces matrimoniales religiosos suelen celebrarse en los horarios tradicionalmente establecidos, m\u00e1s no siempre fue as\u00ed. En esta ocasi\u00f3n publico una bell\u00edsima fotograf\u00eda de estudio de una pareja de novios pertenecientes a la \u00e9lite econ\u00f3mica vallense de finales del siglo XIX, adem\u00e1s anexo a esta publicaci\u00f3n una imagen con la invitaci\u00f3n a la ceremonia religiosa fechada para celebrarse <a><\/a>un lunes 10 de junio de 1895 en la Iglesia Parroquial del Valle de Santiago, lo sorprendente de esta participaci\u00f3n matrimonial, es que la cita para este enlace religioso es en punto de las 4 de la ma\u00f1ana, lo cual parecer\u00eda ser un error de imprenta pero no es as\u00ed. Investigando, he encontrado poca informaci\u00f3n de los porqu\u00e9s de las bodas por la madrugada, detectando todas las referencias en algunas poblaciones en Espa\u00f1a, donde sol\u00edan celebrarse los enlaces matrimoniales religiosos incluso de manera poco frecuente desde las 4, las 5 o 6 de la ma\u00f1ana, m\u00e1s no hay una postura objetiva del motivo de ello, concluyendo, que se trata de un asunto de moda de finales del siglo XIX. Conociendo este antecedente, me pregunto si pudo influir el origen espa\u00f1ol del padre del contrayente en esta decisi\u00f3n, no lo sabemos. Pero ahora veamos quienes conformaban esta distinguida pareja vallense, la joven novia era Margarita Franco Albarr\u00e1n de 20 a\u00f1os de edad, hija del General Francisco Franco, jefe pol\u00edtico del Valle de Santiago y de la se\u00f1ora Mar\u00eda Refugio Albarr\u00e1n, el novio, llevaba por nombre Federico Garma Aguilar de 27 a\u00f1os de edad, hijo del tambi\u00e9n General y rico agricultor Joaqu\u00edn Benito Garma y de Martina Aguilar, fungieron como sus padrinos los padres de la novia y el hacendado Manuel Llamosa y su esposa Do\u00f1a Luz herrera de Llamosa.<\/p>\n\n\n\n<p>Esta fotograf\u00eda de estudio es muy reveladora en cuanto al tema de la moda nupcial de finales del siglo XIX se refiere, pues se pueden apreciar los finos detalles en sus atav\u00edos as\u00ed como el sobrio escenario de \u00e9poca donde posan para la c\u00e1mara. Definitivamente el horario de este enlace matrimonial religioso nos pica la curiosidad y nos obliga a imaginarnos por un momento como habr\u00e1 sido este singular y madrugador evento. Interesante ejercicio ser\u00eda visualizamos en la Plaza de Armas de aquel Valle de Santiago de anta\u00f1o poco antes de la 4 de la ma\u00f1ana y ver la llegada de los novios en su carruaje, siendo recibidos en el atrio parroquial por los integrantes del cortejo nupcial as\u00ed como los invitados, todos ellos vestidos con sus mejores galas justo a tiempo para ingresar en la penumbra del interior de la Parroquia de Santiago Ap\u00f3stol, pues no hay que perder de vista que nos encontramos en 1895 y que a\u00fan faltan por transcurrir cinco a\u00f1os antes de la llegada del alumbrado el\u00e9ctrico al Valle de Santiago, mientras tanto, la iluminaci\u00f3n en aquellas sombr\u00edas calles de la ciudad la daban aquellas antiguas farolas que encend\u00edan con petr\u00f3leo los serenos.<\/p>\n\n\n\n<p>Quiero hacer una menci\u00f3n especial de agradecimiento a la Sra. Martha Montiel por su excelente disposici\u00f3n para compartir tan importante informaci\u00f3n y material fotogr\u00e1fico con todos los vallenses, mismo que viene a enriquecer la historia de nuestro querido Valle de Santiago.<\/p>\n\n\n\n<p>C.D. Dr. Sergio Ruiz Aguilera. Cronista Municipal.<\/p>\n\n\n\n<figure class=\"wp-block-gallery has-nested-images columns-default is-cropped wp-block-gallery-1 is-layout-flex wp-block-gallery-is-layout-flex\">\n<figure class=\"wp-block-image size-full\"><img loading=\"lazy\" decoding=\"async\" width=\"750\" height=\"562\" data-id=\"1440\" src=\"https:\/\/periodiconuevomilenio.com\/wp-content\/uploads\/2023\/03\/336981812_479334660954200_4171060077096519603_n.jpg\" alt=\"\" class=\"wp-image-1440\" srcset=\"https:\/\/periodiconuevomilenio.com\/wp-content\/uploads\/2023\/03\/336981812_479334660954200_4171060077096519603_n.jpg 750w, https:\/\/periodiconuevomilenio.com\/wp-content\/uploads\/2023\/03\/336981812_479334660954200_4171060077096519603_n-300x225.jpg 300w\" sizes=\"auto, (max-width: 750px) 100vw, 750px\" \/><\/figure>\n<\/figure>\n\n\n\n<figure class=\"wp-block-image size-large\"><img loading=\"lazy\" decoding=\"async\" width=\"699\" height=\"1024\" src=\"https:\/\/periodiconuevomilenio.com\/wp-content\/uploads\/2023\/03\/337031398_210260318353991_6029422102925814277_n-699x1024.jpg\" alt=\"\" class=\"wp-image-1441\" srcset=\"https:\/\/periodiconuevomilenio.com\/wp-content\/uploads\/2023\/03\/337031398_210260318353991_6029422102925814277_n-699x1024.jpg 699w, https:\/\/periodiconuevomilenio.com\/wp-content\/uploads\/2023\/03\/337031398_210260318353991_6029422102925814277_n-205x300.jpg 205w, https:\/\/periodiconuevomilenio.com\/wp-content\/uploads\/2023\/03\/337031398_210260318353991_6029422102925814277_n-768x1125.jpg 768w, https:\/\/periodiconuevomilenio.com\/wp-content\/uploads\/2023\/03\/337031398_210260318353991_6029422102925814277_n-1049x1536.jpg 1049w, https:\/\/periodiconuevomilenio.com\/wp-content\/uploads\/2023\/03\/337031398_210260318353991_6029422102925814277_n-1024x1500.jpg 1024w, https:\/\/periodiconuevomilenio.com\/wp-content\/uploads\/2023\/03\/337031398_210260318353991_6029422102925814277_n.jpg 1398w\" sizes=\"auto, (max-width: 699px) 100vw, 699px\" \/><\/figure>\n\n\n\n<figure class=\"wp-block-image size-full\"><img loading=\"lazy\" decoding=\"async\" width=\"718\" height=\"738\" src=\"https:\/\/periodiconuevomilenio.com\/wp-content\/uploads\/2023\/03\/337181631_6166588296697969_7244767808945273956_n.jpg\" alt=\"\" class=\"wp-image-1442\" srcset=\"https:\/\/periodiconuevomilenio.com\/wp-content\/uploads\/2023\/03\/337181631_6166588296697969_7244767808945273956_n.jpg 718w, https:\/\/periodiconuevomilenio.com\/wp-content\/uploads\/2023\/03\/337181631_6166588296697969_7244767808945273956_n-292x300.jpg 292w\" sizes=\"auto, (max-width: 718px) 100vw, 718px\" \/><\/figure>\n","protected":false},"excerpt":{"rendered":"<p>Valle de Santiago Historia y Tradiciones. &nbsp;&nbsp;\u00b7&nbsp; El t\u00edtulo de esta publicaci\u00f3n puede parecer extra\u00f1o, pues los enlaces<\/p>\n","protected":false},"author":1,"featured_media":1441,"comment_status":"open","ping_status":"open","sticky":false,"template":"","format":"standard","meta":{"jetpack_post_was_ever_published":false,"_jetpack_newsletter_access":"","_jetpack_dont_email_post_to_subs":false,"_jetpack_newsletter_tier_id":0,"_jetpack_memberships_contains_paywalled_content":false,"_jetpack_memberships_contains_paid_content":false,"footnotes":"","jetpack_publicize_message":"","jetpack_publicize_feature_enabled":false,"jetpack_social_post_already_shared":false,"jetpack_social_options":{"image_generator_settings":{"template":"highway","enabled":false},"version":2}},"categories":[41,44,39],"tags":[22],"class_list":["post-1439","post","type-post","status-publish","format-standard","has-post-thumbnail","hentry","category-cultura","category-en-sociedad","category-valle-de-santiago","tag-valle"],"jetpack_publicize_connections":[],"jetpack_sharing_enabled":true,"jetpack_featured_media_url":"https:\/\/periodiconuevomilenio.com\/wp-content\/uploads\/2023\/03\/337031398_210260318353991_6029422102925814277_n.jpg","_links":{"self":[{"href":"https:\/\/periodiconuevomilenio.com\/index.php\/wp-json\/wp\/v2\/posts\/1439","targetHints":{"allow":["GET"]}}],"collection":[{"href":"https:\/\/periodiconuevomilenio.com\/index.php\/wp-json\/wp\/v2\/posts"}],"about":[{"href":"https:\/\/periodiconuevomilenio.com\/index.php\/wp-json\/wp\/v2\/types\/post"}],"author":[{"embeddable":true,"href":"https:\/\/periodiconuevomilenio.com\/index.php\/wp-json\/wp\/v2\/users\/1"}],"replies":[{"embeddable":true,"href":"https:\/\/periodiconuevomilenio.com\/index.php\/wp-json\/wp\/v2\/comments?post=1439"}],"version-history":[{"count":1,"href":"https:\/\/periodiconuevomilenio.com\/index.php\/wp-json\/wp\/v2\/posts\/1439\/revisions"}],"predecessor-version":[{"id":1443,"href":"https:\/\/periodiconuevomilenio.com\/index.php\/wp-json\/wp\/v2\/posts\/1439\/revisions\/1443"}],"wp:featuredmedia":[{"embeddable":true,"href":"https:\/\/periodiconuevomilenio.com\/index.php\/wp-json\/wp\/v2\/media\/1441"}],"wp:attachment":[{"href":"https:\/\/periodiconuevomilenio.com\/index.php\/wp-json\/wp\/v2\/media?parent=1439"}],"wp:term":[{"taxonomy":"category","embeddable":true,"href":"https:\/\/periodiconuevomilenio.com\/index.php\/wp-json\/wp\/v2\/categories?post=1439"},{"taxonomy":"post_tag","embeddable":true,"href":"https:\/\/periodiconuevomilenio.com\/index.php\/wp-json\/wp\/v2\/tags?post=1439"}],"curies":[{"name":"wp","href":"https:\/\/api.w.org\/{rel}","templated":true}]}}