{"id":1447,"date":"2023-03-20T16:52:22","date_gmt":"2023-03-20T22:52:22","guid":{"rendered":"https:\/\/periodiconuevomilenio.com\/?p=1447"},"modified":"2023-03-20T16:52:24","modified_gmt":"2023-03-20T22:52:24","slug":"juan-carlos-n-va-a-prision-como-presunto-co-autor-en-un-homicidio-en-celaya","status":"publish","type":"post","link":"https:\/\/periodiconuevomilenio.com\/index.php\/2023\/03\/20\/juan-carlos-n-va-a-prision-como-presunto-co-autor-en-un-homicidio-en-celaya\/","title":{"rendered":"JUAN CARLOS \u00abN\u00bb va a prisi\u00f3n como presunto co-autor en un homicidio en Celaya"},"content":{"rendered":"\n<p>La Fiscal\u00eda General del Estado esclareci\u00f3 el homicidio ocurrido el 2 de febrero de 2023 en el barrio de Tierras Negras, el presunto responsable ha sido detenido y llevado a audiencia de formulaci\u00f3n de imputaci\u00f3n por el delito de homicidio calificado.<\/p>\n\n\n\n<p>El d\u00eda de los hechos, el ofendido Ram\u00f3n Josu\u00e9 \u201cN\u201d, caminaba por una acera de la calle Mariano Abasolo, en ese momento, el agresor alcanz\u00f3 al ofendido a bordo de un veh\u00edculo de motor, se detuvo, y se dirigi\u00f3 a \u00e9l para dispararle al menos 9 veces.<\/p>\n\n\n\n<p>La necropsia determin\u00f3 como causa de muerte heridas producidas por proyectil disparado por arma de fuego penetrante de t\u00f3rax y abdomen.<\/p>\n\n\n\n<ul class=\"wp-block-list\">\n<li><\/li>\n<\/ul>\n\n\n\n<figure class=\"wp-block-image size-large\"><img loading=\"lazy\" decoding=\"async\" width=\"1024\" height=\"536\" src=\"https:\/\/periodiconuevomilenio.com\/wp-content\/uploads\/2023\/03\/FGE-075-2023-1024x536.jpg\" alt=\"\" class=\"wp-image-1448\" srcset=\"https:\/\/periodiconuevomilenio.com\/wp-content\/uploads\/2023\/03\/FGE-075-2023-1024x536.jpg 1024w, https:\/\/periodiconuevomilenio.com\/wp-content\/uploads\/2023\/03\/FGE-075-2023-300x157.jpg 300w, https:\/\/periodiconuevomilenio.com\/wp-content\/uploads\/2023\/03\/FGE-075-2023-768x402.jpg 768w, https:\/\/periodiconuevomilenio.com\/wp-content\/uploads\/2023\/03\/FGE-075-2023-1536x804.jpg 1536w, https:\/\/periodiconuevomilenio.com\/wp-content\/uploads\/2023\/03\/FGE-075-2023.jpg 1600w\" sizes=\"auto, (max-width: 1024px) 100vw, 1024px\" \/><\/figure>\n","protected":false},"excerpt":{"rendered":"<p>La Fiscal\u00eda General del Estado esclareci\u00f3 el homicidio ocurrido el 2 de febrero de 2023 en el barrio<\/p>\n","protected":false},"author":1,"featured_media":1448,"comment_status":"open","ping_status":"open","sticky":false,"template":"","format":"standard","meta":{"jetpack_post_was_ever_published":false,"_jetpack_newsletter_access":"","_jetpack_dont_email_post_to_subs":false,"_jetpack_newsletter_tier_id":0,"_jetpack_memberships_contains_paywalled_content":false,"_jetpack_memberships_contains_paid_content":false,"footnotes":"","jetpack_publicize_message":"","jetpack_publicize_feature_enabled":false,"jetpack_social_post_already_shared":false,"jetpack_social_options":{"image_generator_settings":{"template":"highway","enabled":false},"version":2}},"categories":[31,48],"tags":[],"class_list":["post-1447","post","type-post","status-publish","format-standard","has-post-thumbnail","hentry","category-estado","category-policiaca"],"jetpack_publicize_connections":[],"jetpack_sharing_enabled":true,"jetpack_featured_media_url":"https:\/\/periodiconuevomilenio.com\/wp-content\/uploads\/2023\/03\/FGE-075-2023.jpg","_links":{"self":[{"href":"https:\/\/periodiconuevomilenio.com\/index.php\/wp-json\/wp\/v2\/posts\/1447","targetHints":{"allow":["GET"]}}],"collection":[{"href":"https:\/\/periodiconuevomilenio.com\/index.php\/wp-json\/wp\/v2\/posts"}],"about":[{"href":"https:\/\/periodiconuevomilenio.com\/index.php\/wp-json\/wp\/v2\/types\/post"}],"author":[{"embeddable":true,"href":"https:\/\/periodiconuevomilenio.com\/index.php\/wp-json\/wp\/v2\/users\/1"}],"replies":[{"embeddable":true,"href":"https:\/\/periodiconuevomilenio.com\/index.php\/wp-json\/wp\/v2\/comments?post=1447"}],"version-history":[{"count":1,"href":"https:\/\/periodiconuevomilenio.com\/index.php\/wp-json\/wp\/v2\/posts\/1447\/revisions"}],"predecessor-version":[{"id":1449,"href":"https:\/\/periodiconuevomilenio.com\/index.php\/wp-json\/wp\/v2\/posts\/1447\/revisions\/1449"}],"wp:featuredmedia":[{"embeddable":true,"href":"https:\/\/periodiconuevomilenio.com\/index.php\/wp-json\/wp\/v2\/media\/1448"}],"wp:attachment":[{"href":"https:\/\/periodiconuevomilenio.com\/index.php\/wp-json\/wp\/v2\/media?parent=1447"}],"wp:term":[{"taxonomy":"category","embeddable":true,"href":"https:\/\/periodiconuevomilenio.com\/index.php\/wp-json\/wp\/v2\/categories?post=1447"},{"taxonomy":"post_tag","embeddable":true,"href":"https:\/\/periodiconuevomilenio.com\/index.php\/wp-json\/wp\/v2\/tags?post=1447"}],"curies":[{"name":"wp","href":"https:\/\/api.w.org\/{rel}","templated":true}]}}