{"id":1476,"date":"2023-03-21T16:44:17","date_gmt":"2023-03-21T22:44:17","guid":{"rendered":"https:\/\/periodiconuevomilenio.com\/?p=1476"},"modified":"2023-03-21T16:44:19","modified_gmt":"2023-03-21T22:44:19","slug":"mogotes-celebra-a-su-santo-patrono-el-senor-san-jose","status":"publish","type":"post","link":"https:\/\/periodiconuevomilenio.com\/index.php\/2023\/03\/21\/mogotes-celebra-a-su-santo-patrono-el-senor-san-jose\/","title":{"rendered":"Mogotes celebra a su Santo Patrono, el se\u00f1or San Jos\u00e9"},"content":{"rendered":"\n<p><strong>\u00a0<\/strong><\/p>\n\n\n\n<p>VALLE DE SANTIAGO, GTO.- Con mucha fe y alegr\u00eda la comunidad parroquial de San Jos\u00e9 Parangueo, mejor conocida como Mogotes, celebr\u00f3 a su Santo Patrono el Se\u00f1or San Jos\u00e9.<\/p>\n\n\n\n<p>&nbsp;Los festejos dieron inicio desde el jueves 16 de marzo con una misa en la glorieta dedicada al santo ubicada en la avenida principal de esta comunidad.<\/p>\n\n\n\n<p>Al terminar hubo baile, pirotecnia y reliquia. El domingo 19, los festejos iniciaron con las ma\u00f1anitas, posteriormente las primeras comuniones y la misa solemne con una asistencia muy nutrida de fieles.<\/p>\n\n\n\n<p>&nbsp;Cabe mencionar que acudieron durante el novenario las m\u00e1s de 20 comunidades que pertenecen a esta parroquia y que se ubican a lo largo y ancho de la parte poniente de la ciudad.<\/p>\n\n\n\n<p>Por la noche la gente disfruto del baile con la banda \u00abReyna de Joroches\u00bb y la quema del tradicional castillo a cargo de pirotecnia Reikam de Irapuato.<\/p>\n\n\n\n<p>Gracias a la buena organizaci\u00f3n del comit\u00e9 de fiestas de la parroquia no se registraron incidentes pues hubo apoyo de polic\u00eda y tr\u00e1nsito municipal.<\/p>\n","protected":false},"excerpt":{"rendered":"<p>\u00a0 VALLE DE SANTIAGO, GTO.- Con mucha fe y alegr\u00eda la comunidad parroquial de San Jos\u00e9 Parangueo, mejor<\/p>\n","protected":false},"author":1,"featured_media":1479,"comment_status":"open","ping_status":"open","sticky":false,"template":"","format":"standard","meta":{"jetpack_post_was_ever_published":false,"_jetpack_newsletter_access":"","_jetpack_dont_email_post_to_subs":false,"_jetpack_newsletter_tier_id":0,"_jetpack_memberships_contains_paywalled_content":false,"_jetpack_memberships_contains_paid_content":false,"footnotes":"","jetpack_publicize_message":"","jetpack_publicize_feature_enabled":false,"jetpack_social_post_already_shared":false,"jetpack_social_options":{"image_generator_settings":{"template":"highway","enabled":false},"version":2}},"categories":[41,39],"tags":[22],"class_list":["post-1476","post","type-post","status-publish","format-standard","has-post-thumbnail","hentry","category-cultura","category-valle-de-santiago","tag-valle"],"jetpack_publicize_connections":[],"jetpack_sharing_enabled":true,"jetpack_featured_media_url":"https:\/\/periodiconuevomilenio.com\/wp-content\/uploads\/2023\/03\/825b8eb7-4ad1-428d-b548-7205672784f4.jpg","_links":{"self":[{"href":"https:\/\/periodiconuevomilenio.com\/index.php\/wp-json\/wp\/v2\/posts\/1476","targetHints":{"allow":["GET"]}}],"collection":[{"href":"https:\/\/periodiconuevomilenio.com\/index.php\/wp-json\/wp\/v2\/posts"}],"about":[{"href":"https:\/\/periodiconuevomilenio.com\/index.php\/wp-json\/wp\/v2\/types\/post"}],"author":[{"embeddable":true,"href":"https:\/\/periodiconuevomilenio.com\/index.php\/wp-json\/wp\/v2\/users\/1"}],"replies":[{"embeddable":true,"href":"https:\/\/periodiconuevomilenio.com\/index.php\/wp-json\/wp\/v2\/comments?post=1476"}],"version-history":[{"count":1,"href":"https:\/\/periodiconuevomilenio.com\/index.php\/wp-json\/wp\/v2\/posts\/1476\/revisions"}],"predecessor-version":[{"id":1482,"href":"https:\/\/periodiconuevomilenio.com\/index.php\/wp-json\/wp\/v2\/posts\/1476\/revisions\/1482"}],"wp:featuredmedia":[{"embeddable":true,"href":"https:\/\/periodiconuevomilenio.com\/index.php\/wp-json\/wp\/v2\/media\/1479"}],"wp:attachment":[{"href":"https:\/\/periodiconuevomilenio.com\/index.php\/wp-json\/wp\/v2\/media?parent=1476"}],"wp:term":[{"taxonomy":"category","embeddable":true,"href":"https:\/\/periodiconuevomilenio.com\/index.php\/wp-json\/wp\/v2\/categories?post=1476"},{"taxonomy":"post_tag","embeddable":true,"href":"https:\/\/periodiconuevomilenio.com\/index.php\/wp-json\/wp\/v2\/tags?post=1476"}],"curies":[{"name":"wp","href":"https:\/\/api.w.org\/{rel}","templated":true}]}}