{"id":1483,"date":"2023-03-21T16:49:37","date_gmt":"2023-03-21T22:49:37","guid":{"rendered":"https:\/\/periodiconuevomilenio.com\/?p=1483"},"modified":"2023-03-21T16:49:39","modified_gmt":"2023-03-21T22:49:39","slug":"las-jacarandas-en-flor-anuncian-la-primavera","status":"publish","type":"post","link":"https:\/\/periodiconuevomilenio.com\/index.php\/2023\/03\/21\/las-jacarandas-en-flor-anuncian-la-primavera\/","title":{"rendered":"Las Jacarandas en Flor, anuncian la primavera"},"content":{"rendered":"\n<p>Hoy inici\u00f3 la primavera, los campos se llenan de color y nos regalan postales como esta de una preciosa Jacaranda.<\/p>\n\n\n\n<p>Las jacarandas son \u00e1rboles que llegan a medir hasta 20 metros de altura, cuyas florecitas se pintan de un color lila azulado durante la primavera y el oto\u00f1o. Sin duda, se trata de un verdadero espect\u00e1culo visual para quienes gozan de la naturaleza y su belleza.<\/p>\n\n\n\n<p>El nombre del \u00e1rbol, en portugu\u00e9s, es \u201cjacarand\u00e1\u201d y existen distintas variedades. La que llena de color las calles de la capital del pa\u00eds es la jacaranda mimosifolia (en portugu\u00e9s, jacarand\u00e1 preto).<\/p>\n\n\n\n<p>Esta especie fue tra\u00edda a M\u00e9xico por un inmigrante japon\u00e9s que alcanz\u00f3 una posici\u00f3n de privilegio en el pa\u00eds. Su nombre era Tatsugoro Matsumoto, un jardinero japon\u00e9s, y esta es la historia de c\u00f3mo llegaron las jacarandas a nuestro pa\u00eds.<\/p>\n","protected":false},"excerpt":{"rendered":"<p>Hoy inici\u00f3 la primavera, los campos se llenan de color y nos regalan postales como esta de una<\/p>\n","protected":false},"author":1,"featured_media":1484,"comment_status":"open","ping_status":"open","sticky":false,"template":"","format":"standard","meta":{"jetpack_post_was_ever_published":false,"_jetpack_newsletter_access":"","_jetpack_dont_email_post_to_subs":false,"_jetpack_newsletter_tier_id":0,"_jetpack_memberships_contains_paywalled_content":false,"_jetpack_memberships_contains_paid_content":false,"footnotes":"","jetpack_publicize_message":"","jetpack_publicize_feature_enabled":false,"jetpack_social_post_already_shared":false,"jetpack_social_options":{"image_generator_settings":{"template":"highway","enabled":false},"version":2}},"categories":[41,39],"tags":[22],"class_list":["post-1483","post","type-post","status-publish","format-standard","has-post-thumbnail","hentry","category-cultura","category-valle-de-santiago","tag-valle"],"jetpack_publicize_connections":[],"jetpack_sharing_enabled":true,"jetpack_featured_media_url":"https:\/\/periodiconuevomilenio.com\/wp-content\/uploads\/2023\/03\/337285248_713172843894741_4505725823886231724_n.jpg","_links":{"self":[{"href":"https:\/\/periodiconuevomilenio.com\/index.php\/wp-json\/wp\/v2\/posts\/1483","targetHints":{"allow":["GET"]}}],"collection":[{"href":"https:\/\/periodiconuevomilenio.com\/index.php\/wp-json\/wp\/v2\/posts"}],"about":[{"href":"https:\/\/periodiconuevomilenio.com\/index.php\/wp-json\/wp\/v2\/types\/post"}],"author":[{"embeddable":true,"href":"https:\/\/periodiconuevomilenio.com\/index.php\/wp-json\/wp\/v2\/users\/1"}],"replies":[{"embeddable":true,"href":"https:\/\/periodiconuevomilenio.com\/index.php\/wp-json\/wp\/v2\/comments?post=1483"}],"version-history":[{"count":1,"href":"https:\/\/periodiconuevomilenio.com\/index.php\/wp-json\/wp\/v2\/posts\/1483\/revisions"}],"predecessor-version":[{"id":1485,"href":"https:\/\/periodiconuevomilenio.com\/index.php\/wp-json\/wp\/v2\/posts\/1483\/revisions\/1485"}],"wp:featuredmedia":[{"embeddable":true,"href":"https:\/\/periodiconuevomilenio.com\/index.php\/wp-json\/wp\/v2\/media\/1484"}],"wp:attachment":[{"href":"https:\/\/periodiconuevomilenio.com\/index.php\/wp-json\/wp\/v2\/media?parent=1483"}],"wp:term":[{"taxonomy":"category","embeddable":true,"href":"https:\/\/periodiconuevomilenio.com\/index.php\/wp-json\/wp\/v2\/categories?post=1483"},{"taxonomy":"post_tag","embeddable":true,"href":"https:\/\/periodiconuevomilenio.com\/index.php\/wp-json\/wp\/v2\/tags?post=1483"}],"curies":[{"name":"wp","href":"https:\/\/api.w.org\/{rel}","templated":true}]}}