{"id":1509,"date":"2023-03-21T21:02:22","date_gmt":"2023-03-22T03:02:22","guid":{"rendered":"https:\/\/periodiconuevomilenio.com\/?p=1509"},"modified":"2023-03-21T21:02:24","modified_gmt":"2023-03-22T03:02:24","slug":"mataron-a-luis-en-la-parcela","status":"publish","type":"post","link":"https:\/\/periodiconuevomilenio.com\/index.php\/2023\/03\/21\/mataron-a-luis-en-la-parcela\/","title":{"rendered":"Mataron a Luis en la Parcela"},"content":{"rendered":"\n<p>VALLE DE SANTIAGO, GTO.-&nbsp; Un campesino fue asesinado a balazos la tarde de este martes 21 de marzo, sus ejecutoriares lo sorprendieron cuanto realizara labranza en&nbsp; su tractor en una parcela cerca de la comunidad de Carmelitas en la zona conocida como&nbsp; el Altito.<\/p>\n\n\n\n<p>De acuerdo a los informes de la comisaria de seguridad p\u00fablica, fue al filo de las 6 de la tarde cuando al sistema de emergencia 911 recibieron una llamada de auxilio, ya que se encontraba&nbsp; una persona herida por impactos de arma de fuego.<\/p>\n\n\n\n<p>&nbsp;De inmediato enviaron a una ambulancia para que atendiera el caso, encontrando en una parcela a una persona del sexo masculino con vestimentas de una camisa azul cielo en rayas, pantal\u00f3n de mezclilla azul marino y tenis negros.<\/p>\n\n\n\n<p>El cual se encontraba sentado en la llanta delantera izquierda y recostada en el motor del tractor ya sin conocimiento, param\u00e9dico de bomberos\u00a0 procedieron a revisarlo,\u00a0 diagnosticando que\u00a0 el masculino no contaba con signos vitales. En el lugar se encontraba su hijo que se identific\u00f3 como Luis Jes\u00fas, quien identifico a la persona sin vida como Luis Alberto\u00a0 de 40 a\u00f1os de edad, originario de la comunidad de Carmelitas, al lugar llegaron m\u00e1s tarde agentes de investigaci\u00f3n criminal quienes procedieron a recabar toda la informaci\u00f3n e indagar sobre este hecho, ordenando el cuerpo fuera traslado el servicio m\u00e9dico forense d\u00f3nde se contin\u00faa con las investigaciones.<\/p>\n","protected":false},"excerpt":{"rendered":"<p>VALLE DE SANTIAGO, GTO.-&nbsp; Un campesino fue asesinado a balazos la tarde de este martes 21 de marzo,<\/p>\n","protected":false},"author":1,"featured_media":1510,"comment_status":"open","ping_status":"open","sticky":false,"template":"","format":"standard","meta":{"jetpack_post_was_ever_published":false,"_jetpack_newsletter_access":"","_jetpack_dont_email_post_to_subs":false,"_jetpack_newsletter_tier_id":0,"_jetpack_memberships_contains_paywalled_content":false,"_jetpack_memberships_contains_paid_content":false,"footnotes":"","jetpack_publicize_message":"","jetpack_publicize_feature_enabled":false,"jetpack_social_post_already_shared":false,"jetpack_social_options":{"image_generator_settings":{"template":"highway","enabled":false},"version":2}},"categories":[48,39],"tags":[22],"class_list":["post-1509","post","type-post","status-publish","format-standard","has-post-thumbnail","hentry","category-policiaca","category-valle-de-santiago","tag-valle"],"jetpack_publicize_connections":[],"jetpack_sharing_enabled":true,"jetpack_featured_media_url":"https:\/\/periodiconuevomilenio.com\/wp-content\/uploads\/2023\/03\/49910bbf-df86-4b4a-972c-fe8575cadc51.jpg","_links":{"self":[{"href":"https:\/\/periodiconuevomilenio.com\/index.php\/wp-json\/wp\/v2\/posts\/1509","targetHints":{"allow":["GET"]}}],"collection":[{"href":"https:\/\/periodiconuevomilenio.com\/index.php\/wp-json\/wp\/v2\/posts"}],"about":[{"href":"https:\/\/periodiconuevomilenio.com\/index.php\/wp-json\/wp\/v2\/types\/post"}],"author":[{"embeddable":true,"href":"https:\/\/periodiconuevomilenio.com\/index.php\/wp-json\/wp\/v2\/users\/1"}],"replies":[{"embeddable":true,"href":"https:\/\/periodiconuevomilenio.com\/index.php\/wp-json\/wp\/v2\/comments?post=1509"}],"version-history":[{"count":1,"href":"https:\/\/periodiconuevomilenio.com\/index.php\/wp-json\/wp\/v2\/posts\/1509\/revisions"}],"predecessor-version":[{"id":1511,"href":"https:\/\/periodiconuevomilenio.com\/index.php\/wp-json\/wp\/v2\/posts\/1509\/revisions\/1511"}],"wp:featuredmedia":[{"embeddable":true,"href":"https:\/\/periodiconuevomilenio.com\/index.php\/wp-json\/wp\/v2\/media\/1510"}],"wp:attachment":[{"href":"https:\/\/periodiconuevomilenio.com\/index.php\/wp-json\/wp\/v2\/media?parent=1509"}],"wp:term":[{"taxonomy":"category","embeddable":true,"href":"https:\/\/periodiconuevomilenio.com\/index.php\/wp-json\/wp\/v2\/categories?post=1509"},{"taxonomy":"post_tag","embeddable":true,"href":"https:\/\/periodiconuevomilenio.com\/index.php\/wp-json\/wp\/v2\/tags?post=1509"}],"curies":[{"name":"wp","href":"https:\/\/api.w.org\/{rel}","templated":true}]}}