{"id":1512,"date":"2023-03-21T21:09:04","date_gmt":"2023-03-22T03:09:04","guid":{"rendered":"https:\/\/periodiconuevomilenio.com\/?p=1512"},"modified":"2023-03-21T21:09:06","modified_gmt":"2023-03-22T03:09:06","slug":"consiguen-medallas-taekwondoines-jaralenses","status":"publish","type":"post","link":"https:\/\/periodiconuevomilenio.com\/index.php\/2023\/03\/21\/consiguen-medallas-taekwondoines-jaralenses\/","title":{"rendered":"CONSIGUEN MEDALLAS TAEKWONDOINES JARALENSES"},"content":{"rendered":"\n<p> PARTICIPARON EN LOS JUEGOS NACIONALES CONADE 2023 EN SU ETAPA ESTATAL<\/p>\n\n\n\n<p>Jaral del Progreso, Gto.- Tras concluir la participaci\u00f3n de los siete taekwondoines jaralenses en el selectivo estatal de juegos nacionales CONADE 2023 en San Miguel de Allende, se consiguieron tres medallas (oro, plata y bronce) adem\u00e1s de una destacada participaci\u00f3n del resto de los representantes locales, siendo reflejo del trabajo en conjunto que se ha <a><\/a>realizado entre la Comisi\u00f3n Municipal del Deporte y Atenci\u00f3n a la Juventud (COMUDAJ) y la Escuela Guerreros Jaguar a cargo de V\u00edctor Guillermo Ram\u00edrez Hern\u00e1ndez.<\/p>\n\n\n\n<p>El taekwondoin Alejandro Ram\u00edrez Tamayo obtuvo la medalla de oro por tercera ocasi\u00f3n consecutiva al participar en esta fase de la competencia; en tanto que su compa\u00f1ero \u00c1ngel Celeste Rosas Ojeda obtuvo por segunda ocasi\u00f3n la medalla de plata y Valeria Susana Zavala Hern\u00e1ndez gan\u00f3 la medalla de bronce.<\/p>\n\n\n\n<p>Mar\u00eda Jos\u00e9 Vega Villegas obtuvo el quinto lugar estatal y los taekwondoines Fabi\u00e1n Malag\u00f3n Duran, Isaac Malag\u00f3n Barreto y Marcia Romo Villag\u00f3mez alcanzaron el sexto lugar en la competencia, muestra palpable del trabajo y dedicaci\u00f3n que han puesto en la pr\u00e1ctica y los entrenamientos los j\u00f3venes jaralenses.<\/p>\n\n\n\n<p>Al haber obtenido la presea de oro, Alejandro Ram\u00edrez Tamayo pas\u00f3 a la etapa regional, la cual se realizar\u00e1 en un lapso de quince d\u00edas teniendo como sede la ciudad de Irapuato, contemplando que se obtenga un resultado favorable para el taekwondoin Jaralense, que le permita continuar avanzando en las categor\u00edas que conforman a esta competencia.<\/p>\n\n\n\n<figure class=\"wp-block-image size-large\"><img loading=\"lazy\" decoding=\"async\" width=\"1024\" height=\"660\" src=\"https:\/\/periodiconuevomilenio.com\/wp-content\/uploads\/2023\/03\/335442814_1150153838963784_4855667626227246300_n-1024x660.jpg\" alt=\"\" class=\"wp-image-1513\" srcset=\"https:\/\/periodiconuevomilenio.com\/wp-content\/uploads\/2023\/03\/335442814_1150153838963784_4855667626227246300_n-1024x660.jpg 1024w, https:\/\/periodiconuevomilenio.com\/wp-content\/uploads\/2023\/03\/335442814_1150153838963784_4855667626227246300_n-300x193.jpg 300w, https:\/\/periodiconuevomilenio.com\/wp-content\/uploads\/2023\/03\/335442814_1150153838963784_4855667626227246300_n-768x495.jpg 768w, https:\/\/periodiconuevomilenio.com\/wp-content\/uploads\/2023\/03\/335442814_1150153838963784_4855667626227246300_n.jpg 1170w\" sizes=\"auto, (max-width: 1024px) 100vw, 1024px\" \/><\/figure>\n\n\n\n<figure class=\"wp-block-image size-large\"><img loading=\"lazy\" decoding=\"async\" width=\"1024\" height=\"683\" src=\"https:\/\/periodiconuevomilenio.com\/wp-content\/uploads\/2023\/03\/335261814_864599394637874_5597727467184385729_n-1-1024x683.jpg\" alt=\"\" class=\"wp-image-1515\" srcset=\"https:\/\/periodiconuevomilenio.com\/wp-content\/uploads\/2023\/03\/335261814_864599394637874_5597727467184385729_n-1-1024x683.jpg 1024w, https:\/\/periodiconuevomilenio.com\/wp-content\/uploads\/2023\/03\/335261814_864599394637874_5597727467184385729_n-1-300x200.jpg 300w, https:\/\/periodiconuevomilenio.com\/wp-content\/uploads\/2023\/03\/335261814_864599394637874_5597727467184385729_n-1-768x512.jpg 768w, https:\/\/periodiconuevomilenio.com\/wp-content\/uploads\/2023\/03\/335261814_864599394637874_5597727467184385729_n-1.jpg 1170w\" sizes=\"auto, (max-width: 1024px) 100vw, 1024px\" \/><\/figure>\n","protected":false},"excerpt":{"rendered":"<p>PARTICIPARON EN LOS JUEGOS NACIONALES CONADE 2023 EN SU ETAPA ESTATAL Jaral del Progreso, Gto.- Tras concluir la<\/p>\n","protected":false},"author":1,"featured_media":1515,"comment_status":"open","ping_status":"open","sticky":false,"template":"","format":"standard","meta":{"jetpack_post_was_ever_published":false,"_jetpack_newsletter_access":"","_jetpack_dont_email_post_to_subs":false,"_jetpack_newsletter_tier_id":0,"_jetpack_memberships_contains_paywalled_content":false,"_jetpack_memberships_contains_paid_content":false,"footnotes":"","jetpack_publicize_message":"","jetpack_publicize_feature_enabled":false,"jetpack_social_post_already_shared":false,"jetpack_social_options":{"image_generator_settings":{"template":"highway","enabled":false},"version":2}},"categories":[42,34],"tags":[23],"class_list":["post-1512","post","type-post","status-publish","format-standard","has-post-thumbnail","hentry","category-deportes","category-jaral-del-progreso","tag-jaral"],"jetpack_publicize_connections":[],"jetpack_sharing_enabled":true,"jetpack_featured_media_url":"https:\/\/periodiconuevomilenio.com\/wp-content\/uploads\/2023\/03\/335261814_864599394637874_5597727467184385729_n-1.jpg","_links":{"self":[{"href":"https:\/\/periodiconuevomilenio.com\/index.php\/wp-json\/wp\/v2\/posts\/1512","targetHints":{"allow":["GET"]}}],"collection":[{"href":"https:\/\/periodiconuevomilenio.com\/index.php\/wp-json\/wp\/v2\/posts"}],"about":[{"href":"https:\/\/periodiconuevomilenio.com\/index.php\/wp-json\/wp\/v2\/types\/post"}],"author":[{"embeddable":true,"href":"https:\/\/periodiconuevomilenio.com\/index.php\/wp-json\/wp\/v2\/users\/1"}],"replies":[{"embeddable":true,"href":"https:\/\/periodiconuevomilenio.com\/index.php\/wp-json\/wp\/v2\/comments?post=1512"}],"version-history":[{"count":1,"href":"https:\/\/periodiconuevomilenio.com\/index.php\/wp-json\/wp\/v2\/posts\/1512\/revisions"}],"predecessor-version":[{"id":1516,"href":"https:\/\/periodiconuevomilenio.com\/index.php\/wp-json\/wp\/v2\/posts\/1512\/revisions\/1516"}],"wp:featuredmedia":[{"embeddable":true,"href":"https:\/\/periodiconuevomilenio.com\/index.php\/wp-json\/wp\/v2\/media\/1515"}],"wp:attachment":[{"href":"https:\/\/periodiconuevomilenio.com\/index.php\/wp-json\/wp\/v2\/media?parent=1512"}],"wp:term":[{"taxonomy":"category","embeddable":true,"href":"https:\/\/periodiconuevomilenio.com\/index.php\/wp-json\/wp\/v2\/categories?post=1512"},{"taxonomy":"post_tag","embeddable":true,"href":"https:\/\/periodiconuevomilenio.com\/index.php\/wp-json\/wp\/v2\/tags?post=1512"}],"curies":[{"name":"wp","href":"https:\/\/api.w.org\/{rel}","templated":true}]}}