{"id":1525,"date":"2023-03-22T19:27:47","date_gmt":"2023-03-23T01:27:47","guid":{"rendered":"https:\/\/periodiconuevomilenio.com\/?p=1525"},"modified":"2023-03-22T19:27:49","modified_gmt":"2023-03-23T01:27:49","slug":"diputados-ponen-freno-a-articulo-de-plan-b-sobre-limite-a-gasto-en-publicidad-de-estados","status":"publish","type":"post","link":"https:\/\/periodiconuevomilenio.com\/index.php\/2023\/03\/22\/diputados-ponen-freno-a-articulo-de-plan-b-sobre-limite-a-gasto-en-publicidad-de-estados\/","title":{"rendered":"<strong>Diputados ponen freno a art\u00edculo de Plan B sobre l\u00edmite a gasto en publicidad de estados<\/strong>"},"content":{"rendered":"\n<p>La C\u00e1mara de Diputados dio libertad a los gobiernos estatales sobre el manejo de publicidad.<\/p>\n\n\n\n<p>Informaci\u00f3n y foto tomada &nbsp;del EXELSIOR<\/p>\n\n\n\n<p>El pleno de la<strong><a href=\"https:\/\/www.excelsior.com.mx\/camara-de-diputados\" target=\"_blank\" rel=\"noreferrer noopener\">&nbsp;C\u00e1mara de Diputados<\/a>&nbsp;aprob\u00f3 eliminar los l\u00edmites de gasto de publicidad&nbsp;<\/strong>gubernamental a las entidades federativas, con lo cual no hay restricciones en su gasto.<\/p>\n\n\n\n<p>La C\u00e1mara de Diputados realiz\u00f3 la primera&nbsp;<strong>correcci\u00f3n legislativa a una de las leyes contenidas del llamado Plan B<\/strong>. Con 470 votos a favor, cero en contra y una abstenci\u00f3n, diputados de todas las fracciones parlamentarias (Morena, PAN, PRD, PRI, PT, Verde Ecologista, Movimiento Ciudadano) avalaron en lo general y en lo particular devolver el gasto de publicidad gubernamental sin l\u00edmite, previo a las elecciones del 2024.<\/p>\n\n\n\n<p>El diputado por Morena, Julio C\u00e9sar Moreno Rivera, argument\u00f3 en tribuna que derogar el&nbsp;<strong>\u00faltimo p\u00e1rrafo del Art\u00edculo 26 de la Ley General de Comunicaci\u00f3n Social,<\/strong>&nbsp;en materia de l\u00edmite de gastos en las entidades federativas, corresponde al derecho y obligaci\u00f3n a la informaci\u00f3n<\/p>\n\n\n\n<p><strong>\u201cCon esta reforma se garantiza el ejercicio y el derecho a la informaci\u00f3n. Y se fortalece la verdadera democracia. Una democracia donde el pueblo est\u00e1 informado y se privilegia su participaci\u00f3n en la toma de decisiones\u201d, expres\u00f3.<\/strong><\/p>\n\n\n\n<p>Moreno Rivera explic\u00f3 que, a fin de evitar que se paguen precios superiores a los que pagan los anunciantes privados, se tendr\u00e1 que tomar como referencia las tarifas registradas ante la Secretar\u00eda de Hacienda y Cr\u00e9dito P\u00fablico (SHCP).<\/p>\n\n\n\n<p>Se\u00f1al\u00f3 que, para la federaci\u00f3n se mantiene el actual l\u00edmite de 0.1% del Presupuesto de Egresos de la Federaci\u00f3n (PEF) de egresos anual.<\/p>\n\n\n\n<p>Este mismo mi\u00e9rcoles en la<strong>&nbsp;Comisi\u00f3n de Gobernaci\u00f3n de la C\u00e1mara de Diputados&nbsp;<\/strong>fue aprobado el dictamen y enviado a la Mesa Directiva para llevarlo al pleno.<\/p>\n\n\n\n<p>El grupo parlamentario de Morena recul\u00f3 en los l\u00edmites a las entidades federativas en el gasto de publicidad gubernamental. El plan B de reforma electoral aprobado en diciembre pasado, albergaba una reserva a cargo del diputado de Morena, Mario Llergo, la cual establec\u00eda que el l\u00edmite del gasto del Programa Anual de Comunicaci\u00f3n Social, en su conjunto, no rebasar\u00eda el 0.1% del Presupuesto de Egresos Anual correspondiente. Dicha limitante fue impugnada por la oposici\u00f3n ante la Suprema Corte de Justicia de la Naci\u00f3n (SCJN).<\/p>\n\n\n\n<p><strong>Argumentos a favor por parte de Morena<\/strong><\/p>\n\n\n\n<ul class=\"wp-block-list\">\n<li>Salvaguarda el<strong>&nbsp;derecho a la libertad de expresi\u00f3n<\/strong>&nbsp;de las personas servidoras p\u00fablicas<\/li>\n\n\n\n<li>Garantiza a la ciudadan\u00eda e<strong>l derecho a la informaci\u00f3n precisa<\/strong>&nbsp;y oportuna sobre la actuaci\u00f3n p\u00fablica<\/li>\n\n\n\n<li>Fortalece el ejercicio de transparencia y&nbsp;<strong>promueve la rendici\u00f3n de cuentas<\/strong>&nbsp;a trav\u00e9s de la propaganda gubernamental, entendi\u00e9ndose como aquella que los entes p\u00fablicos contraten con los medios de comunicaci\u00f3n masiva.<\/li>\n\n\n\n<li><strong>Robustece el federalismo,&nbsp;<\/strong>al establecer la facultad de las entidades federativas, los municipios y las demarcaciones territoriales de la Ciudad de M\u00e9xico para establecer su l\u00edmite en el gasto de comunicaci\u00f3n social, atendiendo a sus condiciones particulares.<\/li>\n\n\n\n<li>El derecho a la&nbsp;<strong>libertad de expresi\u00f3n permite la deliberaci\u00f3n&nbsp;<\/strong>de los asuntos p\u00fablicos y favorece la toma de decisiones de las autoridades en el ejercicio de la funci\u00f3n p\u00fablica y de los ciudadanos al momento de votar.<\/li>\n\n\n\n<li>El Estado mexicano ha suscrito diversos compromisos a trav\u00e9s de<strong>&nbsp;Tratados y Convenios<\/strong>&nbsp;Internacionales en materia de derecho humano a la libertad de expresi\u00f3n<\/li>\n<\/ul>\n","protected":false},"excerpt":{"rendered":"<p>La C\u00e1mara de Diputados dio libertad a los gobiernos estatales sobre el manejo de publicidad. Informaci\u00f3n y foto<\/p>\n","protected":false},"author":1,"featured_media":1526,"comment_status":"open","ping_status":"open","sticky":false,"template":"","format":"standard","meta":{"jetpack_post_was_ever_published":false,"_jetpack_newsletter_access":"","_jetpack_dont_email_post_to_subs":false,"_jetpack_newsletter_tier_id":0,"_jetpack_memberships_contains_paywalled_content":false,"_jetpack_memberships_contains_paid_content":false,"footnotes":"","jetpack_publicize_message":"","jetpack_publicize_feature_enabled":false,"jetpack_social_post_already_shared":false,"jetpack_social_options":{"image_generator_settings":{"template":"highway","enabled":false},"version":2}},"categories":[47],"tags":[50],"class_list":["post-1525","post","type-post","status-publish","format-standard","has-post-thumbnail","hentry","category-nacional","tag-nacional"],"jetpack_publicize_connections":[],"jetpack_sharing_enabled":true,"jetpack_featured_media_url":"https:\/\/periodiconuevomilenio.com\/wp-content\/uploads\/2023\/03\/2923279.jpg","_links":{"self":[{"href":"https:\/\/periodiconuevomilenio.com\/index.php\/wp-json\/wp\/v2\/posts\/1525","targetHints":{"allow":["GET"]}}],"collection":[{"href":"https:\/\/periodiconuevomilenio.com\/index.php\/wp-json\/wp\/v2\/posts"}],"about":[{"href":"https:\/\/periodiconuevomilenio.com\/index.php\/wp-json\/wp\/v2\/types\/post"}],"author":[{"embeddable":true,"href":"https:\/\/periodiconuevomilenio.com\/index.php\/wp-json\/wp\/v2\/users\/1"}],"replies":[{"embeddable":true,"href":"https:\/\/periodiconuevomilenio.com\/index.php\/wp-json\/wp\/v2\/comments?post=1525"}],"version-history":[{"count":1,"href":"https:\/\/periodiconuevomilenio.com\/index.php\/wp-json\/wp\/v2\/posts\/1525\/revisions"}],"predecessor-version":[{"id":1527,"href":"https:\/\/periodiconuevomilenio.com\/index.php\/wp-json\/wp\/v2\/posts\/1525\/revisions\/1527"}],"wp:featuredmedia":[{"embeddable":true,"href":"https:\/\/periodiconuevomilenio.com\/index.php\/wp-json\/wp\/v2\/media\/1526"}],"wp:attachment":[{"href":"https:\/\/periodiconuevomilenio.com\/index.php\/wp-json\/wp\/v2\/media?parent=1525"}],"wp:term":[{"taxonomy":"category","embeddable":true,"href":"https:\/\/periodiconuevomilenio.com\/index.php\/wp-json\/wp\/v2\/categories?post=1525"},{"taxonomy":"post_tag","embeddable":true,"href":"https:\/\/periodiconuevomilenio.com\/index.php\/wp-json\/wp\/v2\/tags?post=1525"}],"curies":[{"name":"wp","href":"https:\/\/api.w.org\/{rel}","templated":true}]}}