{"id":15813,"date":"2024-08-04T15:57:47","date_gmt":"2024-08-04T21:57:47","guid":{"rendered":"https:\/\/periodiconuevomilenio.com\/?p=15813"},"modified":"2024-08-04T15:57:49","modified_gmt":"2024-08-04T21:57:49","slug":"matan-al-delegado-de-loma-tendida","status":"publish","type":"post","link":"https:\/\/periodiconuevomilenio.com\/index.php\/2024\/08\/04\/matan-al-delegado-de-loma-tendida\/","title":{"rendered":"Matan al delegado de Loma Tendida."},"content":{"rendered":"\n<p>VALLE DE SANTIAGO, GTO.- Esta ma\u00f1ana fue asesinado el delgado de la comunidad de Loma Tendida, presento varios impactos de arma de fuego en el cuerpo, uno de ellos en la cabeza, trascendi\u00f3 de que particip\u00f3 en la planilla de MORENA como noveno regidor.<br>Fue cerca de las 8:30 horas de este domingo cuando al sistema de emergencia 911 lleg\u00f3 una llamada avisando a seguridad p\u00fablica que se hab\u00edan escuchado detonaciones de arma de fuego en la comunidad de Loma Tendida, por lo que de inmediato se trasladaron al lugar.<br>Al estar en el sitio, localizan a un masculino de 23 a\u00f1os, el mismo ya sin signos vitales, con m\u00faltiples impactos en regi\u00f3n dorsal derecha y en la cabeza, desconoci\u00e9ndose de momento de qui\u00e9n se trataba, por lo que dieron aviso a la fiscal\u00eda del estado para que tomara fe de los hechos.<br>Este homicidio se concret\u00f3 en la calle Zaragoza, casi esquina con Luis Donaldo Colosio de poblado de Loma Tendida, hab\u00eda una persona tirada, de inmediato se corri\u00f3 la noticia de que se trataba del delegado, de nombre Orlando, sin embargo, ser\u00e1 la fiscal\u00eda del estado la que confirme de manera oficial la persona que este domingo 4 de agosto perdi\u00f3 la vida a balazos.<br>Trascendi\u00f3 tambi\u00e9n que estuvo trabajando muy de cerca en la campa\u00f1a de MORENA y particip\u00f3 como noveno regidor, recientemente hab\u00eda sido presentado como parte del equipo que trabajar\u00eda en la pr\u00f3xima administraci\u00f3n.<br>En el lugar se aseguraron varios casquillos de bala percutidos, se dio parte a las autoridades de la Fiscal\u00eda General del Estado para que inicien las averiguaciones correspondientes, el cuerpo present\u00f3 m\u00faltiples impactos en regi\u00f3n dorsal, derecha y regi\u00f3n del cr\u00e1neo.<\/p>\n\n\n\n<figure class=\"wp-block-image size-large\"><img loading=\"lazy\" decoding=\"async\" width=\"1024\" height=\"661\" src=\"https:\/\/periodiconuevomilenio.com\/wp-content\/uploads\/2024\/08\/454204637_1039323120888569_4886438885645630937_n-1024x661.jpg\" alt=\"\" class=\"wp-image-15815\" srcset=\"https:\/\/periodiconuevomilenio.com\/wp-content\/uploads\/2024\/08\/454204637_1039323120888569_4886438885645630937_n-1024x661.jpg 1024w, https:\/\/periodiconuevomilenio.com\/wp-content\/uploads\/2024\/08\/454204637_1039323120888569_4886438885645630937_n-300x194.jpg 300w, https:\/\/periodiconuevomilenio.com\/wp-content\/uploads\/2024\/08\/454204637_1039323120888569_4886438885645630937_n-768x496.jpg 768w, https:\/\/periodiconuevomilenio.com\/wp-content\/uploads\/2024\/08\/454204637_1039323120888569_4886438885645630937_n-1536x992.jpg 1536w, https:\/\/periodiconuevomilenio.com\/wp-content\/uploads\/2024\/08\/454204637_1039323120888569_4886438885645630937_n.jpg 1590w\" sizes=\"auto, (max-width: 1024px) 100vw, 1024px\" \/><\/figure>\n\n\n\n<figure class=\"wp-block-image size-large\"><img loading=\"lazy\" decoding=\"async\" width=\"1024\" height=\"683\" src=\"https:\/\/periodiconuevomilenio.com\/wp-content\/uploads\/2024\/08\/img_4632-1024x683.jpg\" alt=\"\" class=\"wp-image-15814\" srcset=\"https:\/\/periodiconuevomilenio.com\/wp-content\/uploads\/2024\/08\/img_4632-1024x683.jpg 1024w, https:\/\/periodiconuevomilenio.com\/wp-content\/uploads\/2024\/08\/img_4632-300x200.jpg 300w, https:\/\/periodiconuevomilenio.com\/wp-content\/uploads\/2024\/08\/img_4632-768x512.jpg 768w, https:\/\/periodiconuevomilenio.com\/wp-content\/uploads\/2024\/08\/img_4632-1536x1024.jpg 1536w, https:\/\/periodiconuevomilenio.com\/wp-content\/uploads\/2024\/08\/img_4632-2048x1365.jpg 2048w\" sizes=\"auto, (max-width: 1024px) 100vw, 1024px\" \/><\/figure>\n\n\n","protected":false},"excerpt":{"rendered":"<p>VALLE DE SANTIAGO, GTO.- Esta ma\u00f1ana fue asesinado el delgado de la comunidad de Loma Tendida, presento varios<\/p>\n","protected":false},"author":1,"featured_media":15814,"comment_status":"open","ping_status":"open","sticky":false,"template":"","format":"standard","meta":{"jetpack_post_was_ever_published":false,"_jetpack_newsletter_access":"","_jetpack_dont_email_post_to_subs":false,"_jetpack_newsletter_tier_id":0,"_jetpack_memberships_contains_paywalled_content":false,"_jetpack_memberships_contains_paid_content":false,"footnotes":"","jetpack_publicize_message":"","jetpack_publicize_feature_enabled":false,"jetpack_social_post_already_shared":false,"jetpack_social_options":{"image_generator_settings":{"template":"highway","enabled":false},"version":2}},"categories":[48,39],"tags":[22],"class_list":["post-15813","post","type-post","status-publish","format-standard","has-post-thumbnail","hentry","category-policiaca","category-valle-de-santiago","tag-valle"],"jetpack_publicize_connections":[],"jetpack_sharing_enabled":true,"jetpack_featured_media_url":"https:\/\/periodiconuevomilenio.com\/wp-content\/uploads\/2024\/08\/img_4632-scaled.jpg","_links":{"self":[{"href":"https:\/\/periodiconuevomilenio.com\/index.php\/wp-json\/wp\/v2\/posts\/15813","targetHints":{"allow":["GET"]}}],"collection":[{"href":"https:\/\/periodiconuevomilenio.com\/index.php\/wp-json\/wp\/v2\/posts"}],"about":[{"href":"https:\/\/periodiconuevomilenio.com\/index.php\/wp-json\/wp\/v2\/types\/post"}],"author":[{"embeddable":true,"href":"https:\/\/periodiconuevomilenio.com\/index.php\/wp-json\/wp\/v2\/users\/1"}],"replies":[{"embeddable":true,"href":"https:\/\/periodiconuevomilenio.com\/index.php\/wp-json\/wp\/v2\/comments?post=15813"}],"version-history":[{"count":1,"href":"https:\/\/periodiconuevomilenio.com\/index.php\/wp-json\/wp\/v2\/posts\/15813\/revisions"}],"predecessor-version":[{"id":15816,"href":"https:\/\/periodiconuevomilenio.com\/index.php\/wp-json\/wp\/v2\/posts\/15813\/revisions\/15816"}],"wp:featuredmedia":[{"embeddable":true,"href":"https:\/\/periodiconuevomilenio.com\/index.php\/wp-json\/wp\/v2\/media\/15814"}],"wp:attachment":[{"href":"https:\/\/periodiconuevomilenio.com\/index.php\/wp-json\/wp\/v2\/media?parent=15813"}],"wp:term":[{"taxonomy":"category","embeddable":true,"href":"https:\/\/periodiconuevomilenio.com\/index.php\/wp-json\/wp\/v2\/categories?post=15813"},{"taxonomy":"post_tag","embeddable":true,"href":"https:\/\/periodiconuevomilenio.com\/index.php\/wp-json\/wp\/v2\/tags?post=15813"}],"curies":[{"name":"wp","href":"https:\/\/api.w.org\/{rel}","templated":true}]}}