{"id":15839,"date":"2024-08-05T01:19:33","date_gmt":"2024-08-05T07:19:33","guid":{"rendered":"https:\/\/periodiconuevomilenio.com\/?p=15839"},"modified":"2024-08-05T01:19:35","modified_gmt":"2024-08-05T07:19:35","slug":"encuentran-a-un-hombre-sin-vida-en-jaral","status":"publish","type":"post","link":"https:\/\/periodiconuevomilenio.com\/index.php\/2024\/08\/05\/encuentran-a-un-hombre-sin-vida-en-jaral\/","title":{"rendered":"Encuentran a un hombre sin vida en Jaral."},"content":{"rendered":"\n<p>JARAL DEL PROGRESO, GTO.- Esta noche&nbsp; del domingo cuatro de&nbsp; agosto fue localizado el cuerpo sin vida de una persona a un costado de la carretera que conduce de Jaral del Progreso a la comunidad de Victoria&nbsp; Cortazar, hasta ahora no ha sido posible su identificaci\u00f3n.<\/p>\n\n\n\n<p>De acuerdo con la informaci\u00f3n preliminar, fue cerca de las&nbsp; 9 de la noche de este domingo cuando al sistema de emergencia 911 se report\u00f3 que se hab\u00edan escuchado detonaciones de arma de fuego, pero no se especific\u00f3 el lugar, por lo que se anduvo indagando.<\/p>\n\n\n\n<p>&nbsp;La gente report\u00f3 que se escuchaban en diferentes puntos de la ciudad&nbsp; y&nbsp; no sab\u00edan de d\u00f3nde proven\u00edan, se mont\u00f3 un operativo de b\u00fasqueda, pero no dio resultados.<\/p>\n\n\n\n<p>Hasta que&nbsp; lleg\u00f3 una nueva llamada reportado una persona tira en carretera Jaral &#8211; Victoria a la altura de la gasera, Nieto, la cual se trataba de un masculino joven, el mismo ya sin signos vitales, el cual presentaba varias heridas de las disparadas por&nbsp; arma de fuego.<\/p>\n\n\n\n<p>Se confirm\u00f3 el hecho y tras haber sido revisado por param\u00e9dicos de Protecci\u00f3n Civil y bomberos que determinaron que ya no ten\u00eda signos vitales, se procedi\u00f3 a acordonar el \u00e1rea y dar&nbsp; aviso a la Fiscal\u00eda.<\/p>\n\n\n\n<p>\u00a0Al\u00a0 lugar llegaron agentes del ministerio\u00a0 p\u00fablico que dieron\u00a0 fe de los hechos y agentes de investigaci\u00f3n criminal\u00a0 trabajaron en el lugar para levantar individuos y abrir una carpeta de investigaci\u00f3n que lleve a esclarecer este asesinato, as\u00ed como la identidad plena de esta persona.<\/p>\n\n\n\n<figure class=\"wp-block-image size-full\"><img loading=\"lazy\" decoding=\"async\" width=\"294\" height=\"213\" src=\"https:\/\/periodiconuevomilenio.com\/wp-content\/uploads\/2024\/08\/11920514_1644102792496179_961890798_n.jpg\" alt=\"\" class=\"wp-image-15841\"\/><\/figure>\n\n\n","protected":false},"excerpt":{"rendered":"<p>JARAL DEL PROGRESO, GTO.- Esta noche&nbsp; del domingo cuatro de&nbsp; agosto fue localizado el cuerpo sin vida de<\/p>\n","protected":false},"author":1,"featured_media":15841,"comment_status":"open","ping_status":"open","sticky":false,"template":"","format":"standard","meta":{"jetpack_post_was_ever_published":false,"_jetpack_newsletter_access":"","_jetpack_dont_email_post_to_subs":false,"_jetpack_newsletter_tier_id":0,"_jetpack_memberships_contains_paywalled_content":false,"_jetpack_memberships_contains_paid_content":false,"footnotes":"","jetpack_publicize_message":"","jetpack_publicize_feature_enabled":false,"jetpack_social_post_already_shared":false,"jetpack_social_options":{"image_generator_settings":{"template":"highway","enabled":false},"version":2}},"categories":[34,48],"tags":[51,23],"class_list":["post-15839","post","type-post","status-publish","format-standard","has-post-thumbnail","hentry","category-jaral-del-progreso","category-policiaca","tag-estado","tag-jaral"],"jetpack_publicize_connections":[],"jetpack_sharing_enabled":true,"jetpack_featured_media_url":"https:\/\/periodiconuevomilenio.com\/wp-content\/uploads\/2024\/08\/11920514_1644102792496179_961890798_n.jpg","_links":{"self":[{"href":"https:\/\/periodiconuevomilenio.com\/index.php\/wp-json\/wp\/v2\/posts\/15839","targetHints":{"allow":["GET"]}}],"collection":[{"href":"https:\/\/periodiconuevomilenio.com\/index.php\/wp-json\/wp\/v2\/posts"}],"about":[{"href":"https:\/\/periodiconuevomilenio.com\/index.php\/wp-json\/wp\/v2\/types\/post"}],"author":[{"embeddable":true,"href":"https:\/\/periodiconuevomilenio.com\/index.php\/wp-json\/wp\/v2\/users\/1"}],"replies":[{"embeddable":true,"href":"https:\/\/periodiconuevomilenio.com\/index.php\/wp-json\/wp\/v2\/comments?post=15839"}],"version-history":[{"count":1,"href":"https:\/\/periodiconuevomilenio.com\/index.php\/wp-json\/wp\/v2\/posts\/15839\/revisions"}],"predecessor-version":[{"id":15842,"href":"https:\/\/periodiconuevomilenio.com\/index.php\/wp-json\/wp\/v2\/posts\/15839\/revisions\/15842"}],"wp:featuredmedia":[{"embeddable":true,"href":"https:\/\/periodiconuevomilenio.com\/index.php\/wp-json\/wp\/v2\/media\/15841"}],"wp:attachment":[{"href":"https:\/\/periodiconuevomilenio.com\/index.php\/wp-json\/wp\/v2\/media?parent=15839"}],"wp:term":[{"taxonomy":"category","embeddable":true,"href":"https:\/\/periodiconuevomilenio.com\/index.php\/wp-json\/wp\/v2\/categories?post=15839"},{"taxonomy":"post_tag","embeddable":true,"href":"https:\/\/periodiconuevomilenio.com\/index.php\/wp-json\/wp\/v2\/tags?post=15839"}],"curies":[{"name":"wp","href":"https:\/\/api.w.org\/{rel}","templated":true}]}}