{"id":15843,"date":"2024-08-05T10:37:16","date_gmt":"2024-08-05T16:37:16","guid":{"rendered":"https:\/\/periodiconuevomilenio.com\/?p=15843"},"modified":"2024-08-05T10:37:18","modified_gmt":"2024-08-05T16:37:18","slug":"lanzan-convocatoria-para-renovar-el-comite-directivo-estatal-del-pan-guanajuato-2024-2027","status":"publish","type":"post","link":"https:\/\/periodiconuevomilenio.com\/index.php\/2024\/08\/05\/lanzan-convocatoria-para-renovar-el-comite-directivo-estatal-del-pan-guanajuato-2024-2027\/","title":{"rendered":"Lanzan convocatoria para renovar el Comit\u00e9 Directivo Estatal del PAN Guanajuato 2024-2027"},"content":{"rendered":"\n<p>Se lanz\u00f3 la convocatoria para la elecci\u00f3n del Comit\u00e9 Directivo Estatal del PAN 2024-2027, a trav\u00e9s de los formatos y registros ya publicados en los estrados f\u00edsicos y electr\u00f3nicos de Acci\u00f3n Nacional, para llevar a cabo este proceso de transici\u00f3n, el pr\u00f3ximo lunes 2 de septiembre.<\/p>\n\n\n\n<p>A un mes de esta renovaci\u00f3n, se lanz\u00f3 la convocatoria y la solicitud de registro para quienes se vean interesados o interesadas en ocupar los cargos del Comit\u00e9 Directivo Estatal.<\/p>\n\n\n\n<p>La convocatoria a la Sesi\u00f3n Extraordinaria N\u00famero 2 se llevar\u00e1 a cabo el pr\u00f3ximo 2 de septiembre.<\/p>\n\n\n\n<p>La convocatoria puede consultarse en los Estrados Electr\u00f3nicos de Acci\u00f3n Nacional, en la siguiente liga: <a href=\"https:\/\/panguanajuatomx.org\/wp-content\/uploads\/2024\/08\/Convocatoria-y-lineamientos-eleccion-CDE-Gto.pdf\">https:\/\/panguanajuatomx.org\/wp-content\/uploads\/2024\/08\/Convocatoria-y-lineamientos-eleccion-CDE-Gto.pdf<\/a>.<\/p>\n\n\n\n<figure class=\"wp-block-image size-full\"><img loading=\"lazy\" decoding=\"async\" width=\"150\" height=\"150\" src=\"https:\/\/periodiconuevomilenio.com\/wp-content\/uploads\/2024\/08\/LOGO-PAN-ICON_33.png\" alt=\"\" class=\"wp-image-15844\"\/><\/figure>\n\n\n","protected":false},"excerpt":{"rendered":"<p>Se lanz\u00f3 la convocatoria para la elecci\u00f3n del Comit\u00e9 Directivo Estatal del PAN 2024-2027, a trav\u00e9s de los<\/p>\n","protected":false},"author":1,"featured_media":15844,"comment_status":"open","ping_status":"open","sticky":false,"template":"","format":"standard","meta":{"jetpack_post_was_ever_published":false,"_jetpack_newsletter_access":"","_jetpack_dont_email_post_to_subs":false,"_jetpack_newsletter_tier_id":0,"_jetpack_memberships_contains_paywalled_content":false,"_jetpack_memberships_contains_paid_content":false,"footnotes":"","jetpack_publicize_message":"","jetpack_publicize_feature_enabled":false,"jetpack_social_post_already_shared":false,"jetpack_social_options":{"image_generator_settings":{"template":"highway","enabled":false},"version":2}},"categories":[31],"tags":[51],"class_list":["post-15843","post","type-post","status-publish","format-standard","has-post-thumbnail","hentry","category-estado","tag-estado"],"jetpack_publicize_connections":[],"jetpack_sharing_enabled":true,"jetpack_featured_media_url":"https:\/\/periodiconuevomilenio.com\/wp-content\/uploads\/2024\/08\/LOGO-PAN-ICON_33.png","_links":{"self":[{"href":"https:\/\/periodiconuevomilenio.com\/index.php\/wp-json\/wp\/v2\/posts\/15843","targetHints":{"allow":["GET"]}}],"collection":[{"href":"https:\/\/periodiconuevomilenio.com\/index.php\/wp-json\/wp\/v2\/posts"}],"about":[{"href":"https:\/\/periodiconuevomilenio.com\/index.php\/wp-json\/wp\/v2\/types\/post"}],"author":[{"embeddable":true,"href":"https:\/\/periodiconuevomilenio.com\/index.php\/wp-json\/wp\/v2\/users\/1"}],"replies":[{"embeddable":true,"href":"https:\/\/periodiconuevomilenio.com\/index.php\/wp-json\/wp\/v2\/comments?post=15843"}],"version-history":[{"count":1,"href":"https:\/\/periodiconuevomilenio.com\/index.php\/wp-json\/wp\/v2\/posts\/15843\/revisions"}],"predecessor-version":[{"id":15845,"href":"https:\/\/periodiconuevomilenio.com\/index.php\/wp-json\/wp\/v2\/posts\/15843\/revisions\/15845"}],"wp:featuredmedia":[{"embeddable":true,"href":"https:\/\/periodiconuevomilenio.com\/index.php\/wp-json\/wp\/v2\/media\/15844"}],"wp:attachment":[{"href":"https:\/\/periodiconuevomilenio.com\/index.php\/wp-json\/wp\/v2\/media?parent=15843"}],"wp:term":[{"taxonomy":"category","embeddable":true,"href":"https:\/\/periodiconuevomilenio.com\/index.php\/wp-json\/wp\/v2\/categories?post=15843"},{"taxonomy":"post_tag","embeddable":true,"href":"https:\/\/periodiconuevomilenio.com\/index.php\/wp-json\/wp\/v2\/tags?post=15843"}],"curies":[{"name":"wp","href":"https:\/\/api.w.org\/{rel}","templated":true}]}}