{"id":15906,"date":"2024-08-09T10:35:37","date_gmt":"2024-08-09T16:35:37","guid":{"rendered":"https:\/\/periodiconuevomilenio.com\/?p=15906"},"modified":"2024-08-09T10:35:39","modified_gmt":"2024-08-09T16:35:39","slug":"mataron-a-un-masculino-cerca-de-la-iz","status":"publish","type":"post","link":"https:\/\/periodiconuevomilenio.com\/index.php\/2024\/08\/09\/mataron-a-un-masculino-cerca-de-la-iz\/","title":{"rendered":"Mataron a un masculino cerca de la IZ"},"content":{"rendered":"\n<p>JARAL DEL PROGRESO, GTO.- Al parecer era de la comunidad de la Bolsa y fue identificado como Jos\u00e9 Luis, la persona que fue asesinada a balazos en los \u00faltimos minutos del pasado jueves 8 de agosto.<\/p>\n\n\n\n<p>De acuerdo con los informes de la Comisar\u00eda de Seguridad P\u00fablica, fue este jueves 8 de agosto cuando, al filo de las 23:15 horas, reportaron al sistema de emergencia 911 que se hab\u00edan escuchado disparos de arma de fuego y, al parecer, encontraba una persona lesionada en la colonia del Valle.<\/p>\n\n\n\n<p>De inmediato se trasladaron a bordo de las patrullas elementos de seguridad p\u00fablica y llegaron al lugar indicado en la calle Fulgencio Vargas a la altura del n\u00famero 407 muy cerca de lo que es la secundaria \u201cIgnacio Zaragoza\u201d encontrando en el interior de una vivienda que se encontraba una persona lesionada.<\/p>\n\n\n\n<p>Se solicita la presencia de param\u00e9dicos de Protecci\u00f3n Civil y Bomberos, revelando que ya no contaba con signos vitales, avisando a la central de emergencias para que informara sobre este hecho a la fiscal\u00eda del estado.<\/p>\n\n\n\n<p>Llegaron al lugar el agente del Ministerio P\u00fablico que dio fe de los hechos acompa\u00f1ado de peritos y agentes de investigaci\u00f3n criminal que abrieron una carpeta de investigaci\u00f3n para conocer la mec\u00e1nica de los hechos, ya que en el mismo lugar fue identificada la persona sin vida como Jos\u00e9 Luis.<\/p>\n\n\n\n<figure class=\"wp-block-image size-full\"><img loading=\"lazy\" decoding=\"async\" width=\"941\" height=\"541\" src=\"https:\/\/periodiconuevomilenio.com\/wp-content\/uploads\/2024\/08\/449182342_491817790024227_2078571992787115402_n.jpg\" alt=\"\" class=\"wp-image-15907\" srcset=\"https:\/\/periodiconuevomilenio.com\/wp-content\/uploads\/2024\/08\/449182342_491817790024227_2078571992787115402_n.jpg 941w, https:\/\/periodiconuevomilenio.com\/wp-content\/uploads\/2024\/08\/449182342_491817790024227_2078571992787115402_n-300x172.jpg 300w, https:\/\/periodiconuevomilenio.com\/wp-content\/uploads\/2024\/08\/449182342_491817790024227_2078571992787115402_n-768x442.jpg 768w\" sizes=\"auto, (max-width: 941px) 100vw, 941px\" \/><\/figure>\n\n\n","protected":false},"excerpt":{"rendered":"<p>JARAL DEL PROGRESO, GTO.- Al parecer era de la comunidad de la Bolsa y fue identificado como Jos\u00e9<\/p>\n","protected":false},"author":1,"featured_media":15907,"comment_status":"open","ping_status":"open","sticky":false,"template":"","format":"standard","meta":{"jetpack_post_was_ever_published":false,"_jetpack_newsletter_access":"","_jetpack_dont_email_post_to_subs":false,"_jetpack_newsletter_tier_id":0,"_jetpack_memberships_contains_paywalled_content":false,"_jetpack_memberships_contains_paid_content":false,"footnotes":"","jetpack_publicize_message":"","jetpack_publicize_feature_enabled":false,"jetpack_social_post_already_shared":false,"jetpack_social_options":{"image_generator_settings":{"template":"highway","enabled":false},"version":2}},"categories":[34,48],"tags":[23],"class_list":["post-15906","post","type-post","status-publish","format-standard","has-post-thumbnail","hentry","category-jaral-del-progreso","category-policiaca","tag-jaral"],"jetpack_publicize_connections":[],"jetpack_sharing_enabled":true,"jetpack_featured_media_url":"https:\/\/periodiconuevomilenio.com\/wp-content\/uploads\/2024\/08\/449182342_491817790024227_2078571992787115402_n.jpg","_links":{"self":[{"href":"https:\/\/periodiconuevomilenio.com\/index.php\/wp-json\/wp\/v2\/posts\/15906","targetHints":{"allow":["GET"]}}],"collection":[{"href":"https:\/\/periodiconuevomilenio.com\/index.php\/wp-json\/wp\/v2\/posts"}],"about":[{"href":"https:\/\/periodiconuevomilenio.com\/index.php\/wp-json\/wp\/v2\/types\/post"}],"author":[{"embeddable":true,"href":"https:\/\/periodiconuevomilenio.com\/index.php\/wp-json\/wp\/v2\/users\/1"}],"replies":[{"embeddable":true,"href":"https:\/\/periodiconuevomilenio.com\/index.php\/wp-json\/wp\/v2\/comments?post=15906"}],"version-history":[{"count":1,"href":"https:\/\/periodiconuevomilenio.com\/index.php\/wp-json\/wp\/v2\/posts\/15906\/revisions"}],"predecessor-version":[{"id":15908,"href":"https:\/\/periodiconuevomilenio.com\/index.php\/wp-json\/wp\/v2\/posts\/15906\/revisions\/15908"}],"wp:featuredmedia":[{"embeddable":true,"href":"https:\/\/periodiconuevomilenio.com\/index.php\/wp-json\/wp\/v2\/media\/15907"}],"wp:attachment":[{"href":"https:\/\/periodiconuevomilenio.com\/index.php\/wp-json\/wp\/v2\/media?parent=15906"}],"wp:term":[{"taxonomy":"category","embeddable":true,"href":"https:\/\/periodiconuevomilenio.com\/index.php\/wp-json\/wp\/v2\/categories?post=15906"},{"taxonomy":"post_tag","embeddable":true,"href":"https:\/\/periodiconuevomilenio.com\/index.php\/wp-json\/wp\/v2\/tags?post=15906"}],"curies":[{"name":"wp","href":"https:\/\/api.w.org\/{rel}","templated":true}]}}