{"id":15926,"date":"2024-08-11T18:09:50","date_gmt":"2024-08-12T00:09:50","guid":{"rendered":"https:\/\/periodiconuevomilenio.com\/?p=15926"},"modified":"2024-08-11T18:09:52","modified_gmt":"2024-08-12T00:09:52","slug":"asesinan-a-un-hombre-en-el-jardin-de-capitiro","status":"publish","type":"post","link":"https:\/\/periodiconuevomilenio.com\/index.php\/2024\/08\/11\/asesinan-a-un-hombre-en-el-jardin-de-capitiro\/","title":{"rendered":"Asesinan a un hombre en el jard\u00edn de Capitiro."},"content":{"rendered":"\n<p>&nbsp;JARAL DEL PROGRESO, GTO.- Jornada violenta en el municipio de Jaral, ese domingo 11 de agosto, se registran dos ejecuciones s, una por la a ma\u00f1ana&nbsp; en la colonia Las Flores y por la tarde en el poblado de Capitiro, ninguno de los dos ha sido identificado.<\/p>\n\n\n\n<p>&nbsp;De acuerdo con los informes preliminares de la Comisar\u00eda de Seguridad P\u00fablica, fue en la tarde, aproximadamente, reportan detonaciones de arma de fuego en la comunidad de Santiago Capitiro.<\/p>\n\n\n\n<p>&nbsp;Elementos de la Polic\u00eda se trasladan al lugar, encontrando&nbsp; a una persona del sexo masculino en el piso en el jard\u00edn con l\u00edquido hep\u00e1tico en la cabeza, solicitando los servicios m\u00e9dicos para atenci\u00f3n de la persona.<\/p>\n\n\n\n<p>&nbsp;Arribando param\u00e9dicos&nbsp; que indican&nbsp; que ya no&nbsp; contaba con signos vitales, comunicando a la central de emergencias para que avise a las autoridades correspondientes.<\/p>\n\n\n\n<p>&nbsp;En el sitio tambi\u00e9n estuvieron polic\u00edas estales y elementos de la Guarida Nacional, as\u00ed como del ej\u00e9rcito&nbsp; que custodiaron el lugar, mientras agentes&nbsp; de la fiscal\u00eda trabajaban en el sitio recogiendo toda evidencia y abrir la carpeta de investigaci\u00f3n. Hasta ahora se desconoce la identidad de la persona.<\/p>\n\n\n\n<p>\u00a0El cuerpo fue enviado al servicio\u00a0 m\u00e9dico forense a trav\u00e9s de la ambulancia de traslado de indicios, para practicar la necropsia\u00a0\u00a0 de ley y determinar las causas reales de su muerte as\u00ed como la mec\u00e1nica de los hechos\u00a0 y la identidad de esta persona, siendo la segunda ejecuci\u00f3n que se realiza en este d\u00eda en diferentes puntos del municipio.<\/p>\n\n\n\n<figure class=\"wp-block-image size-large\"><img loading=\"lazy\" decoding=\"async\" width=\"1024\" height=\"696\" src=\"https:\/\/periodiconuevomilenio.com\/wp-content\/uploads\/2024\/08\/screenshot_2024-08-07-16-50-01-25_a23b203fd3aafc6dcb84e438dda678b6-1024x696.jpg\" alt=\"\" class=\"wp-image-15927\" srcset=\"https:\/\/periodiconuevomilenio.com\/wp-content\/uploads\/2024\/08\/screenshot_2024-08-07-16-50-01-25_a23b203fd3aafc6dcb84e438dda678b6-1024x696.jpg 1024w, https:\/\/periodiconuevomilenio.com\/wp-content\/uploads\/2024\/08\/screenshot_2024-08-07-16-50-01-25_a23b203fd3aafc6dcb84e438dda678b6-300x204.jpg 300w, https:\/\/periodiconuevomilenio.com\/wp-content\/uploads\/2024\/08\/screenshot_2024-08-07-16-50-01-25_a23b203fd3aafc6dcb84e438dda678b6-768x522.jpg 768w, https:\/\/periodiconuevomilenio.com\/wp-content\/uploads\/2024\/08\/screenshot_2024-08-07-16-50-01-25_a23b203fd3aafc6dcb84e438dda678b6.jpg 1080w\" sizes=\"auto, (max-width: 1024px) 100vw, 1024px\" \/><\/figure>\n\n\n","protected":false},"excerpt":{"rendered":"<p>&nbsp;JARAL DEL PROGRESO, GTO.- Jornada violenta en el municipio de Jaral, ese domingo 11 de agosto, se registran<\/p>\n","protected":false},"author":1,"featured_media":15927,"comment_status":"open","ping_status":"open","sticky":false,"template":"","format":"standard","meta":{"jetpack_post_was_ever_published":false,"_jetpack_newsletter_access":"","_jetpack_dont_email_post_to_subs":false,"_jetpack_newsletter_tier_id":0,"_jetpack_memberships_contains_paywalled_content":false,"_jetpack_memberships_contains_paid_content":false,"footnotes":"","jetpack_publicize_message":"","jetpack_publicize_feature_enabled":false,"jetpack_social_post_already_shared":false,"jetpack_social_options":{"image_generator_settings":{"template":"highway","enabled":false},"version":2}},"categories":[34,48],"tags":[51,23],"class_list":["post-15926","post","type-post","status-publish","format-standard","has-post-thumbnail","hentry","category-jaral-del-progreso","category-policiaca","tag-estado","tag-jaral"],"jetpack_publicize_connections":[],"jetpack_sharing_enabled":true,"jetpack_featured_media_url":"https:\/\/periodiconuevomilenio.com\/wp-content\/uploads\/2024\/08\/screenshot_2024-08-07-16-50-01-25_a23b203fd3aafc6dcb84e438dda678b6.jpg","_links":{"self":[{"href":"https:\/\/periodiconuevomilenio.com\/index.php\/wp-json\/wp\/v2\/posts\/15926","targetHints":{"allow":["GET"]}}],"collection":[{"href":"https:\/\/periodiconuevomilenio.com\/index.php\/wp-json\/wp\/v2\/posts"}],"about":[{"href":"https:\/\/periodiconuevomilenio.com\/index.php\/wp-json\/wp\/v2\/types\/post"}],"author":[{"embeddable":true,"href":"https:\/\/periodiconuevomilenio.com\/index.php\/wp-json\/wp\/v2\/users\/1"}],"replies":[{"embeddable":true,"href":"https:\/\/periodiconuevomilenio.com\/index.php\/wp-json\/wp\/v2\/comments?post=15926"}],"version-history":[{"count":1,"href":"https:\/\/periodiconuevomilenio.com\/index.php\/wp-json\/wp\/v2\/posts\/15926\/revisions"}],"predecessor-version":[{"id":15928,"href":"https:\/\/periodiconuevomilenio.com\/index.php\/wp-json\/wp\/v2\/posts\/15926\/revisions\/15928"}],"wp:featuredmedia":[{"embeddable":true,"href":"https:\/\/periodiconuevomilenio.com\/index.php\/wp-json\/wp\/v2\/media\/15927"}],"wp:attachment":[{"href":"https:\/\/periodiconuevomilenio.com\/index.php\/wp-json\/wp\/v2\/media?parent=15926"}],"wp:term":[{"taxonomy":"category","embeddable":true,"href":"https:\/\/periodiconuevomilenio.com\/index.php\/wp-json\/wp\/v2\/categories?post=15926"},{"taxonomy":"post_tag","embeddable":true,"href":"https:\/\/periodiconuevomilenio.com\/index.php\/wp-json\/wp\/v2\/tags?post=15926"}],"curies":[{"name":"wp","href":"https:\/\/api.w.org\/{rel}","templated":true}]}}