{"id":15940,"date":"2024-08-13T10:43:37","date_gmt":"2024-08-13T16:43:37","guid":{"rendered":"https:\/\/periodiconuevomilenio.com\/?p=15940"},"modified":"2024-08-13T10:43:39","modified_gmt":"2024-08-13T16:43:39","slug":"identifican-a-las-personas-que-perdieron-la-vida-a-balazos","status":"publish","type":"post","link":"https:\/\/periodiconuevomilenio.com\/index.php\/2024\/08\/13\/identifican-a-las-personas-que-perdieron-la-vida-a-balazos\/","title":{"rendered":"Identifican a las personas que perdieron la vida a balazos."},"content":{"rendered":"\n<p>Jaral del Progreso, Gto.- Fueron identificadas plenamente las dos personas que en distintos hechos perdieron la vida tras ser agredidos a balazos en este municipio, uno de ellos en la comunidad de Santiago Capitiro y el otro en cabecera municipal en la colonia Las Flores.<\/p>\n\n\n\n<p>De acuerdo con lo informado por la fiscal\u00eda del Estado fue el pasado domingo cuando cerca de las 10 de la ma\u00f1ana con 15 minutos cuando al sistema de emergencia 911 lleg\u00f3 una llamada, poniendo en alerta a la comisar\u00eda de seguridad p\u00fablica que se hab\u00edan escuchado fuertes detonaciones de arma de fuego en la colonia Las Flores.<\/p>\n\n\n\n<p>Ah\u00ed se encontr\u00f3 una persona sin vida, el cual present\u00f3 varias heridas producidas por proyectiles disparados por arma de fuego, el cual fue identificado como Jos\u00e9 Guadalupe \u201cN\u201d.<\/p>\n\n\n\n<p>Mientas que en el poblado de Santiago Capitiro por la tarde del mismo domingo se registr\u00f3 asesinato, fue muerto a balazos un joven en pleno Jard\u00edn de la comunidad el cual tambi\u00e9n presento varias heridas de las producidas por proyectiles disparados por arma de fuego, fue identificado como Jes\u00fas Salo \u201cN\u201d.<\/p>\n\n\n\n<figure class=\"wp-block-image size-full\"><img loading=\"lazy\" decoding=\"async\" width=\"572\" height=\"395\" src=\"https:\/\/periodiconuevomilenio.com\/wp-content\/uploads\/2024\/08\/screenshot_2024-07-22-14-09-20-54_a23b203fd3aafc6dcb84e438dda678b6-2.jpg\" alt=\"\" class=\"wp-image-15941\" srcset=\"https:\/\/periodiconuevomilenio.com\/wp-content\/uploads\/2024\/08\/screenshot_2024-07-22-14-09-20-54_a23b203fd3aafc6dcb84e438dda678b6-2.jpg 572w, https:\/\/periodiconuevomilenio.com\/wp-content\/uploads\/2024\/08\/screenshot_2024-07-22-14-09-20-54_a23b203fd3aafc6dcb84e438dda678b6-2-300x207.jpg 300w\" sizes=\"auto, (max-width: 572px) 100vw, 572px\" \/><\/figure>\n\n\n","protected":false},"excerpt":{"rendered":"<p>Jaral del Progreso, Gto.- Fueron identificadas plenamente las dos personas que en distintos hechos perdieron la vida tras<\/p>\n","protected":false},"author":1,"featured_media":15941,"comment_status":"open","ping_status":"open","sticky":false,"template":"","format":"standard","meta":{"jetpack_post_was_ever_published":false,"_jetpack_newsletter_access":"","_jetpack_dont_email_post_to_subs":false,"_jetpack_newsletter_tier_id":0,"_jetpack_memberships_contains_paywalled_content":false,"_jetpack_memberships_contains_paid_content":false,"footnotes":"","jetpack_publicize_message":"","jetpack_publicize_feature_enabled":false,"jetpack_social_post_already_shared":false,"jetpack_social_options":{"image_generator_settings":{"template":"highway","enabled":false},"version":2}},"categories":[34,48],"tags":[23],"class_list":["post-15940","post","type-post","status-publish","format-standard","has-post-thumbnail","hentry","category-jaral-del-progreso","category-policiaca","tag-jaral"],"jetpack_publicize_connections":[],"jetpack_sharing_enabled":true,"jetpack_featured_media_url":"https:\/\/periodiconuevomilenio.com\/wp-content\/uploads\/2024\/08\/screenshot_2024-07-22-14-09-20-54_a23b203fd3aafc6dcb84e438dda678b6-2.jpg","_links":{"self":[{"href":"https:\/\/periodiconuevomilenio.com\/index.php\/wp-json\/wp\/v2\/posts\/15940","targetHints":{"allow":["GET"]}}],"collection":[{"href":"https:\/\/periodiconuevomilenio.com\/index.php\/wp-json\/wp\/v2\/posts"}],"about":[{"href":"https:\/\/periodiconuevomilenio.com\/index.php\/wp-json\/wp\/v2\/types\/post"}],"author":[{"embeddable":true,"href":"https:\/\/periodiconuevomilenio.com\/index.php\/wp-json\/wp\/v2\/users\/1"}],"replies":[{"embeddable":true,"href":"https:\/\/periodiconuevomilenio.com\/index.php\/wp-json\/wp\/v2\/comments?post=15940"}],"version-history":[{"count":1,"href":"https:\/\/periodiconuevomilenio.com\/index.php\/wp-json\/wp\/v2\/posts\/15940\/revisions"}],"predecessor-version":[{"id":15942,"href":"https:\/\/periodiconuevomilenio.com\/index.php\/wp-json\/wp\/v2\/posts\/15940\/revisions\/15942"}],"wp:featuredmedia":[{"embeddable":true,"href":"https:\/\/periodiconuevomilenio.com\/index.php\/wp-json\/wp\/v2\/media\/15941"}],"wp:attachment":[{"href":"https:\/\/periodiconuevomilenio.com\/index.php\/wp-json\/wp\/v2\/media?parent=15940"}],"wp:term":[{"taxonomy":"category","embeddable":true,"href":"https:\/\/periodiconuevomilenio.com\/index.php\/wp-json\/wp\/v2\/categories?post=15940"},{"taxonomy":"post_tag","embeddable":true,"href":"https:\/\/periodiconuevomilenio.com\/index.php\/wp-json\/wp\/v2\/tags?post=15940"}],"curies":[{"name":"wp","href":"https:\/\/api.w.org\/{rel}","templated":true}]}}