{"id":15947,"date":"2024-08-13T17:29:33","date_gmt":"2024-08-13T23:29:33","guid":{"rendered":"https:\/\/periodiconuevomilenio.com\/?p=15947"},"modified":"2024-08-13T17:29:36","modified_gmt":"2024-08-13T23:29:36","slug":"la-fiscalia-de-guanajuato-logro-que-yoscani-gerardo-n-fuera-vinculado-a-proceso-penal-por-el-delito-de-desaparicion-de-personas-en-silao","status":"publish","type":"post","link":"https:\/\/periodiconuevomilenio.com\/index.php\/2024\/08\/13\/la-fiscalia-de-guanajuato-logro-que-yoscani-gerardo-n-fuera-vinculado-a-proceso-penal-por-el-delito-de-desaparicion-de-personas-en-silao\/","title":{"rendered":"La Fiscal\u00eda de Guanajuato logr\u00f3 que YOSCANI GERARDO \u201cN\u201d fuera vinculado a proceso penal por el delito de desaparici\u00f3n de personas en Silao"},"content":{"rendered":"\n<p>Silao, Gto. 13 de agosto de 2024.- Una investigaci\u00f3n por el delito de desaparici\u00f3n cometida por particulares, condujo a Agentes de Investigaci\u00f3n Criminal a la detenci\u00f3n de&nbsp;YOSCANI&nbsp;GERARDO \u201cN\u201d. Este sujeto, particip\u00f3 en la desaparici\u00f3n de un joven de 26 a\u00f1os, el 23 de julio de 2024, en Silao.<\/p>\n\n\n\n<p>De acuerdo a la carpeta de investigaci\u00f3n, la v\u00edctima acudi\u00f3 a un domicilio en la comunidad Los Rodr\u00edguez en donde se encontraba el inculpado, quien golpe\u00f3 a la v\u00edctima, lo maniat\u00f3 y priv\u00f3 de la libertad. Posteriormente lo subi\u00f3 a una camioneta y se lo llev\u00f3 con rumbo desconocido.<\/p>\n\n\n\n<p>La Fiscal\u00eda present\u00f3 al Juez datos de prueba que&nbsp;acreditan&nbsp;la probable responsabilidad de&nbsp;YOSCANI&nbsp;GERARDO \u201cN\u201d en estos hechos y logr\u00f3 que fuera vinculado a proceso con prisi\u00f3n preventiva.<\/p>\n\n\n\n<figure class=\"wp-block-image size-large\"><img loading=\"lazy\" decoding=\"async\" width=\"819\" height=\"1024\" src=\"https:\/\/periodiconuevomilenio.com\/wp-content\/uploads\/2024\/08\/thumbnail-2-819x1024.jpg\" alt=\"\" class=\"wp-image-15948\" srcset=\"https:\/\/periodiconuevomilenio.com\/wp-content\/uploads\/2024\/08\/thumbnail-2-819x1024.jpg 819w, https:\/\/periodiconuevomilenio.com\/wp-content\/uploads\/2024\/08\/thumbnail-2-240x300.jpg 240w, https:\/\/periodiconuevomilenio.com\/wp-content\/uploads\/2024\/08\/thumbnail-2-768x960.jpg 768w, https:\/\/periodiconuevomilenio.com\/wp-content\/uploads\/2024\/08\/thumbnail-2-1024x1280.jpg 1024w, https:\/\/periodiconuevomilenio.com\/wp-content\/uploads\/2024\/08\/thumbnail-2.jpg 1080w\" sizes=\"auto, (max-width: 819px) 100vw, 819px\" \/><\/figure>\n\n\n","protected":false},"excerpt":{"rendered":"<p>Silao, Gto. 13 de agosto de 2024.- Una investigaci\u00f3n por el delito de desaparici\u00f3n cometida por particulares, condujo<\/p>\n","protected":false},"author":1,"featured_media":15948,"comment_status":"open","ping_status":"open","sticky":false,"template":"","format":"standard","meta":{"jetpack_post_was_ever_published":false,"_jetpack_newsletter_access":"","_jetpack_dont_email_post_to_subs":false,"_jetpack_newsletter_tier_id":0,"_jetpack_memberships_contains_paywalled_content":false,"_jetpack_memberships_contains_paid_content":false,"footnotes":"","jetpack_publicize_message":"","jetpack_publicize_feature_enabled":false,"jetpack_social_post_already_shared":false,"jetpack_social_options":{"image_generator_settings":{"template":"highway","enabled":false},"version":2}},"categories":[31,48],"tags":[51],"class_list":["post-15947","post","type-post","status-publish","format-standard","has-post-thumbnail","hentry","category-estado","category-policiaca","tag-estado"],"jetpack_publicize_connections":[],"jetpack_sharing_enabled":true,"jetpack_featured_media_url":"https:\/\/periodiconuevomilenio.com\/wp-content\/uploads\/2024\/08\/thumbnail-2.jpg","_links":{"self":[{"href":"https:\/\/periodiconuevomilenio.com\/index.php\/wp-json\/wp\/v2\/posts\/15947","targetHints":{"allow":["GET"]}}],"collection":[{"href":"https:\/\/periodiconuevomilenio.com\/index.php\/wp-json\/wp\/v2\/posts"}],"about":[{"href":"https:\/\/periodiconuevomilenio.com\/index.php\/wp-json\/wp\/v2\/types\/post"}],"author":[{"embeddable":true,"href":"https:\/\/periodiconuevomilenio.com\/index.php\/wp-json\/wp\/v2\/users\/1"}],"replies":[{"embeddable":true,"href":"https:\/\/periodiconuevomilenio.com\/index.php\/wp-json\/wp\/v2\/comments?post=15947"}],"version-history":[{"count":1,"href":"https:\/\/periodiconuevomilenio.com\/index.php\/wp-json\/wp\/v2\/posts\/15947\/revisions"}],"predecessor-version":[{"id":15949,"href":"https:\/\/periodiconuevomilenio.com\/index.php\/wp-json\/wp\/v2\/posts\/15947\/revisions\/15949"}],"wp:featuredmedia":[{"embeddable":true,"href":"https:\/\/periodiconuevomilenio.com\/index.php\/wp-json\/wp\/v2\/media\/15948"}],"wp:attachment":[{"href":"https:\/\/periodiconuevomilenio.com\/index.php\/wp-json\/wp\/v2\/media?parent=15947"}],"wp:term":[{"taxonomy":"category","embeddable":true,"href":"https:\/\/periodiconuevomilenio.com\/index.php\/wp-json\/wp\/v2\/categories?post=15947"},{"taxonomy":"post_tag","embeddable":true,"href":"https:\/\/periodiconuevomilenio.com\/index.php\/wp-json\/wp\/v2\/tags?post=15947"}],"curies":[{"name":"wp","href":"https:\/\/api.w.org\/{rel}","templated":true}]}}