{"id":1601,"date":"2023-03-24T08:15:56","date_gmt":"2023-03-24T14:15:56","guid":{"rendered":"https:\/\/periodiconuevomilenio.com\/?p=1601"},"modified":"2023-03-24T08:15:58","modified_gmt":"2023-03-24T14:15:58","slug":"herido-cerca-de-la-tienda-amarilla","status":"publish","type":"post","link":"https:\/\/periodiconuevomilenio.com\/index.php\/2023\/03\/24\/herido-cerca-de-la-tienda-amarilla\/","title":{"rendered":"<strong>Herido cerca de la tienda Amarilla<\/strong>"},"content":{"rendered":"\n<p>VALLE DE SANTIAGO, GTO.- La noche de este jueves 23 de marzo, &nbsp;una persona joven resulto con varios impactos de arma de fuego luego de que se registrar aun ataque a balazos , hasta ahora se desconoce la identidad y el estado&nbsp; en que se encuentra la persona herida, solo se dijo que fue trasladado de emergencia al hospital.<\/p>\n\n\n\n<p>&nbsp;De acuerdo a los informes preliminares fue cerca de las 8 de la noche cuando al sistema de emergencia 911, &nbsp;llego una llamada solicitando al presencia de patrullas y ambulancias ya que se hab\u00edan escuchados varias detonaciones de arma de fuego y hab\u00eda una persona herida.<\/p>\n\n\n\n<p>\u00a0De Inmediato se trasladan los elementos de la polic\u00eda indicando que la persona lesionada \u00a0\u00a0\u00a0vest\u00eda un pantal\u00f3n de mezclilla azul y una camisa blanca , estaba tirada en el arroyo de la calle y presenta varios balazos, casi de manera simultanea llegaron param\u00e9dicos de la Cruz roja que \u00a0tras revisarlo lo estabilizaron \u00a0y lo trabajaron en c\u00f3digo rojo \u00a0al hospital.<\/p>\n\n\n\n<p>&nbsp;Mientras tanto elementos &nbsp;resguardaron al zona y acordonaron el \u00e1rea &nbsp;en tanto llegaban elementos de la fiscal\u00eda para obtener evidencias necesarias que den primero con la identidad de la persona, las causas de la agresi\u00f3n.<\/p>\n","protected":false},"excerpt":{"rendered":"<p>VALLE DE SANTIAGO, GTO.- La noche de este jueves 23 de marzo, &nbsp;una persona joven resulto con varios<\/p>\n","protected":false},"author":1,"featured_media":1602,"comment_status":"open","ping_status":"open","sticky":false,"template":"","format":"standard","meta":{"jetpack_post_was_ever_published":false,"_jetpack_newsletter_access":"","_jetpack_dont_email_post_to_subs":false,"_jetpack_newsletter_tier_id":0,"_jetpack_memberships_contains_paywalled_content":false,"_jetpack_memberships_contains_paid_content":false,"footnotes":"","jetpack_publicize_message":"","jetpack_publicize_feature_enabled":false,"jetpack_social_post_already_shared":false,"jetpack_social_options":{"image_generator_settings":{"template":"highway","enabled":false},"version":2}},"categories":[48,39],"tags":[22],"class_list":["post-1601","post","type-post","status-publish","format-standard","has-post-thumbnail","hentry","category-policiaca","category-valle-de-santiago","tag-valle"],"jetpack_publicize_connections":[],"jetpack_sharing_enabled":true,"jetpack_featured_media_url":"https:\/\/periodiconuevomilenio.com\/wp-content\/uploads\/2023\/03\/172709965_5376561642386391_422885001143411043_n.jpg","_links":{"self":[{"href":"https:\/\/periodiconuevomilenio.com\/index.php\/wp-json\/wp\/v2\/posts\/1601","targetHints":{"allow":["GET"]}}],"collection":[{"href":"https:\/\/periodiconuevomilenio.com\/index.php\/wp-json\/wp\/v2\/posts"}],"about":[{"href":"https:\/\/periodiconuevomilenio.com\/index.php\/wp-json\/wp\/v2\/types\/post"}],"author":[{"embeddable":true,"href":"https:\/\/periodiconuevomilenio.com\/index.php\/wp-json\/wp\/v2\/users\/1"}],"replies":[{"embeddable":true,"href":"https:\/\/periodiconuevomilenio.com\/index.php\/wp-json\/wp\/v2\/comments?post=1601"}],"version-history":[{"count":1,"href":"https:\/\/periodiconuevomilenio.com\/index.php\/wp-json\/wp\/v2\/posts\/1601\/revisions"}],"predecessor-version":[{"id":1603,"href":"https:\/\/periodiconuevomilenio.com\/index.php\/wp-json\/wp\/v2\/posts\/1601\/revisions\/1603"}],"wp:featuredmedia":[{"embeddable":true,"href":"https:\/\/periodiconuevomilenio.com\/index.php\/wp-json\/wp\/v2\/media\/1602"}],"wp:attachment":[{"href":"https:\/\/periodiconuevomilenio.com\/index.php\/wp-json\/wp\/v2\/media?parent=1601"}],"wp:term":[{"taxonomy":"category","embeddable":true,"href":"https:\/\/periodiconuevomilenio.com\/index.php\/wp-json\/wp\/v2\/categories?post=1601"},{"taxonomy":"post_tag","embeddable":true,"href":"https:\/\/periodiconuevomilenio.com\/index.php\/wp-json\/wp\/v2\/tags?post=1601"}],"curies":[{"name":"wp","href":"https:\/\/api.w.org\/{rel}","templated":true}]}}