{"id":16053,"date":"2024-08-16T00:52:20","date_gmt":"2024-08-16T06:52:20","guid":{"rendered":"https:\/\/periodiconuevomilenio.com\/?p=16053"},"modified":"2024-08-16T00:52:22","modified_gmt":"2024-08-16T06:52:22","slug":"hablar-de-prevencion-de-la-violencia-y-la-delincuencia-es-crear-estrategias-de-la-politica-criminal-para-hacer-frente-a-la-problematica-de-la-violencia-doctor-moises-moreno-hernand","status":"publish","type":"post","link":"https:\/\/periodiconuevomilenio.com\/index.php\/2024\/08\/16\/hablar-de-prevencion-de-la-violencia-y-la-delincuencia-es-crear-estrategias-de-la-politica-criminal-para-hacer-frente-a-la-problematica-de-la-violencia-doctor-moises-moreno-hernand\/","title":{"rendered":"\u201cHablar de Prevenci\u00f3n de la Violencia y la Delincuencia, es crear estrategias de la pol\u00edtica criminal para hacer frente a la problem\u00e1tica de la violencia\u201d: Doctor Mois\u00e9s Moreno Hern\u00e1ndez."},"content":{"rendered":"\n<p><strong>Guanajuato, Gto., 15 de agosto de 2024.-<\/strong> El Doctor en Derecho Mois\u00e9s Moreno Hern\u00e1ndez, subray\u00f3 que cuando se habla de la prevenci\u00f3n general y social del delito, se trata de prescindir en principio de las medidas represivas en car\u00e1cter de materia penal, as\u00ed lo se\u00f1alo durante el onceavo congreso.<\/p>\n\n\n\n<p>El Doctor sostuvo que tradicionalmente siempre se ha visto al programa de prevenci\u00f3n como una tarea exclusiva de la polic\u00eda, por ello en M\u00e9xico se ha caracterizado por tener una polic\u00eda preventiva a diferencia de los agentes de investigaci\u00f3n que tiene la funci\u00f3n de investigar.<\/p>\n\n\n\n<p>Pero la realidad es que la prevenci\u00f3n social de la violencia y la delincuencia, no es una tarea meramente de la polic\u00eda preventiva, sino que deben de existir diversos programas de prevenci\u00f3n en los distintos sectores del Gobierno del Estado.<\/p>\n\n\n\n<p>Coment\u00f3 que, para poder establecer un programa de prevenci\u00f3n del delito, es necesario conocer a fondo la problem\u00e1tica de la delincuencia, el cual est\u00e1 relacionado con el desarrollo del pensamiento pol\u00edtico criminal y su situaci\u00f3n actual.<\/p>\n\n\n\n<p>Finalmente, expres\u00f3 que el gobierno actualmente ha adoptado medidas que van m\u00e1s all\u00e1 de las que antiguamente se aplicaban y es aqu\u00ed donde surge la Guardia Nacional, que tiene como funci\u00f3n principal de combatir a la delincuencia organizada.<\/p>\n\n\n\n<p>El ponente, Mois\u00e9s Moreno Hern\u00e1ndez, es Maestro de Derecho, fue Director del Instituto de Investigaciones Jur\u00eddicas de la Universidad Veracruzana, coautor de m\u00faltiples proyectos legislativos (c\u00f3digos y procedimientos penales), tanto federales como locales.<\/p>\n\n\n\n<p>Miembro de la Academia Mexicana de ciencia penales, de la Comisi\u00f3n Redactora del nuevo C\u00f3digo Penal tipo Iberoamericano y de la Comisi\u00f3n Redactora del Proyecto de C\u00f3digo Penal de Bolivia.<\/p>\n\n\n\n<figure class=\"wp-block-gallery has-nested-images columns-default is-cropped wp-block-gallery-1 is-layout-flex wp-block-gallery-is-layout-flex\">\n<figure class=\"wp-block-image size-large\"><img loading=\"lazy\" decoding=\"async\" width=\"1024\" height=\"638\" data-id=\"16056\" src=\"https:\/\/periodiconuevomilenio.com\/wp-content\/uploads\/2024\/08\/4-1024x638.jpg\" alt=\"\" class=\"wp-image-16056\" srcset=\"https:\/\/periodiconuevomilenio.com\/wp-content\/uploads\/2024\/08\/4-1024x638.jpg 1024w, https:\/\/periodiconuevomilenio.com\/wp-content\/uploads\/2024\/08\/4-300x187.jpg 300w, https:\/\/periodiconuevomilenio.com\/wp-content\/uploads\/2024\/08\/4-768x479.jpg 768w, https:\/\/periodiconuevomilenio.com\/wp-content\/uploads\/2024\/08\/4.jpg 1280w\" sizes=\"auto, (max-width: 1024px) 100vw, 1024px\" \/><\/figure>\n\n\n\n<figure class=\"wp-block-image size-large\"><img loading=\"lazy\" decoding=\"async\" width=\"1275\" height=\"838\" data-id=\"16057\" src=\"https:\/\/periodiconuevomilenio.com\/wp-content\/uploads\/2024\/08\/3-1024x673.jpg\" alt=\"\" class=\"wp-image-16057\" srcset=\"https:\/\/periodiconuevomilenio.com\/wp-content\/uploads\/2024\/08\/3-1024x673.jpg 1024w, https:\/\/periodiconuevomilenio.com\/wp-content\/uploads\/2024\/08\/3-300x197.jpg 300w, https:\/\/periodiconuevomilenio.com\/wp-content\/uploads\/2024\/08\/3-768x505.jpg 768w, https:\/\/periodiconuevomilenio.com\/wp-content\/uploads\/2024\/08\/3.jpg 1275w\" sizes=\"auto, (max-width: 1275px) 100vw, 1275px\" \/><\/figure>\n<\/figure>\n\n\n\n<figure class=\"wp-block-gallery has-nested-images columns-default is-cropped wp-block-gallery-2 is-layout-flex wp-block-gallery-is-layout-flex\">\n<figure class=\"wp-block-image size-large\"><img loading=\"lazy\" decoding=\"async\" width=\"1024\" height=\"640\" data-id=\"16055\" src=\"https:\/\/periodiconuevomilenio.com\/wp-content\/uploads\/2024\/08\/1-1024x640.jpg\" alt=\"\" class=\"wp-image-16055\" srcset=\"https:\/\/periodiconuevomilenio.com\/wp-content\/uploads\/2024\/08\/1-1024x640.jpg 1024w, https:\/\/periodiconuevomilenio.com\/wp-content\/uploads\/2024\/08\/1-300x188.jpg 300w, https:\/\/periodiconuevomilenio.com\/wp-content\/uploads\/2024\/08\/1-768x480.jpg 768w, https:\/\/periodiconuevomilenio.com\/wp-content\/uploads\/2024\/08\/1.jpg 1262w\" sizes=\"auto, (max-width: 1024px) 100vw, 1024px\" \/><\/figure>\n\n\n\n<figure class=\"wp-block-image size-large\"><img loading=\"lazy\" decoding=\"async\" width=\"1024\" height=\"673\" data-id=\"16054\" src=\"https:\/\/periodiconuevomilenio.com\/wp-content\/uploads\/2024\/08\/2-1-1024x673.jpg\" alt=\"\" class=\"wp-image-16054\" srcset=\"https:\/\/periodiconuevomilenio.com\/wp-content\/uploads\/2024\/08\/2-1-1024x673.jpg 1024w, https:\/\/periodiconuevomilenio.com\/wp-content\/uploads\/2024\/08\/2-1-300x197.jpg 300w, https:\/\/periodiconuevomilenio.com\/wp-content\/uploads\/2024\/08\/2-1-768x505.jpg 768w, https:\/\/periodiconuevomilenio.com\/wp-content\/uploads\/2024\/08\/2-1.jpg 1275w\" sizes=\"auto, (max-width: 1024px) 100vw, 1024px\" \/><\/figure>\n<\/figure>\n\n\n","protected":false},"excerpt":{"rendered":"<p>Guanajuato, Gto., 15 de agosto de 2024.- El Doctor en Derecho Mois\u00e9s Moreno Hern\u00e1ndez, subray\u00f3 que cuando se<\/p>\n","protected":false},"author":1,"featured_media":16054,"comment_status":"open","ping_status":"open","sticky":false,"template":"","format":"standard","meta":{"jetpack_post_was_ever_published":false,"_jetpack_newsletter_access":"","_jetpack_dont_email_post_to_subs":false,"_jetpack_newsletter_tier_id":0,"_jetpack_memberships_contains_paywalled_content":false,"_jetpack_memberships_contains_paid_content":false,"footnotes":"","jetpack_publicize_message":"","jetpack_publicize_feature_enabled":false,"jetpack_social_post_already_shared":false,"jetpack_social_options":{"image_generator_settings":{"template":"highway","enabled":false},"version":2}},"categories":[31,47],"tags":[51],"class_list":["post-16053","post","type-post","status-publish","format-standard","has-post-thumbnail","hentry","category-estado","category-nacional","tag-estado"],"jetpack_publicize_connections":[],"jetpack_sharing_enabled":true,"jetpack_featured_media_url":"https:\/\/periodiconuevomilenio.com\/wp-content\/uploads\/2024\/08\/2-1.jpg","_links":{"self":[{"href":"https:\/\/periodiconuevomilenio.com\/index.php\/wp-json\/wp\/v2\/posts\/16053","targetHints":{"allow":["GET"]}}],"collection":[{"href":"https:\/\/periodiconuevomilenio.com\/index.php\/wp-json\/wp\/v2\/posts"}],"about":[{"href":"https:\/\/periodiconuevomilenio.com\/index.php\/wp-json\/wp\/v2\/types\/post"}],"author":[{"embeddable":true,"href":"https:\/\/periodiconuevomilenio.com\/index.php\/wp-json\/wp\/v2\/users\/1"}],"replies":[{"embeddable":true,"href":"https:\/\/periodiconuevomilenio.com\/index.php\/wp-json\/wp\/v2\/comments?post=16053"}],"version-history":[{"count":1,"href":"https:\/\/periodiconuevomilenio.com\/index.php\/wp-json\/wp\/v2\/posts\/16053\/revisions"}],"predecessor-version":[{"id":16058,"href":"https:\/\/periodiconuevomilenio.com\/index.php\/wp-json\/wp\/v2\/posts\/16053\/revisions\/16058"}],"wp:featuredmedia":[{"embeddable":true,"href":"https:\/\/periodiconuevomilenio.com\/index.php\/wp-json\/wp\/v2\/media\/16054"}],"wp:attachment":[{"href":"https:\/\/periodiconuevomilenio.com\/index.php\/wp-json\/wp\/v2\/media?parent=16053"}],"wp:term":[{"taxonomy":"category","embeddable":true,"href":"https:\/\/periodiconuevomilenio.com\/index.php\/wp-json\/wp\/v2\/categories?post=16053"},{"taxonomy":"post_tag","embeddable":true,"href":"https:\/\/periodiconuevomilenio.com\/index.php\/wp-json\/wp\/v2\/tags?post=16053"}],"curies":[{"name":"wp","href":"https:\/\/api.w.org\/{rel}","templated":true}]}}