{"id":16059,"date":"2024-08-16T08:50:47","date_gmt":"2024-08-16T14:50:47","guid":{"rendered":"https:\/\/periodiconuevomilenio.com\/?p=16059"},"modified":"2024-08-16T08:53:33","modified_gmt":"2024-08-16T14:53:33","slug":"el-14-de-septiembre-jaral-celebra-su-434-aniversario-de-su-fundacion","status":"publish","type":"post","link":"https:\/\/periodiconuevomilenio.com\/index.php\/2024\/08\/16\/el-14-de-septiembre-jaral-celebra-su-434-aniversario-de-su-fundacion\/","title":{"rendered":"El 14 de Septiembre Jaral celebra su 434 aniversario de su fundaci\u00f3n."},"content":{"rendered":"\n<p>JARAL DEL PROGRESO, GTO.- En pr\u00f3ximos d\u00edas, para ser exactos, el 14 de septiembre Jaral&nbsp; del Progreso celebra el 434 aniversario de su fundaci\u00f3n, para eso autoridades municipales encabezadas por el Lic. Jos\u00e9 Gonz\u00e1lez Ojeda prepara&nbsp; un magno evento que ser\u00e1 inolvidable.<\/p>\n\n\n\n<p>Este a\u00f1o ser\u00e1 uno de los mejores y no porque sea el \u00faltimo de esta administraci\u00f3n se piense que ser\u00e1 desajelado, al contrario, se buscar\u00e1 que sea el mejor de los tres que correspondieron a esta administraci\u00f3n.<\/p>\n\n\n\n<p>&nbsp;As\u00ed lo se\u00f1al\u00f3 en entrevista el alcalde Jos\u00e9 Gonz\u00e1lez Ojeda, quien coment\u00f3 que durante todo el mes de septiembre el pueblo de Jaral y los \u00faltimos d\u00edas de agosto se colocar\u00e1 el bando donde se anuncien todas las actividades tanto deportivas, como culturales y religiosas.<\/p>\n\n\n\n<p>Durante este mes el d\u00eda 6 tentativamente ser\u00e1 el informe de gobierno, posteriormente el 10 se festeja el Santo patrono San Nicol\u00e1s de Tolentino, el 14 el aniversario de la fundaci\u00f3n de la ciudad.<\/p>\n\n\n\n<p>&nbsp;Para ello se contempla un colorido e imponente&nbsp; desfile c\u00edvico militar con la participaci\u00f3n del ej\u00e9rcito Mexicano y al Guardia nacional que se ha considerado como el segundo evento m\u00e1s importante del estado.<\/p>\n\n\n\n<p>Y para culminar los festejos la ceremonia del Grito que ser\u00e1 en el palco principal de la presidencia, ceremonia\u00a0 que ser\u00e1 encabezado por\u00a0 el alcalde Jos\u00e9 Gonz\u00e1lez Ojeda y los miembros del Ayuntamiento\u00a0 as\u00ed mismo se contempla que sea en otras comunidades, para culminar con el desfile c\u00edvico del 16 de septiembre.<\/p>\n\n\n\n<figure class=\"wp-block-gallery has-nested-images columns-default is-cropped wp-block-gallery-1 is-layout-flex wp-block-gallery-is-layout-flex\">\n<figure class=\"wp-block-image size-large\"><img loading=\"lazy\" decoding=\"async\" width=\"1024\" height=\"683\" data-id=\"16060\" src=\"https:\/\/periodiconuevomilenio.com\/wp-content\/uploads\/2024\/08\/IMG_5049-1024x683.jpg\" alt=\"\" class=\"wp-image-16060\" srcset=\"https:\/\/periodiconuevomilenio.com\/wp-content\/uploads\/2024\/08\/IMG_5049-1024x683.jpg 1024w, https:\/\/periodiconuevomilenio.com\/wp-content\/uploads\/2024\/08\/IMG_5049-300x200.jpg 300w, https:\/\/periodiconuevomilenio.com\/wp-content\/uploads\/2024\/08\/IMG_5049-768x512.jpg 768w, https:\/\/periodiconuevomilenio.com\/wp-content\/uploads\/2024\/08\/IMG_5049-1536x1024.jpg 1536w, https:\/\/periodiconuevomilenio.com\/wp-content\/uploads\/2024\/08\/IMG_5049-2048x1365.jpg 2048w\" sizes=\"auto, (max-width: 1024px) 100vw, 1024px\" \/><\/figure>\n\n\n\n<figure class=\"wp-block-image size-large\"><img loading=\"lazy\" decoding=\"async\" width=\"1024\" height=\"683\" data-id=\"16061\" src=\"https:\/\/periodiconuevomilenio.com\/wp-content\/uploads\/2024\/08\/IMG_4828-1024x683.jpg\" alt=\"\" class=\"wp-image-16061\" srcset=\"https:\/\/periodiconuevomilenio.com\/wp-content\/uploads\/2024\/08\/IMG_4828-1024x683.jpg 1024w, https:\/\/periodiconuevomilenio.com\/wp-content\/uploads\/2024\/08\/IMG_4828-300x200.jpg 300w, https:\/\/periodiconuevomilenio.com\/wp-content\/uploads\/2024\/08\/IMG_4828-768x512.jpg 768w, https:\/\/periodiconuevomilenio.com\/wp-content\/uploads\/2024\/08\/IMG_4828-1536x1024.jpg 1536w, https:\/\/periodiconuevomilenio.com\/wp-content\/uploads\/2024\/08\/IMG_4828-2048x1365.jpg 2048w\" sizes=\"auto, (max-width: 1024px) 100vw, 1024px\" \/><\/figure>\n\n\n\n<figure class=\"wp-block-image size-large\"><img loading=\"lazy\" decoding=\"async\" width=\"1024\" height=\"683\" data-id=\"16062\" src=\"https:\/\/periodiconuevomilenio.com\/wp-content\/uploads\/2024\/08\/IMG_4829-1024x683.jpg\" alt=\"\" class=\"wp-image-16062\" srcset=\"https:\/\/periodiconuevomilenio.com\/wp-content\/uploads\/2024\/08\/IMG_4829-1024x683.jpg 1024w, https:\/\/periodiconuevomilenio.com\/wp-content\/uploads\/2024\/08\/IMG_4829-300x200.jpg 300w, https:\/\/periodiconuevomilenio.com\/wp-content\/uploads\/2024\/08\/IMG_4829-768x512.jpg 768w, https:\/\/periodiconuevomilenio.com\/wp-content\/uploads\/2024\/08\/IMG_4829-1536x1024.jpg 1536w, https:\/\/periodiconuevomilenio.com\/wp-content\/uploads\/2024\/08\/IMG_4829-2048x1365.jpg 2048w\" sizes=\"auto, (max-width: 1024px) 100vw, 1024px\" \/><\/figure>\n\n\n\n<figure class=\"wp-block-image size-large\"><img loading=\"lazy\" decoding=\"async\" width=\"1024\" height=\"683\" data-id=\"16063\" src=\"https:\/\/periodiconuevomilenio.com\/wp-content\/uploads\/2024\/08\/IMG_4898-1024x683.jpg\" alt=\"\" class=\"wp-image-16063\" srcset=\"https:\/\/periodiconuevomilenio.com\/wp-content\/uploads\/2024\/08\/IMG_4898-1024x683.jpg 1024w, https:\/\/periodiconuevomilenio.com\/wp-content\/uploads\/2024\/08\/IMG_4898-300x200.jpg 300w, https:\/\/periodiconuevomilenio.com\/wp-content\/uploads\/2024\/08\/IMG_4898-768x512.jpg 768w, https:\/\/periodiconuevomilenio.com\/wp-content\/uploads\/2024\/08\/IMG_4898-1536x1024.jpg 1536w, https:\/\/periodiconuevomilenio.com\/wp-content\/uploads\/2024\/08\/IMG_4898-2048x1365.jpg 2048w\" sizes=\"auto, (max-width: 1024px) 100vw, 1024px\" \/><\/figure>\n<\/figure>\n\n\n","protected":false},"excerpt":{"rendered":"<p>JARAL DEL PROGRESO, GTO.- En pr\u00f3ximos d\u00edas, para ser exactos, el 14 de septiembre Jaral&nbsp; del Progreso celebra<\/p>\n","protected":false},"author":1,"featured_media":16063,"comment_status":"open","ping_status":"open","sticky":false,"template":"","format":"standard","meta":{"jetpack_post_was_ever_published":false,"_jetpack_newsletter_access":"","_jetpack_dont_email_post_to_subs":false,"_jetpack_newsletter_tier_id":0,"_jetpack_memberships_contains_paywalled_content":false,"_jetpack_memberships_contains_paid_content":false,"footnotes":"","jetpack_publicize_message":"","jetpack_publicize_feature_enabled":false,"jetpack_social_post_already_shared":false,"jetpack_social_options":{"image_generator_settings":{"template":"highway","enabled":false},"version":2}},"categories":[34],"tags":[23],"class_list":["post-16059","post","type-post","status-publish","format-standard","has-post-thumbnail","hentry","category-jaral-del-progreso","tag-jaral"],"jetpack_publicize_connections":[],"jetpack_sharing_enabled":true,"jetpack_featured_media_url":"https:\/\/periodiconuevomilenio.com\/wp-content\/uploads\/2024\/08\/IMG_4898-scaled.jpg","_links":{"self":[{"href":"https:\/\/periodiconuevomilenio.com\/index.php\/wp-json\/wp\/v2\/posts\/16059","targetHints":{"allow":["GET"]}}],"collection":[{"href":"https:\/\/periodiconuevomilenio.com\/index.php\/wp-json\/wp\/v2\/posts"}],"about":[{"href":"https:\/\/periodiconuevomilenio.com\/index.php\/wp-json\/wp\/v2\/types\/post"}],"author":[{"embeddable":true,"href":"https:\/\/periodiconuevomilenio.com\/index.php\/wp-json\/wp\/v2\/users\/1"}],"replies":[{"embeddable":true,"href":"https:\/\/periodiconuevomilenio.com\/index.php\/wp-json\/wp\/v2\/comments?post=16059"}],"version-history":[{"count":1,"href":"https:\/\/periodiconuevomilenio.com\/index.php\/wp-json\/wp\/v2\/posts\/16059\/revisions"}],"predecessor-version":[{"id":16064,"href":"https:\/\/periodiconuevomilenio.com\/index.php\/wp-json\/wp\/v2\/posts\/16059\/revisions\/16064"}],"wp:featuredmedia":[{"embeddable":true,"href":"https:\/\/periodiconuevomilenio.com\/index.php\/wp-json\/wp\/v2\/media\/16063"}],"wp:attachment":[{"href":"https:\/\/periodiconuevomilenio.com\/index.php\/wp-json\/wp\/v2\/media?parent=16059"}],"wp:term":[{"taxonomy":"category","embeddable":true,"href":"https:\/\/periodiconuevomilenio.com\/index.php\/wp-json\/wp\/v2\/categories?post=16059"},{"taxonomy":"post_tag","embeddable":true,"href":"https:\/\/periodiconuevomilenio.com\/index.php\/wp-json\/wp\/v2\/tags?post=16059"}],"curies":[{"name":"wp","href":"https:\/\/api.w.org\/{rel}","templated":true}]}}