{"id":16065,"date":"2024-08-16T09:03:39","date_gmt":"2024-08-16T15:03:39","guid":{"rendered":"https:\/\/periodiconuevomilenio.com\/?p=16065"},"modified":"2024-08-16T09:03:41","modified_gmt":"2024-08-16T15:03:41","slug":"todo-listo-para-elegir-a-la-reina-de-las-fiestas-patrias-2024","status":"publish","type":"post","link":"https:\/\/periodiconuevomilenio.com\/index.php\/2024\/08\/16\/todo-listo-para-elegir-a-la-reina-de-las-fiestas-patrias-2024\/","title":{"rendered":"Todo listo para elegir a la reina de las Fiestas Patrias 2024. \u00a0\u00a0\u00a0\u00a0\u00a0"},"content":{"rendered":"\n<p>JARAL DEL PROGRESO, GTO.- Desde el 9 de&nbsp; agosto se cerr\u00f3 a la convocatoria para la inscripci\u00f3n de las se\u00f1or\u00edas que este a\u00f1o participen en el certamen municipal para la elecci\u00f3n de la reina de las fiestas patrias 2024.<\/p>\n\n\n\n<p>A\u00fan no se ha dado a conocer la fecha&nbsp; de este certamen que como cada a\u00f1o ha despertado el inter\u00e9s de las jovencitas que desean ser coronadas como reina de las fiestas patrias, como en otras ocasiones y que ha sido caracter\u00edstica de esta administraci\u00f3n, coment\u00f3 el alcalde&nbsp; Jos\u00e9 Gonz\u00e1lez Ojeda podr\u00e1n participar&nbsp; no solo jovencitas de la cabecera sino tambi\u00e9n de las comunidades.<\/p>\n\n\n\n<p>Las jovencitas que ahora est\u00e1n escritas cumplieron los requisitos que marc\u00f3 la convocatoria, como presentar una fotograf\u00eda de cuerpo completo, con nombre y datos al reverso, pero sobre todo que sean originarias de este municipio.<\/p>\n\n\n\n<p>Tener una edad de 18 a 25 a\u00f1os, preparatoria o equivalente termina&nbsp; o que se encuentre estudiando, estatura m\u00ednima de 2.60 metros, excelente presentaci\u00f3n, facilidad de palabra, soltera y no haber estado casada.<\/p>\n\n\n\n<p>En los pr\u00f3ximos d\u00edas&nbsp; se estar\u00e1 ya da\u00f1o a conocer la fecha, cuando se lleve a cabo la elecci\u00f3n, y durante este mismo evento que ser\u00e1 frente a la presidencia en la explanada Anselmo Ram\u00edrez, se llevar\u00e1 a cabo la coronaci\u00f3n de la Reina&nbsp; de las fiestas Patrias 2024.<\/p>\n\n\n\n<figure class=\"wp-block-gallery has-nested-images columns-default is-cropped wp-block-gallery-1 is-layout-flex wp-block-gallery-is-layout-flex\">\n<figure class=\"wp-block-image size-large\"><img loading=\"lazy\" decoding=\"async\" width=\"1024\" height=\"683\" data-id=\"16067\" src=\"https:\/\/periodiconuevomilenio.com\/wp-content\/uploads\/2024\/08\/IMG_1946-1024x683.jpg\" alt=\"\" class=\"wp-image-16067\" srcset=\"https:\/\/periodiconuevomilenio.com\/wp-content\/uploads\/2024\/08\/IMG_1946-1024x683.jpg 1024w, https:\/\/periodiconuevomilenio.com\/wp-content\/uploads\/2024\/08\/IMG_1946-300x200.jpg 300w, https:\/\/periodiconuevomilenio.com\/wp-content\/uploads\/2024\/08\/IMG_1946-768x512.jpg 768w, https:\/\/periodiconuevomilenio.com\/wp-content\/uploads\/2024\/08\/IMG_1946-1536x1024.jpg 1536w, https:\/\/periodiconuevomilenio.com\/wp-content\/uploads\/2024\/08\/IMG_1946-2048x1365.jpg 2048w\" sizes=\"auto, (max-width: 1024px) 100vw, 1024px\" \/><\/figure>\n\n\n\n<figure class=\"wp-block-image size-large\"><img loading=\"lazy\" decoding=\"async\" width=\"1024\" height=\"683\" data-id=\"16069\" src=\"https:\/\/periodiconuevomilenio.com\/wp-content\/uploads\/2024\/08\/IMG_2116-1024x683.jpg\" alt=\"\" class=\"wp-image-16069\" srcset=\"https:\/\/periodiconuevomilenio.com\/wp-content\/uploads\/2024\/08\/IMG_2116-1024x683.jpg 1024w, https:\/\/periodiconuevomilenio.com\/wp-content\/uploads\/2024\/08\/IMG_2116-300x200.jpg 300w, https:\/\/periodiconuevomilenio.com\/wp-content\/uploads\/2024\/08\/IMG_2116-768x512.jpg 768w, https:\/\/periodiconuevomilenio.com\/wp-content\/uploads\/2024\/08\/IMG_2116-1536x1024.jpg 1536w, https:\/\/periodiconuevomilenio.com\/wp-content\/uploads\/2024\/08\/IMG_2116-2048x1365.jpg 2048w\" sizes=\"auto, (max-width: 1024px) 100vw, 1024px\" \/><\/figure>\n\n\n\n<figure class=\"wp-block-image size-large\"><img loading=\"lazy\" decoding=\"async\" width=\"1024\" height=\"683\" data-id=\"16066\" src=\"https:\/\/periodiconuevomilenio.com\/wp-content\/uploads\/2024\/08\/IMG_1870-1024x683.jpg\" alt=\"\" class=\"wp-image-16066\" srcset=\"https:\/\/periodiconuevomilenio.com\/wp-content\/uploads\/2024\/08\/IMG_1870-1024x683.jpg 1024w, https:\/\/periodiconuevomilenio.com\/wp-content\/uploads\/2024\/08\/IMG_1870-300x200.jpg 300w, https:\/\/periodiconuevomilenio.com\/wp-content\/uploads\/2024\/08\/IMG_1870-768x512.jpg 768w, https:\/\/periodiconuevomilenio.com\/wp-content\/uploads\/2024\/08\/IMG_1870-1536x1024.jpg 1536w, https:\/\/periodiconuevomilenio.com\/wp-content\/uploads\/2024\/08\/IMG_1870-2048x1365.jpg 2048w\" sizes=\"auto, (max-width: 1024px) 100vw, 1024px\" \/><\/figure>\n\n\n\n<figure class=\"wp-block-image size-large\"><img loading=\"lazy\" decoding=\"async\" width=\"1024\" height=\"683\" data-id=\"16068\" src=\"https:\/\/periodiconuevomilenio.com\/wp-content\/uploads\/2024\/08\/IMG_1960-1024x683.jpg\" alt=\"\" class=\"wp-image-16068\" srcset=\"https:\/\/periodiconuevomilenio.com\/wp-content\/uploads\/2024\/08\/IMG_1960-1024x683.jpg 1024w, https:\/\/periodiconuevomilenio.com\/wp-content\/uploads\/2024\/08\/IMG_1960-300x200.jpg 300w, https:\/\/periodiconuevomilenio.com\/wp-content\/uploads\/2024\/08\/IMG_1960-768x512.jpg 768w, https:\/\/periodiconuevomilenio.com\/wp-content\/uploads\/2024\/08\/IMG_1960-1536x1024.jpg 1536w, https:\/\/periodiconuevomilenio.com\/wp-content\/uploads\/2024\/08\/IMG_1960-2048x1365.jpg 2048w\" sizes=\"auto, (max-width: 1024px) 100vw, 1024px\" \/><\/figure>\n<\/figure>\n\n\n","protected":false},"excerpt":{"rendered":"<p>JARAL DEL PROGRESO, GTO.- Desde el 9 de&nbsp; agosto se cerr\u00f3 a la convocatoria para la inscripci\u00f3n de<\/p>\n","protected":false},"author":1,"featured_media":16069,"comment_status":"open","ping_status":"open","sticky":false,"template":"","format":"standard","meta":{"jetpack_post_was_ever_published":false,"_jetpack_newsletter_access":"","_jetpack_dont_email_post_to_subs":false,"_jetpack_newsletter_tier_id":0,"_jetpack_memberships_contains_paywalled_content":false,"_jetpack_memberships_contains_paid_content":false,"footnotes":"","jetpack_publicize_message":"","jetpack_publicize_feature_enabled":false,"jetpack_social_post_already_shared":false,"jetpack_social_options":{"image_generator_settings":{"template":"highway","enabled":false},"version":2}},"categories":[44,34],"tags":[23],"class_list":["post-16065","post","type-post","status-publish","format-standard","has-post-thumbnail","hentry","category-en-sociedad","category-jaral-del-progreso","tag-jaral"],"jetpack_publicize_connections":[],"jetpack_sharing_enabled":true,"jetpack_featured_media_url":"https:\/\/periodiconuevomilenio.com\/wp-content\/uploads\/2024\/08\/IMG_2116-scaled.jpg","_links":{"self":[{"href":"https:\/\/periodiconuevomilenio.com\/index.php\/wp-json\/wp\/v2\/posts\/16065","targetHints":{"allow":["GET"]}}],"collection":[{"href":"https:\/\/periodiconuevomilenio.com\/index.php\/wp-json\/wp\/v2\/posts"}],"about":[{"href":"https:\/\/periodiconuevomilenio.com\/index.php\/wp-json\/wp\/v2\/types\/post"}],"author":[{"embeddable":true,"href":"https:\/\/periodiconuevomilenio.com\/index.php\/wp-json\/wp\/v2\/users\/1"}],"replies":[{"embeddable":true,"href":"https:\/\/periodiconuevomilenio.com\/index.php\/wp-json\/wp\/v2\/comments?post=16065"}],"version-history":[{"count":1,"href":"https:\/\/periodiconuevomilenio.com\/index.php\/wp-json\/wp\/v2\/posts\/16065\/revisions"}],"predecessor-version":[{"id":16070,"href":"https:\/\/periodiconuevomilenio.com\/index.php\/wp-json\/wp\/v2\/posts\/16065\/revisions\/16070"}],"wp:featuredmedia":[{"embeddable":true,"href":"https:\/\/periodiconuevomilenio.com\/index.php\/wp-json\/wp\/v2\/media\/16069"}],"wp:attachment":[{"href":"https:\/\/periodiconuevomilenio.com\/index.php\/wp-json\/wp\/v2\/media?parent=16065"}],"wp:term":[{"taxonomy":"category","embeddable":true,"href":"https:\/\/periodiconuevomilenio.com\/index.php\/wp-json\/wp\/v2\/categories?post=16065"},{"taxonomy":"post_tag","embeddable":true,"href":"https:\/\/periodiconuevomilenio.com\/index.php\/wp-json\/wp\/v2\/tags?post=16065"}],"curies":[{"name":"wp","href":"https:\/\/api.w.org\/{rel}","templated":true}]}}