{"id":16072,"date":"2024-08-16T09:36:46","date_gmt":"2024-08-16T15:36:46","guid":{"rendered":"https:\/\/periodiconuevomilenio.com\/?p=16072"},"modified":"2024-08-16T09:36:48","modified_gmt":"2024-08-16T15:36:48","slug":"el-10-de-septiembre-se-festeja-al-santo-patrono","status":"publish","type":"post","link":"https:\/\/periodiconuevomilenio.com\/index.php\/2024\/08\/16\/el-10-de-septiembre-se-festeja-al-santo-patrono\/","title":{"rendered":"EL 10 DE SEPTIEMBRE SE FESTEJA AL SANTO PATRONO\u00a0"},"content":{"rendered":"\n<p>JARAL DEL PROGRESO, GTO.- Desde el d\u00eda primero del mes de septiembre comenzar\u00e1n los festejos religiosos y culturales&nbsp; en honor al Santo patrono, en donde&nbsp; las autoridades municipales participaran&nbsp; siempre para promover y preservar&nbsp; v\u00edas nuestras tradiciones&nbsp; sobre todo que se trata del Patrono del pueblo.<\/p>\n\n\n\n<p>&nbsp;Jos\u00e9 Gonz\u00e1lez Ojeda alcalde del municipio en entrevista coment\u00f3 que durante varios d\u00edas dentro de estos festejos&nbsp; habr\u00e1 bailes populares con reconocidos grupos&nbsp; entre ellos el d\u00eda 10 de Septiembre Marcos Flores y la Banda Jerez, el 11 el grupo Nuevo Amanecer y el 12 el grupo Laberinto en la plaza Anselmo Ram\u00edrez, todos completamente gratis.<\/p>\n\n\n\n<p>&nbsp;Ser\u00e1 el 28 de agosto cuando se coloque&nbsp; el bando Solemne, donde van a anunciarse todas las actividades, art\u00edsticas, culturales, religiosas, donde se presenta el primero de septiembre Banda al Mora en el atrio de la parroquia.<\/p>\n\n\n\n<p>El 2 de septiembre&nbsp; un grupo llamado los \u201cHijos del lago\u201d desde Janitzio Michoac\u00e1n, el 3 de septiembre orquesta de maestros de viento, el d\u00eda 4 el mariachi Cort\u00e1zar, el 5 Jos\u00e9 Rafael, el 6&nbsp; recorrido del baile del rebozo, el 7 de septiembre estilo JP. El 8 de septiembre, encuentros con&nbsp; casa de la cultura, el 9 callejoneada con la Rondalla Rom\u00e1ntica y la burrita borracha, y el festejo del santo, patrono el 10 de septiembre,&nbsp; Danza apache&nbsp; de la comunidad de Valtierrilla municipio de Salamanca.<\/p>\n\n\n\n<p>&nbsp;Todos los eventos&nbsp; partir&nbsp; a las siete de la noche en el atrio de la parroquia de San Nicol\u00e1s de Tolentino.<\/p>\n\n\n\n<figure class=\"wp-block-image size-large\"><img loading=\"lazy\" decoding=\"async\" width=\"683\" height=\"1024\" src=\"https:\/\/periodiconuevomilenio.com\/wp-content\/uploads\/2024\/08\/img_0714-683x1024.jpg\" alt=\"\" class=\"wp-image-16075\" srcset=\"https:\/\/periodiconuevomilenio.com\/wp-content\/uploads\/2024\/08\/img_0714-683x1024.jpg 683w, https:\/\/periodiconuevomilenio.com\/wp-content\/uploads\/2024\/08\/img_0714-200x300.jpg 200w, https:\/\/periodiconuevomilenio.com\/wp-content\/uploads\/2024\/08\/img_0714-768x1152.jpg 768w, https:\/\/periodiconuevomilenio.com\/wp-content\/uploads\/2024\/08\/img_0714-1024x1536.jpg 1024w, https:\/\/periodiconuevomilenio.com\/wp-content\/uploads\/2024\/08\/img_0714-1365x2048.jpg 1365w, https:\/\/periodiconuevomilenio.com\/wp-content\/uploads\/2024\/08\/img_0714-scaled.jpg 1707w\" sizes=\"auto, (max-width: 683px) 100vw, 683px\" \/><\/figure>\n\n\n\n<figure class=\"wp-block-gallery has-nested-images columns-default is-cropped wp-block-gallery-1 is-layout-flex wp-block-gallery-is-layout-flex\">\n<figure class=\"wp-block-image size-large\"><img loading=\"lazy\" decoding=\"async\" width=\"683\" height=\"1024\" data-id=\"16074\" src=\"https:\/\/periodiconuevomilenio.com\/wp-content\/uploads\/2024\/08\/img_0715-683x1024.jpg\" alt=\"\" class=\"wp-image-16074\" srcset=\"https:\/\/periodiconuevomilenio.com\/wp-content\/uploads\/2024\/08\/img_0715-683x1024.jpg 683w, https:\/\/periodiconuevomilenio.com\/wp-content\/uploads\/2024\/08\/img_0715-200x300.jpg 200w, https:\/\/periodiconuevomilenio.com\/wp-content\/uploads\/2024\/08\/img_0715-768x1152.jpg 768w, https:\/\/periodiconuevomilenio.com\/wp-content\/uploads\/2024\/08\/img_0715-1024x1536.jpg 1024w, https:\/\/periodiconuevomilenio.com\/wp-content\/uploads\/2024\/08\/img_0715-1365x2048.jpg 1365w, https:\/\/periodiconuevomilenio.com\/wp-content\/uploads\/2024\/08\/img_0715-scaled.jpg 1707w\" sizes=\"auto, (max-width: 683px) 100vw, 683px\" \/><\/figure>\n\n\n\n<figure class=\"wp-block-image size-large\"><img loading=\"lazy\" decoding=\"async\" width=\"1024\" height=\"681\" data-id=\"16073\" src=\"https:\/\/periodiconuevomilenio.com\/wp-content\/uploads\/2024\/08\/img_20230415_064458-1024x681.jpg\" alt=\"\" class=\"wp-image-16073\" srcset=\"https:\/\/periodiconuevomilenio.com\/wp-content\/uploads\/2024\/08\/img_20230415_064458-1024x681.jpg 1024w, https:\/\/periodiconuevomilenio.com\/wp-content\/uploads\/2024\/08\/img_20230415_064458-300x199.jpg 300w, https:\/\/periodiconuevomilenio.com\/wp-content\/uploads\/2024\/08\/img_20230415_064458-768x510.jpg 768w, https:\/\/periodiconuevomilenio.com\/wp-content\/uploads\/2024\/08\/img_20230415_064458-1536x1021.jpg 1536w, https:\/\/periodiconuevomilenio.com\/wp-content\/uploads\/2024\/08\/img_20230415_064458.jpg 1637w\" sizes=\"auto, (max-width: 1024px) 100vw, 1024px\" \/><\/figure>\n<\/figure>\n\n\n\n<figure class=\"wp-block-gallery has-nested-images columns-default is-cropped wp-block-gallery-2 is-layout-flex wp-block-gallery-is-layout-flex\"><\/figure>\n","protected":false},"excerpt":{"rendered":"<p>JARAL DEL PROGRESO, GTO.- Desde el d\u00eda primero del mes de septiembre comenzar\u00e1n los festejos religiosos y culturales&nbsp;<\/p>\n","protected":false},"author":1,"featured_media":16075,"comment_status":"open","ping_status":"open","sticky":false,"template":"","format":"standard","meta":{"jetpack_post_was_ever_published":false,"_jetpack_newsletter_access":"","_jetpack_dont_email_post_to_subs":false,"_jetpack_newsletter_tier_id":0,"_jetpack_memberships_contains_paywalled_content":false,"_jetpack_memberships_contains_paid_content":false,"footnotes":"","jetpack_publicize_message":"","jetpack_publicize_feature_enabled":false,"jetpack_social_post_already_shared":false,"jetpack_social_options":{"image_generator_settings":{"template":"highway","enabled":false},"version":2}},"categories":[1],"tags":[23],"class_list":["post-16072","post","type-post","status-publish","format-standard","has-post-thumbnail","hentry","category-sin-categoria","tag-jaral"],"jetpack_publicize_connections":[],"jetpack_sharing_enabled":true,"jetpack_featured_media_url":"https:\/\/periodiconuevomilenio.com\/wp-content\/uploads\/2024\/08\/img_0714-scaled.jpg","_links":{"self":[{"href":"https:\/\/periodiconuevomilenio.com\/index.php\/wp-json\/wp\/v2\/posts\/16072","targetHints":{"allow":["GET"]}}],"collection":[{"href":"https:\/\/periodiconuevomilenio.com\/index.php\/wp-json\/wp\/v2\/posts"}],"about":[{"href":"https:\/\/periodiconuevomilenio.com\/index.php\/wp-json\/wp\/v2\/types\/post"}],"author":[{"embeddable":true,"href":"https:\/\/periodiconuevomilenio.com\/index.php\/wp-json\/wp\/v2\/users\/1"}],"replies":[{"embeddable":true,"href":"https:\/\/periodiconuevomilenio.com\/index.php\/wp-json\/wp\/v2\/comments?post=16072"}],"version-history":[{"count":1,"href":"https:\/\/periodiconuevomilenio.com\/index.php\/wp-json\/wp\/v2\/posts\/16072\/revisions"}],"predecessor-version":[{"id":16076,"href":"https:\/\/periodiconuevomilenio.com\/index.php\/wp-json\/wp\/v2\/posts\/16072\/revisions\/16076"}],"wp:featuredmedia":[{"embeddable":true,"href":"https:\/\/periodiconuevomilenio.com\/index.php\/wp-json\/wp\/v2\/media\/16075"}],"wp:attachment":[{"href":"https:\/\/periodiconuevomilenio.com\/index.php\/wp-json\/wp\/v2\/media?parent=16072"}],"wp:term":[{"taxonomy":"category","embeddable":true,"href":"https:\/\/periodiconuevomilenio.com\/index.php\/wp-json\/wp\/v2\/categories?post=16072"},{"taxonomy":"post_tag","embeddable":true,"href":"https:\/\/periodiconuevomilenio.com\/index.php\/wp-json\/wp\/v2\/tags?post=16072"}],"curies":[{"name":"wp","href":"https:\/\/api.w.org\/{rel}","templated":true}]}}