{"id":1612,"date":"2023-03-25T00:09:03","date_gmt":"2023-03-25T06:09:03","guid":{"rendered":"https:\/\/periodiconuevomilenio.com\/?p=1612"},"modified":"2023-03-25T00:09:05","modified_gmt":"2023-03-25T06:09:05","slug":"choque-en-la-carretera-federal","status":"publish","type":"post","link":"https:\/\/periodiconuevomilenio.com\/index.php\/2023\/03\/25\/choque-en-la-carretera-federal\/","title":{"rendered":"<strong>CHOQUE EN LA CARRETERA FEDERAL.<\/strong>"},"content":{"rendered":"\n<p><strong>&nbsp;Saldo de&nbsp; una persona herida y miles de pesos en p\u00e9rdidas.<\/strong><\/p>\n\n\n\n<p>VALLE DE SANTIAGO, GTO.-&nbsp; Terrible accidente se registr\u00f3 la noche de este viernes 24 de marzo, aparentemente el presunto responsable de este percance fue un empleado del municipio de Pueblo Nuevo, quien viajaba en un auto oficial y con aliento alcoh\u00f3lico, reportaron las autoridades.<\/p>\n\n\n\n<p>De acuerdo a los informes de&nbsp; la comisaria de seguridad p\u00fablica y Bomberos que atendieron este accidente, fue&nbsp; al filo de las 9 de la noche con 20 minutos cuando al sistema de emergencia 911 llego un report\u00e9&nbsp; donde&nbsp; avisaban de un&nbsp; choque en la carretera federal 43 en su tramo Valle \u2013Salamanca a la&nbsp; altura del entronque con San Vicente de Garma.<\/p>\n\n\n\n<p>En el percance vial&nbsp; participaron un&nbsp; veh\u00edculo marca Nissan, color rojo con placas del estado&nbsp; de Guanajuato y raz\u00f3n social de presidencia municipal&nbsp; de Pueblo Nuevo,&nbsp; conducido por quien dijo ser Jaime Salazar&nbsp; de 55 a\u00f1os de edad, con domicilio en Pueblo Nuevo, se le detecto aliento alcoh\u00f3lico, mismo que fue trasladado&nbsp; recibir atenci\u00f3n m\u00e9dica en c\u00f3digo verde&nbsp; a bordo de la ambulancia de Bomberos.<\/p>\n\n\n\n<p>&nbsp;El otro veh\u00edculo es marca Chevrolet&nbsp; Opel, tipo Guay\u00edn modelo 2021 y placas del estado de Guanajuato, sus tripulantes resultaron con solo golpes que no ameritaron su hospitalizaci\u00f3n.<\/p>\n\n\n\n<p>Elementos de la Guardia Nacional de la divisi\u00f3n caminos, se hicieron cargo del accident\u00e9 y son los que levantaron el peritaje inicial para determinar la responsabilidad&nbsp; de cada uno de los participantes en este&nbsp; accidente, por lo pronto las dos unidades quedaron detenidas y bajo resguardo.<\/p>\n\n\n\n<figure class=\"wp-block-image size-large\"><img loading=\"lazy\" decoding=\"async\" width=\"1024\" height=\"576\" src=\"https:\/\/periodiconuevomilenio.com\/wp-content\/uploads\/2023\/03\/a538739f-a263-41f7-a8ad-442daf3aa6c0-1024x576.jpg\" alt=\"\" class=\"wp-image-1613\" srcset=\"https:\/\/periodiconuevomilenio.com\/wp-content\/uploads\/2023\/03\/a538739f-a263-41f7-a8ad-442daf3aa6c0-1024x576.jpg 1024w, https:\/\/periodiconuevomilenio.com\/wp-content\/uploads\/2023\/03\/a538739f-a263-41f7-a8ad-442daf3aa6c0-300x169.jpg 300w, https:\/\/periodiconuevomilenio.com\/wp-content\/uploads\/2023\/03\/a538739f-a263-41f7-a8ad-442daf3aa6c0-768x432.jpg 768w, https:\/\/periodiconuevomilenio.com\/wp-content\/uploads\/2023\/03\/a538739f-a263-41f7-a8ad-442daf3aa6c0-1536x864.jpg 1536w, https:\/\/periodiconuevomilenio.com\/wp-content\/uploads\/2023\/03\/a538739f-a263-41f7-a8ad-442daf3aa6c0-1280x720.jpg 1280w, https:\/\/periodiconuevomilenio.com\/wp-content\/uploads\/2023\/03\/a538739f-a263-41f7-a8ad-442daf3aa6c0.jpg 1600w\" sizes=\"auto, (max-width: 1024px) 100vw, 1024px\" \/><\/figure>\n\n\n\n<figure class=\"wp-block-image size-full\"><img loading=\"lazy\" decoding=\"async\" width=\"1024\" height=\"770\" src=\"https:\/\/periodiconuevomilenio.com\/wp-content\/uploads\/2023\/03\/descarga-1-2.jpg\" alt=\"\" class=\"wp-image-1616\" srcset=\"https:\/\/periodiconuevomilenio.com\/wp-content\/uploads\/2023\/03\/descarga-1-2.jpg 1024w, https:\/\/periodiconuevomilenio.com\/wp-content\/uploads\/2023\/03\/descarga-1-2-300x226.jpg 300w, https:\/\/periodiconuevomilenio.com\/wp-content\/uploads\/2023\/03\/descarga-1-2-768x578.jpg 768w\" sizes=\"auto, (max-width: 1024px) 100vw, 1024px\" \/><\/figure>\n\n\n\n<figure class=\"wp-block-image size-large\"><img loading=\"lazy\" decoding=\"async\" width=\"1024\" height=\"576\" src=\"https:\/\/periodiconuevomilenio.com\/wp-content\/uploads\/2023\/03\/ba565a1f-b167-4534-acbf-81c3d9431510-2-1024x576.jpg\" alt=\"\" class=\"wp-image-1619\" srcset=\"https:\/\/periodiconuevomilenio.com\/wp-content\/uploads\/2023\/03\/ba565a1f-b167-4534-acbf-81c3d9431510-2-1024x576.jpg 1024w, https:\/\/periodiconuevomilenio.com\/wp-content\/uploads\/2023\/03\/ba565a1f-b167-4534-acbf-81c3d9431510-2-300x169.jpg 300w, https:\/\/periodiconuevomilenio.com\/wp-content\/uploads\/2023\/03\/ba565a1f-b167-4534-acbf-81c3d9431510-2-768x432.jpg 768w, https:\/\/periodiconuevomilenio.com\/wp-content\/uploads\/2023\/03\/ba565a1f-b167-4534-acbf-81c3d9431510-2-1536x864.jpg 1536w, https:\/\/periodiconuevomilenio.com\/wp-content\/uploads\/2023\/03\/ba565a1f-b167-4534-acbf-81c3d9431510-2-1280x720.jpg 1280w, https:\/\/periodiconuevomilenio.com\/wp-content\/uploads\/2023\/03\/ba565a1f-b167-4534-acbf-81c3d9431510-2.jpg 1599w\" sizes=\"auto, (max-width: 1024px) 100vw, 1024px\" \/><\/figure>\n","protected":false},"excerpt":{"rendered":"<p>&nbsp;Saldo de&nbsp; una persona herida y miles de pesos en p\u00e9rdidas. VALLE DE SANTIAGO, GTO.-&nbsp; Terrible accidente se<\/p>\n","protected":false},"author":1,"featured_media":1615,"comment_status":"open","ping_status":"open","sticky":false,"template":"","format":"standard","meta":{"jetpack_post_was_ever_published":false,"_jetpack_newsletter_access":"","_jetpack_dont_email_post_to_subs":false,"_jetpack_newsletter_tier_id":0,"_jetpack_memberships_contains_paywalled_content":false,"_jetpack_memberships_contains_paid_content":false,"footnotes":"","jetpack_publicize_message":"","jetpack_publicize_feature_enabled":false,"jetpack_social_post_already_shared":false,"jetpack_social_options":{"image_generator_settings":{"template":"highway","enabled":false},"version":2}},"categories":[48,39],"tags":[22],"class_list":["post-1612","post","type-post","status-publish","format-standard","has-post-thumbnail","hentry","category-policiaca","category-valle-de-santiago","tag-valle"],"jetpack_publicize_connections":[],"jetpack_sharing_enabled":true,"jetpack_featured_media_url":"https:\/\/periodiconuevomilenio.com\/wp-content\/uploads\/2023\/03\/descarga-1-1.jpg","_links":{"self":[{"href":"https:\/\/periodiconuevomilenio.com\/index.php\/wp-json\/wp\/v2\/posts\/1612","targetHints":{"allow":["GET"]}}],"collection":[{"href":"https:\/\/periodiconuevomilenio.com\/index.php\/wp-json\/wp\/v2\/posts"}],"about":[{"href":"https:\/\/periodiconuevomilenio.com\/index.php\/wp-json\/wp\/v2\/types\/post"}],"author":[{"embeddable":true,"href":"https:\/\/periodiconuevomilenio.com\/index.php\/wp-json\/wp\/v2\/users\/1"}],"replies":[{"embeddable":true,"href":"https:\/\/periodiconuevomilenio.com\/index.php\/wp-json\/wp\/v2\/comments?post=1612"}],"version-history":[{"count":1,"href":"https:\/\/periodiconuevomilenio.com\/index.php\/wp-json\/wp\/v2\/posts\/1612\/revisions"}],"predecessor-version":[{"id":1620,"href":"https:\/\/periodiconuevomilenio.com\/index.php\/wp-json\/wp\/v2\/posts\/1612\/revisions\/1620"}],"wp:featuredmedia":[{"embeddable":true,"href":"https:\/\/periodiconuevomilenio.com\/index.php\/wp-json\/wp\/v2\/media\/1615"}],"wp:attachment":[{"href":"https:\/\/periodiconuevomilenio.com\/index.php\/wp-json\/wp\/v2\/media?parent=1612"}],"wp:term":[{"taxonomy":"category","embeddable":true,"href":"https:\/\/periodiconuevomilenio.com\/index.php\/wp-json\/wp\/v2\/categories?post=1612"},{"taxonomy":"post_tag","embeddable":true,"href":"https:\/\/periodiconuevomilenio.com\/index.php\/wp-json\/wp\/v2\/tags?post=1612"}],"curies":[{"name":"wp","href":"https:\/\/api.w.org\/{rel}","templated":true}]}}