{"id":16554,"date":"2024-09-13T22:16:59","date_gmt":"2024-09-14T04:16:59","guid":{"rendered":"https:\/\/periodiconuevomilenio.com\/?p=16554"},"modified":"2024-09-13T22:17:01","modified_gmt":"2024-09-14T04:17:01","slug":"lo-que-no-se-nombra-no-existe","status":"publish","type":"post","link":"https:\/\/periodiconuevomilenio.com\/index.php\/2024\/09\/13\/lo-que-no-se-nombra-no-existe\/","title":{"rendered":"\u201cLo que no se nombra no existe\u201d"},"content":{"rendered":"\n<p>Los integrantes de Coalici\u00f3n de Grupos Migrantes en Estados Unidos y Canad\u00e1, que son m\u00e1s de 50 agrupaciones, entre Clubes, Federaciones y Casas Guanajuato, lamentamos la desacertada decisi\u00f3n de desaparecer \u00e9sta Secretar\u00eda.<\/p>\n\n\n\n<p>En momentos cruciales donde la movilidad humana permite la migraci\u00f3n con mayor facilidad, es lamentable que la pol\u00edtica migratoria &nbsp;del &nbsp;gobierno &nbsp;de Guanajuato se minimice al pasar de Secretar\u00eda del Migrante y Enlace Internacional a una subsecretar\u00eda dentro de la Secretar\u00eda de Derechos Humanos.<\/p>\n\n\n\n<p>La evoluci\u00f3n de la relaci\u00f3n gobierno-migrantes comienza con la creaci\u00f3n de una Oficina de Atenci\u00f3n al Migrante, despu\u00e9s a un Instituto de Atenci\u00f3n a los Migrantes y sus Familias, posteriormente a la creaci\u00f3n de la Secretar\u00eda del Migrante y Enlace Internacional. Lo anterior se fue consiguiendo&nbsp;&nbsp; gracias a la lucha de los migrantes por ser atendidos y escuchados, una lucha de d\u00e9cadas que hoy da un paso atr\u00e1s al dejar la atenci\u00f3n en una subsecretar\u00eda.<\/p>\n\n\n\n<p>Apenas en el 2022, el gobierno del estado de Guanajuato, en colaboraci\u00f3n con la Organizaci\u00f3n Internacional &nbsp;de &nbsp;Internacional &nbsp;para &nbsp;las &nbsp;Migraciones&nbsp; (OIM)&nbsp; present\u00f3&nbsp; un&nbsp; informe&nbsp; sobre gobernanza migratoria, el cual muestra las fortalezas y las \u00e1reas de oportunidad en las pol\u00edticas p\u00fablicas para fomentar una migraci\u00f3n ordenada, segura y digna. El gobernador saliente hizo hincapi\u00e9 en que una de sus primeras acciones al asumir el Gobierno estatal, fue la creaci\u00f3n de la Secretar\u00eda del Migrante y Enlace Internacional para brindar atenci\u00f3n desde el primer nivel.<\/p>\n\n\n\n<p>Cifras conservadoras indican que en las diversas localidades de&nbsp; Estados Unidos radican por lo menos 1.8 millones de guanajuatenses; en Canad\u00e1 por lo menos 400 mil y los n\u00fameros siguen aumentando &nbsp;porque&nbsp; los&nbsp; guanajuatenses est\u00e1n dejando la entidad para buscar un&nbsp; &nbsp;mejor ingreso para sus familia, por falta de oportunidades laborales, por inseguridad y otros.<\/p>\n\n\n\n<p>Los guanajuatenses no somos solo una cifra, somos ciudadanos que requerimos de pol\u00edticas p\u00fablicas, programas, acciones y acompa\u00f1amiento para los que ya radicamos fuera de nuestras comunidades de origen y como para los que se quedaron y padecen la migraci\u00f3n como los que tuvieron que dejar su tierra.<\/p>\n\n\n\n<p>La gobernadora electa Libia Dennise Garc\u00eda Mu\u00f1oz Ledo, tiene en sus manos &nbsp;la oportunidad de ser el punto de unidad con la comunidad migrante y revisar la reforma administrativa que ya se aprob\u00f3 en el Congreso del Estado para regresar la Secretar\u00eda del Migrante m\u00e1s fortalecida que nunca. Solo se requiere voluntad pol\u00edtica para escuchar a la comunidad migrante.<\/p>\n\n\n\n<p>Los migrantes no pretendemos hacer se\u00f1alamientos sin fundamento, no somos revoltosos, ni queremos desestabilizar el gobierno estatal actual, ni el que est\u00e1 por venir; hoy m\u00e1s que nunca y como siempre buscamos ser escuchados, hay tanto por hacer que siempre estamos dispuestos a poner nuestra parte.<\/p>\n\n\n\n<p>Hace una d\u00e9cada cuando se impulsaron los programas 3&#215;1 para obras, programas productivos en las comunidades de origen y otros parec\u00eda que la relaci\u00f3n gobierno Estatal y migrantes crecer\u00eda, pero fue todo lo contrario, a la fecha tenemos una Secretar\u00eda sin infraestructura, sin personal, sin recursos y cada vez m\u00e1s alejada de los migrantes.<\/p>\n\n\n\n<p>Esper\u00e1bamos que en \u00e9ste \u201cNuevo Comienzo\u201d, con el gobierno de la primera mujer gobernadora la Secretar\u00eda se Fortalecer\u00eda y nos llevamos una decepci\u00f3n porque la han desaparecido.<\/p>\n\n\n\n<figure class=\"wp-block-gallery has-nested-images columns-default is-cropped wp-block-gallery-1 is-layout-flex wp-block-gallery-is-layout-flex\">\n<figure class=\"wp-block-image size-large\"><img loading=\"lazy\" decoding=\"async\" width=\"473\" height=\"1024\" data-id=\"16558\" src=\"https:\/\/periodiconuevomilenio.com\/wp-content\/uploads\/2024\/09\/43512d41-8179-47f7-ae4e-40540cc2b459-1-473x1024.jpg\" alt=\"\" class=\"wp-image-16558\" srcset=\"https:\/\/periodiconuevomilenio.com\/wp-content\/uploads\/2024\/09\/43512d41-8179-47f7-ae4e-40540cc2b459-1-473x1024.jpg 473w, https:\/\/periodiconuevomilenio.com\/wp-content\/uploads\/2024\/09\/43512d41-8179-47f7-ae4e-40540cc2b459-1-139x300.jpg 139w, https:\/\/periodiconuevomilenio.com\/wp-content\/uploads\/2024\/09\/43512d41-8179-47f7-ae4e-40540cc2b459-1-768x1663.jpg 768w, https:\/\/periodiconuevomilenio.com\/wp-content\/uploads\/2024\/09\/43512d41-8179-47f7-ae4e-40540cc2b459-1-710x1536.jpg 710w, https:\/\/periodiconuevomilenio.com\/wp-content\/uploads\/2024\/09\/43512d41-8179-47f7-ae4e-40540cc2b459-1.jpg 946w\" sizes=\"auto, (max-width: 473px) 100vw, 473px\" \/><\/figure>\n\n\n\n<figure class=\"wp-block-image size-large\"><img loading=\"lazy\" decoding=\"async\" width=\"473\" height=\"1024\" data-id=\"16559\" src=\"https:\/\/periodiconuevomilenio.com\/wp-content\/uploads\/2024\/09\/5260422e-3bd1-4e00-bb22-27280ef006d6-1-473x1024.jpg\" alt=\"\" class=\"wp-image-16559\" srcset=\"https:\/\/periodiconuevomilenio.com\/wp-content\/uploads\/2024\/09\/5260422e-3bd1-4e00-bb22-27280ef006d6-1-473x1024.jpg 473w, https:\/\/periodiconuevomilenio.com\/wp-content\/uploads\/2024\/09\/5260422e-3bd1-4e00-bb22-27280ef006d6-1-139x300.jpg 139w, https:\/\/periodiconuevomilenio.com\/wp-content\/uploads\/2024\/09\/5260422e-3bd1-4e00-bb22-27280ef006d6-1-768x1663.jpg 768w, https:\/\/periodiconuevomilenio.com\/wp-content\/uploads\/2024\/09\/5260422e-3bd1-4e00-bb22-27280ef006d6-1-710x1536.jpg 710w, https:\/\/periodiconuevomilenio.com\/wp-content\/uploads\/2024\/09\/5260422e-3bd1-4e00-bb22-27280ef006d6-1.jpg 946w\" sizes=\"auto, (max-width: 473px) 100vw, 473px\" \/><\/figure>\n<\/figure>\n\n\n\n<figure class=\"wp-block-image size-large\"><img loading=\"lazy\" decoding=\"async\" width=\"1024\" height=\"760\" src=\"https:\/\/periodiconuevomilenio.com\/wp-content\/uploads\/2024\/09\/1-1-1024x760.png\" alt=\"\" class=\"wp-image-16557\" srcset=\"https:\/\/periodiconuevomilenio.com\/wp-content\/uploads\/2024\/09\/1-1-1024x760.png 1024w, https:\/\/periodiconuevomilenio.com\/wp-content\/uploads\/2024\/09\/1-1-300x223.png 300w, https:\/\/periodiconuevomilenio.com\/wp-content\/uploads\/2024\/09\/1-1-768x570.png 768w, https:\/\/periodiconuevomilenio.com\/wp-content\/uploads\/2024\/09\/1-1-1536x1140.png 1536w, https:\/\/periodiconuevomilenio.com\/wp-content\/uploads\/2024\/09\/1-1.png 1612w\" sizes=\"auto, (max-width: 1024px) 100vw, 1024px\" \/><\/figure>\n\n\n\n<p>Migrantes Unidos por Guanajuato<\/p>\n\n\n\n<p>Septiembre 13 de 2024<\/p>\n\n\n\n<figure class=\"wp-block-gallery has-nested-images columns-default is-cropped wp-block-gallery-2 is-layout-flex wp-block-gallery-is-layout-flex\">\n<figure class=\"wp-block-image size-large\"><img loading=\"lazy\" decoding=\"async\" width=\"473\" height=\"1024\" data-id=\"16555\" src=\"https:\/\/periodiconuevomilenio.com\/wp-content\/uploads\/2024\/09\/43512d41-8179-47f7-ae4e-40540cc2b459-473x1024.jpg\" alt=\"\" class=\"wp-image-16555\" srcset=\"https:\/\/periodiconuevomilenio.com\/wp-content\/uploads\/2024\/09\/43512d41-8179-47f7-ae4e-40540cc2b459-473x1024.jpg 473w, https:\/\/periodiconuevomilenio.com\/wp-content\/uploads\/2024\/09\/43512d41-8179-47f7-ae4e-40540cc2b459-139x300.jpg 139w, https:\/\/periodiconuevomilenio.com\/wp-content\/uploads\/2024\/09\/43512d41-8179-47f7-ae4e-40540cc2b459-768x1663.jpg 768w, https:\/\/periodiconuevomilenio.com\/wp-content\/uploads\/2024\/09\/43512d41-8179-47f7-ae4e-40540cc2b459-710x1536.jpg 710w, https:\/\/periodiconuevomilenio.com\/wp-content\/uploads\/2024\/09\/43512d41-8179-47f7-ae4e-40540cc2b459.jpg 946w\" sizes=\"auto, (max-width: 473px) 100vw, 473px\" \/><\/figure>\n\n\n\n<figure class=\"wp-block-image size-large\"><img loading=\"lazy\" decoding=\"async\" width=\"473\" height=\"1024\" data-id=\"16556\" src=\"https:\/\/periodiconuevomilenio.com\/wp-content\/uploads\/2024\/09\/5260422e-3bd1-4e00-bb22-27280ef006d6-473x1024.jpg\" alt=\"\" class=\"wp-image-16556\" srcset=\"https:\/\/periodiconuevomilenio.com\/wp-content\/uploads\/2024\/09\/5260422e-3bd1-4e00-bb22-27280ef006d6-473x1024.jpg 473w, https:\/\/periodiconuevomilenio.com\/wp-content\/uploads\/2024\/09\/5260422e-3bd1-4e00-bb22-27280ef006d6-139x300.jpg 139w, https:\/\/periodiconuevomilenio.com\/wp-content\/uploads\/2024\/09\/5260422e-3bd1-4e00-bb22-27280ef006d6-768x1663.jpg 768w, https:\/\/periodiconuevomilenio.com\/wp-content\/uploads\/2024\/09\/5260422e-3bd1-4e00-bb22-27280ef006d6-710x1536.jpg 710w, https:\/\/periodiconuevomilenio.com\/wp-content\/uploads\/2024\/09\/5260422e-3bd1-4e00-bb22-27280ef006d6.jpg 946w\" sizes=\"auto, (max-width: 473px) 100vw, 473px\" \/><\/figure>\n<\/figure>\n","protected":false},"excerpt":{"rendered":"<p>Los integrantes de Coalici\u00f3n de Grupos Migrantes en Estados Unidos y Canad\u00e1, que son m\u00e1s de 50 agrupaciones,<\/p>\n","protected":false},"author":1,"featured_media":16559,"comment_status":"open","ping_status":"open","sticky":false,"template":"","format":"standard","meta":{"jetpack_post_was_ever_published":false,"_jetpack_newsletter_access":"","_jetpack_dont_email_post_to_subs":false,"_jetpack_newsletter_tier_id":0,"_jetpack_memberships_contains_paywalled_content":false,"_jetpack_memberships_contains_paid_content":false,"footnotes":"","jetpack_publicize_message":"","jetpack_publicize_feature_enabled":false,"jetpack_social_post_already_shared":false,"jetpack_social_options":{"image_generator_settings":{"template":"highway","enabled":false},"version":2}},"categories":[46,47],"tags":[51,50],"class_list":["post-16554","post","type-post","status-publish","format-standard","has-post-thumbnail","hentry","category-internacional","category-nacional","tag-estado","tag-nacional"],"jetpack_publicize_connections":[],"jetpack_sharing_enabled":true,"jetpack_featured_media_url":"https:\/\/periodiconuevomilenio.com\/wp-content\/uploads\/2024\/09\/5260422e-3bd1-4e00-bb22-27280ef006d6-1.jpg","_links":{"self":[{"href":"https:\/\/periodiconuevomilenio.com\/index.php\/wp-json\/wp\/v2\/posts\/16554","targetHints":{"allow":["GET"]}}],"collection":[{"href":"https:\/\/periodiconuevomilenio.com\/index.php\/wp-json\/wp\/v2\/posts"}],"about":[{"href":"https:\/\/periodiconuevomilenio.com\/index.php\/wp-json\/wp\/v2\/types\/post"}],"author":[{"embeddable":true,"href":"https:\/\/periodiconuevomilenio.com\/index.php\/wp-json\/wp\/v2\/users\/1"}],"replies":[{"embeddable":true,"href":"https:\/\/periodiconuevomilenio.com\/index.php\/wp-json\/wp\/v2\/comments?post=16554"}],"version-history":[{"count":1,"href":"https:\/\/periodiconuevomilenio.com\/index.php\/wp-json\/wp\/v2\/posts\/16554\/revisions"}],"predecessor-version":[{"id":16560,"href":"https:\/\/periodiconuevomilenio.com\/index.php\/wp-json\/wp\/v2\/posts\/16554\/revisions\/16560"}],"wp:featuredmedia":[{"embeddable":true,"href":"https:\/\/periodiconuevomilenio.com\/index.php\/wp-json\/wp\/v2\/media\/16559"}],"wp:attachment":[{"href":"https:\/\/periodiconuevomilenio.com\/index.php\/wp-json\/wp\/v2\/media?parent=16554"}],"wp:term":[{"taxonomy":"category","embeddable":true,"href":"https:\/\/periodiconuevomilenio.com\/index.php\/wp-json\/wp\/v2\/categories?post=16554"},{"taxonomy":"post_tag","embeddable":true,"href":"https:\/\/periodiconuevomilenio.com\/index.php\/wp-json\/wp\/v2\/tags?post=16554"}],"curies":[{"name":"wp","href":"https:\/\/api.w.org\/{rel}","templated":true}]}}