{"id":16676,"date":"2024-09-18T00:37:18","date_gmt":"2024-09-18T06:37:18","guid":{"rendered":"https:\/\/periodiconuevomilenio.com\/?p=16676"},"modified":"2024-09-18T00:37:20","modified_gmt":"2024-09-18T06:37:20","slug":"lo-conocian-como-el-guaje-la-persona-asesinada-en-la-lagunilla","status":"publish","type":"post","link":"https:\/\/periodiconuevomilenio.com\/index.php\/2024\/09\/18\/lo-conocian-como-el-guaje-la-persona-asesinada-en-la-lagunilla\/","title":{"rendered":"Lo conoc\u00edan como el Guaje la persona asesinada en la Lagunilla."},"content":{"rendered":"\n<p>VALLE DE SANTIAGO GTO.- La fiscal\u00eda general del estado confirm\u00f3 el d\u00eda de hoy que ya fue plenamente identificado la persona que fue localizada sin vida el d\u00eda de ayer por la noche en la Lagunilla del Malpais, se le conoc\u00eda en la zona como el \u201cGuaje\u201d.<br>Cabe recordar que fue este lunes a eso de las ocho de la noche con 5 minutos cuando reportaron al sistema de emergencia 911 de que se encontraba el cuerpo de una persona con lesiones, por lo que se comision\u00f3 una patrulla para verificar el hecho.<br>Una vez que estuvieron en el lugar indicado, localizaron a un masculino de aproximadamente 35 a\u00f1os de edad, quien vest\u00eda una chamarra negra, pantal\u00f3n mezclilla azul y tenis negros.<br>Hoy se dio a conocer que la persona fallecida es de se\u00f1o masculino y fue identificado por sus familiares como Samuel \u201cN\u201d alias \u201cGuaje\u201d quien present\u00f3 lesiones de las producidas por proyectil disparado por arma de fuego.<br>Mientras que este mismo d\u00eda por la ma\u00f1ana fue localizado un cuerpo en la carretera que conduce a la Comunidad Ter\u00e1n, hasta el momento no se ha logrado su identificaci\u00f3n, mismo que present\u00f3 huellas de violencia. Estaba maniatado y amordazado.<\/p>\n\n\n\n<figure class=\"wp-block-image size-full\"><img loading=\"lazy\" decoding=\"async\" width=\"970\" height=\"604\" src=\"https:\/\/periodiconuevomilenio.com\/wp-content\/uploads\/2024\/09\/screenshot_2024-02-25-22-31-33-437_com.facebook.katana-1.jpg\" alt=\"\" class=\"wp-image-16677\" srcset=\"https:\/\/periodiconuevomilenio.com\/wp-content\/uploads\/2024\/09\/screenshot_2024-02-25-22-31-33-437_com.facebook.katana-1.jpg 970w, https:\/\/periodiconuevomilenio.com\/wp-content\/uploads\/2024\/09\/screenshot_2024-02-25-22-31-33-437_com.facebook.katana-1-300x187.jpg 300w, https:\/\/periodiconuevomilenio.com\/wp-content\/uploads\/2024\/09\/screenshot_2024-02-25-22-31-33-437_com.facebook.katana-1-768x478.jpg 768w\" sizes=\"auto, (max-width: 970px) 100vw, 970px\" \/><\/figure>\n\n\n","protected":false},"excerpt":{"rendered":"<p>VALLE DE SANTIAGO GTO.- La fiscal\u00eda general del estado confirm\u00f3 el d\u00eda de hoy que ya fue plenamente<\/p>\n","protected":false},"author":1,"featured_media":16677,"comment_status":"open","ping_status":"open","sticky":false,"template":"","format":"standard","meta":{"jetpack_post_was_ever_published":false,"_jetpack_newsletter_access":"","_jetpack_dont_email_post_to_subs":false,"_jetpack_newsletter_tier_id":0,"_jetpack_memberships_contains_paywalled_content":false,"_jetpack_memberships_contains_paid_content":false,"footnotes":"","jetpack_publicize_message":"","jetpack_publicize_feature_enabled":false,"jetpack_social_post_already_shared":false,"jetpack_social_options":{"image_generator_settings":{"template":"highway","enabled":false},"version":2}},"categories":[48,39],"tags":[22],"class_list":["post-16676","post","type-post","status-publish","format-standard","has-post-thumbnail","hentry","category-policiaca","category-valle-de-santiago","tag-valle"],"jetpack_publicize_connections":[],"jetpack_sharing_enabled":true,"jetpack_featured_media_url":"https:\/\/periodiconuevomilenio.com\/wp-content\/uploads\/2024\/09\/screenshot_2024-02-25-22-31-33-437_com.facebook.katana-1.jpg","_links":{"self":[{"href":"https:\/\/periodiconuevomilenio.com\/index.php\/wp-json\/wp\/v2\/posts\/16676","targetHints":{"allow":["GET"]}}],"collection":[{"href":"https:\/\/periodiconuevomilenio.com\/index.php\/wp-json\/wp\/v2\/posts"}],"about":[{"href":"https:\/\/periodiconuevomilenio.com\/index.php\/wp-json\/wp\/v2\/types\/post"}],"author":[{"embeddable":true,"href":"https:\/\/periodiconuevomilenio.com\/index.php\/wp-json\/wp\/v2\/users\/1"}],"replies":[{"embeddable":true,"href":"https:\/\/periodiconuevomilenio.com\/index.php\/wp-json\/wp\/v2\/comments?post=16676"}],"version-history":[{"count":1,"href":"https:\/\/periodiconuevomilenio.com\/index.php\/wp-json\/wp\/v2\/posts\/16676\/revisions"}],"predecessor-version":[{"id":16678,"href":"https:\/\/periodiconuevomilenio.com\/index.php\/wp-json\/wp\/v2\/posts\/16676\/revisions\/16678"}],"wp:featuredmedia":[{"embeddable":true,"href":"https:\/\/periodiconuevomilenio.com\/index.php\/wp-json\/wp\/v2\/media\/16677"}],"wp:attachment":[{"href":"https:\/\/periodiconuevomilenio.com\/index.php\/wp-json\/wp\/v2\/media?parent=16676"}],"wp:term":[{"taxonomy":"category","embeddable":true,"href":"https:\/\/periodiconuevomilenio.com\/index.php\/wp-json\/wp\/v2\/categories?post=16676"},{"taxonomy":"post_tag","embeddable":true,"href":"https:\/\/periodiconuevomilenio.com\/index.php\/wp-json\/wp\/v2\/tags?post=16676"}],"curies":[{"name":"wp","href":"https:\/\/api.w.org\/{rel}","templated":true}]}}