{"id":16682,"date":"2024-09-18T19:34:29","date_gmt":"2024-09-19T01:34:29","guid":{"rendered":"https:\/\/periodiconuevomilenio.com\/?p=16682"},"modified":"2024-09-18T19:34:31","modified_gmt":"2024-09-19T01:34:31","slug":"presenta-libia-gabinete-legal-y-ampliado-del-gobierno-de-la-gente","status":"publish","type":"post","link":"https:\/\/periodiconuevomilenio.com\/index.php\/2024\/09\/18\/presenta-libia-gabinete-legal-y-ampliado-del-gobierno-de-la-gente\/","title":{"rendered":"Presenta Libia Gabinete legal y ampliado del \u201cGobierno de la Gente\u201d."},"content":{"rendered":"\n<ul class=\"wp-block-list\">\n<li>Ser\u00e1 el primer Gabinete paritario en la historia de Guanajuato.<\/li>\n\n\n\n<li>El Gobierno de la Gente, es la visi\u00f3n de la Administraci\u00f3n P\u00fablica 2024-2030, el cual priorizar\u00e1 las causas m\u00e1s sensibles de la poblaci\u00f3n.<\/li>\n<\/ul>\n\n\n\n<p>Guanajuato, Gto., a 18 de septiembre de 2024.- La Gobernadora Electa de Guanajuato, Libia Dennise Garc\u00eda Mu\u00f1oz Ledo, present\u00f3 a las mujeres y hombres que le acompa\u00f1ar\u00e1n en la misi\u00f3n de servir a las y los guanajuatenses en la Administraci\u00f3n P\u00fablica Estatal 2024-2030.<\/p>\n\n\n\n<p>\u201cEsta Administraci\u00f3n que estar\u00e1 iniciando el 26 de septiembre ser\u00e1 el Gobierno de la Gente; estar\u00e1 encabezada por primera vez por una mujer, y abrir\u00e1 paso a liderazgos de mujeres para tener por primera vez un Gabinete que reconoce la paridad, la inclusi\u00f3n y la diversidad. Un Gobierno honesto y transparente, cercano y emp\u00e1tico\u201d, destac\u00f3 la Gobernadora Electa.<\/p>\n\n\n\n<p>En el nuevo Gobierno se reconocer\u00e1 la profesionalizaci\u00f3n de las y los servidores p\u00fablicos, donde el trabajo duro y el esfuerzo colectivo, resultar\u00e1 en pr\u00e1cticas y pol\u00edticas p\u00fablicas en las que se den los resultados que la gente espera; donde mejorar la vida de todas y todos los guanajuatenses ser\u00e1 prioritario.<\/p>\n\n\n\n<p>\u201cSiempre he cre\u00eddo que ning\u00fan esfuerzo individual es capaz de igualar lo que podemos alcanzar cuando trabajamos en equipo\u201d, puntualiz\u00f3<\/p>\n\n\n\n<p>La elecci\u00f3n del Gabinete legal y ampliado responde a tres criterios esenciales para la pr\u00f3xima Gobernadora: garantizar la paridad, renovar la Administraci\u00f3n Estatal con los mejores perfiles y en algunos casos, promover a quienes ya son parte de la Administraci\u00f3n Estatal.<\/p>\n\n\n\n<p>GABINETE LEGAL<\/p>\n\n\n\n<ul class=\"wp-block-list\">\n<li>Secretar\u00eda de Gobierno, Jorge Daniel Jim\u00e9nez Lona.<\/li>\n\n\n\n<li>Secretar\u00eda de Seguridad y Paz, Juan Mauro Gonz\u00e1lez Mart\u00ednez.<\/li>\n\n\n\n<li>Secretar\u00eda de Finanzas, H\u00e9ctor Salgado Banda.<\/li>\n\n\n\n<li>Secretar\u00eda de la Honestidad, Arcelia Mar\u00eda Gonz\u00e1lez Gonz\u00e1lez (Propuesta a ratificaci\u00f3n del Congreso).<\/li>\n\n\n\n<li>Secretar\u00eda del Nuevo Comienzo, Mar\u00eda del Rosario corona Amador.<\/li>\n\n\n\n<li>Secretar\u00eda de Salud, Gabriel Laredo Cort\u00e9s Alcal\u00e1.<\/li>\n\n\n\n<li>Secretar\u00eda de los Derechos Humanos, Liz Alejandra Esparza Frausto.<br>-Subsecretar\u00eda de Atenci\u00f3n a la Poblaci\u00f3n Ind\u00edgena y Afrodescendiente, Antonio Guerrero Horta.<\/li>\n<\/ul>\n\n\n\n<p>-Subsecretar\u00eda de Atenci\u00f3n a la Personas Migrantes y sus Familias, Susana Guerra Vallejo.<\/p>\n\n\n\n<p>-Subsecretar\u00eda para la Atenci\u00f3n a las Personas de la Diversidad Sexual y de G\u00e9nero, Ricardo Garc\u00eda Frausto.<\/p>\n\n\n\n<p>-Subsecretar\u00eda de Atenci\u00f3n a las Personas con Discapacidad, Carlos Daigoro Fonce Segura.<\/p>\n\n\n\n<ul class=\"wp-block-list\">\n<li>Secretar\u00eda de Educaci\u00f3n, Luis Ignacio S\u00e1nchez G\u00f3mez.<\/li>\n\n\n\n<li>Secretar\u00eda de Econom\u00eda, Claudia Cristina Villase\u00f1or Aguilar.<\/li>\n\n\n\n<li>Secretar\u00eda de Turismo e Identidad, Mar\u00eda Guadalupe Robles de Le\u00f3n.<\/li>\n\n\n\n<li>Secretar\u00eda del Campo, Marisol Su\u00e1rez Correa.<\/li>\n\n\n\n<li>Secretar\u00eda de Obra P\u00fablica, Juan Pablo P\u00e9rez Beltr\u00e1n.<\/li>\n\n\n\n<li>Secretar\u00eda del Agua y Medio Ambiente, Jos\u00e9 Lara Lona.<\/li>\n\n\n\n<li>Secretar\u00eda de Cultura, Lizeth Galv\u00e1n Cort\u00e9s.<br>GABINETE AMPLIADO<\/li>\n\n\n\n<li>Comisi\u00f3n de Deporte del Estado de Guanajuato, Yendy Cortinas L\u00f3pez.<\/li>\n\n\n\n<li>Coordinadora de Fomento al Comercio Exterior, Luis Ernesto Rojas \u00c1vila.<\/li>\n\n\n\n<li>IDEA, Juan Antonio Reus Monta\u00f1o.<\/li>\n\n\n\n<li>Instituto de Seguridad Social del Estado de Guanajuato, Judith Ju\u00e1rez Guzm\u00e1n.<\/li>\n\n\n\n<li>Instituto para el Desarrollo y Atenci\u00f3n a las Juventudes, Alma Regina Trujillo Dom\u00ednguez.<\/li>\n\n\n\n<li>Instituto para las Mujeres Guanajuatenses, Itzel Balderas Hern\u00e1ndez.<\/li>\n\n\n\n<li>Sistema para el Desarrollo Integral de la Familia del Estado de Guanajuato, Jos\u00e9 Alfonso Borja Pimentel.<\/li>\n\n\n\n<li>Unidad de Televisi\u00f3n de Guanajuato, TV4, Rafael Guti\u00e9rrez Mercadillo.<\/li>\n\n\n\n<li>Guanajuato Puerto Interior, H\u00e9ctor L\u00f3pez Santillana.<\/li>\n\n\n\n<li>Instituto Estatal de Capacitaci\u00f3n, Salom\u00f3n Ceballos Ochoa.<\/li>\n\n\n\n<li>Procuradur\u00eda Ambiental y de Ordenamiento Territorial, Karina Padilla \u00c1vila.<\/li>\n\n\n\n<li>Comisi\u00f3n Estatal de Conciliaci\u00f3n y Arbitraje, Adriana Tinoco Avi\u00f1a.<\/li>\n\n\n\n<li>T\u00fa Puedes Guanajuato, Iv\u00f3n del Carmen Padilla Hern\u00e1ndez.<\/li>\n\n\n\n<li>Procuradur\u00eda Estatal de Protecci\u00f3n de Ni\u00f1as, Ni\u00f1os y Adolescentes, Mar\u00eda Teresa Palomino Ramos.<\/li>\n\n\n\n<li>Comisi\u00f3n Estatal de Atenci\u00f3n Integral a V\u00edctimas de Guanajuato, Sergio Jaime Roch\u00edn del Rinc\u00f3n.<br>STAFF DE LA GOBERNADORA<\/li>\n\n\n\n<li>Secretar\u00eda Particular, Martha Alejandra Rivera Cort\u00e9s.<\/li>\n\n\n\n<li>Unidad de Transparencia, Ma. de Los \u00c1ngeles Ducoing Valdepe\u00f1a.<\/li>\n\n\n\n<li>Instituto de Planeaci\u00f3n, Estad\u00edstica y Geograf\u00eda, Graciela de la Luz Amaro Hern\u00e1ndez.<\/li>\n\n\n\n<li>Oficina de Representaci\u00f3n y Enlace del Gobierno en la CDMX, Juan Carlos Altamirano.<\/li>\n\n\n\n<li>Coordinaci\u00f3n General de Comunicaci\u00f3n Social, Miguel \u00c1ngel Mendiola S\u00e1nchez.<\/li>\n\n\n\n<li>Consejer\u00eda Jur\u00eddica del Ejecutivo, Alejandro Sierra Lugo.<br>En esta presentaci\u00f3n se comparti\u00f3 la nueva imagen del Gobierno del Estado de Guanajuato Administraci\u00f3n 2024-2030 bajo el slogan \u201cEl Gobierno del la Gente\u201d.<\/li>\n<\/ul>\n\n\n\n<p>Los curriculums de cada integrante del Gabinete para su consulta, se encuentran en la p\u00e1gina https:\/\/soylibia.com\/gabinete-gobierno-de-la-gente\/<\/p>\n\n\n\n<figure class=\"wp-block-image size-large\"><img loading=\"lazy\" decoding=\"async\" width=\"683\" height=\"1024\" src=\"https:\/\/periodiconuevomilenio.com\/wp-content\/uploads\/2024\/09\/5cf3a368-6d0e-4e49-86fc-48250d398591-683x1024.jpg\" alt=\"\" class=\"wp-image-16686\" srcset=\"https:\/\/periodiconuevomilenio.com\/wp-content\/uploads\/2024\/09\/5cf3a368-6d0e-4e49-86fc-48250d398591-683x1024.jpg 683w, https:\/\/periodiconuevomilenio.com\/wp-content\/uploads\/2024\/09\/5cf3a368-6d0e-4e49-86fc-48250d398591-200x300.jpg 200w, https:\/\/periodiconuevomilenio.com\/wp-content\/uploads\/2024\/09\/5cf3a368-6d0e-4e49-86fc-48250d398591-768x1151.jpg 768w, https:\/\/periodiconuevomilenio.com\/wp-content\/uploads\/2024\/09\/5cf3a368-6d0e-4e49-86fc-48250d398591.jpg 854w\" sizes=\"auto, (max-width: 683px) 100vw, 683px\" \/><\/figure>\n\n\n\n<figure class=\"wp-block-image size-large\"><img loading=\"lazy\" decoding=\"async\" width=\"1024\" height=\"682\" src=\"https:\/\/periodiconuevomilenio.com\/wp-content\/uploads\/2024\/09\/cf6e60dd-4943-47c1-aa0c-d0da00ffbab1-1024x682.jpg\" alt=\"\" class=\"wp-image-16685\" srcset=\"https:\/\/periodiconuevomilenio.com\/wp-content\/uploads\/2024\/09\/cf6e60dd-4943-47c1-aa0c-d0da00ffbab1-1024x682.jpg 1024w, https:\/\/periodiconuevomilenio.com\/wp-content\/uploads\/2024\/09\/cf6e60dd-4943-47c1-aa0c-d0da00ffbab1-300x200.jpg 300w, https:\/\/periodiconuevomilenio.com\/wp-content\/uploads\/2024\/09\/cf6e60dd-4943-47c1-aa0c-d0da00ffbab1-768x512.jpg 768w, https:\/\/periodiconuevomilenio.com\/wp-content\/uploads\/2024\/09\/cf6e60dd-4943-47c1-aa0c-d0da00ffbab1.jpg 1280w\" sizes=\"auto, (max-width: 1024px) 100vw, 1024px\" \/><\/figure>\n\n\n\n<figure class=\"wp-block-image size-large\"><img loading=\"lazy\" decoding=\"async\" width=\"1024\" height=\"683\" src=\"https:\/\/periodiconuevomilenio.com\/wp-content\/uploads\/2024\/09\/66356645-bc68-46c1-b79a-a8280a35db9e-1024x683.jpg\" alt=\"\" class=\"wp-image-16684\" srcset=\"https:\/\/periodiconuevomilenio.com\/wp-content\/uploads\/2024\/09\/66356645-bc68-46c1-b79a-a8280a35db9e-1024x683.jpg 1024w, https:\/\/periodiconuevomilenio.com\/wp-content\/uploads\/2024\/09\/66356645-bc68-46c1-b79a-a8280a35db9e-300x200.jpg 300w, https:\/\/periodiconuevomilenio.com\/wp-content\/uploads\/2024\/09\/66356645-bc68-46c1-b79a-a8280a35db9e-768x512.jpg 768w, https:\/\/periodiconuevomilenio.com\/wp-content\/uploads\/2024\/09\/66356645-bc68-46c1-b79a-a8280a35db9e.jpg 1280w\" sizes=\"auto, (max-width: 1024px) 100vw, 1024px\" \/><\/figure>\n\n\n\n<figure class=\"wp-block-image size-large\"><img loading=\"lazy\" decoding=\"async\" width=\"1024\" height=\"819\" src=\"https:\/\/periodiconuevomilenio.com\/wp-content\/uploads\/2024\/09\/dffb9536-9443-49e5-936a-121dbbc5f542-1024x819.jpg\" alt=\"\" class=\"wp-image-16683\" srcset=\"https:\/\/periodiconuevomilenio.com\/wp-content\/uploads\/2024\/09\/dffb9536-9443-49e5-936a-121dbbc5f542-1024x819.jpg 1024w, https:\/\/periodiconuevomilenio.com\/wp-content\/uploads\/2024\/09\/dffb9536-9443-49e5-936a-121dbbc5f542-300x240.jpg 300w, https:\/\/periodiconuevomilenio.com\/wp-content\/uploads\/2024\/09\/dffb9536-9443-49e5-936a-121dbbc5f542-768x614.jpg 768w, https:\/\/periodiconuevomilenio.com\/wp-content\/uploads\/2024\/09\/dffb9536-9443-49e5-936a-121dbbc5f542.jpg 1280w\" sizes=\"auto, (max-width: 1024px) 100vw, 1024px\" \/><\/figure>\n\n\n","protected":false},"excerpt":{"rendered":"<p>Guanajuato, Gto., a 18 de septiembre de 2024.- La Gobernadora Electa de Guanajuato, Libia Dennise Garc\u00eda Mu\u00f1oz Ledo,<\/p>\n","protected":false},"author":1,"featured_media":16686,"comment_status":"open","ping_status":"open","sticky":false,"template":"","format":"standard","meta":{"jetpack_post_was_ever_published":false,"_jetpack_newsletter_access":"","_jetpack_dont_email_post_to_subs":false,"_jetpack_newsletter_tier_id":0,"_jetpack_memberships_contains_paywalled_content":false,"_jetpack_memberships_contains_paid_content":false,"footnotes":"","jetpack_publicize_message":"","jetpack_publicize_feature_enabled":false,"jetpack_social_post_already_shared":false,"jetpack_social_options":{"image_generator_settings":{"template":"highway","enabled":false},"version":2}},"categories":[31],"tags":[51],"class_list":["post-16682","post","type-post","status-publish","format-standard","has-post-thumbnail","hentry","category-estado","tag-estado"],"jetpack_publicize_connections":[],"jetpack_sharing_enabled":true,"jetpack_featured_media_url":"https:\/\/periodiconuevomilenio.com\/wp-content\/uploads\/2024\/09\/5cf3a368-6d0e-4e49-86fc-48250d398591.jpg","_links":{"self":[{"href":"https:\/\/periodiconuevomilenio.com\/index.php\/wp-json\/wp\/v2\/posts\/16682","targetHints":{"allow":["GET"]}}],"collection":[{"href":"https:\/\/periodiconuevomilenio.com\/index.php\/wp-json\/wp\/v2\/posts"}],"about":[{"href":"https:\/\/periodiconuevomilenio.com\/index.php\/wp-json\/wp\/v2\/types\/post"}],"author":[{"embeddable":true,"href":"https:\/\/periodiconuevomilenio.com\/index.php\/wp-json\/wp\/v2\/users\/1"}],"replies":[{"embeddable":true,"href":"https:\/\/periodiconuevomilenio.com\/index.php\/wp-json\/wp\/v2\/comments?post=16682"}],"version-history":[{"count":1,"href":"https:\/\/periodiconuevomilenio.com\/index.php\/wp-json\/wp\/v2\/posts\/16682\/revisions"}],"predecessor-version":[{"id":16687,"href":"https:\/\/periodiconuevomilenio.com\/index.php\/wp-json\/wp\/v2\/posts\/16682\/revisions\/16687"}],"wp:featuredmedia":[{"embeddable":true,"href":"https:\/\/periodiconuevomilenio.com\/index.php\/wp-json\/wp\/v2\/media\/16686"}],"wp:attachment":[{"href":"https:\/\/periodiconuevomilenio.com\/index.php\/wp-json\/wp\/v2\/media?parent=16682"}],"wp:term":[{"taxonomy":"category","embeddable":true,"href":"https:\/\/periodiconuevomilenio.com\/index.php\/wp-json\/wp\/v2\/categories?post=16682"},{"taxonomy":"post_tag","embeddable":true,"href":"https:\/\/periodiconuevomilenio.com\/index.php\/wp-json\/wp\/v2\/tags?post=16682"}],"curies":[{"name":"wp","href":"https:\/\/api.w.org\/{rel}","templated":true}]}}