{"id":16692,"date":"2024-09-19T18:19:52","date_gmt":"2024-09-20T00:19:52","guid":{"rendered":"https:\/\/periodiconuevomilenio.com\/?p=16692"},"modified":"2024-09-19T18:19:54","modified_gmt":"2024-09-20T00:19:54","slug":"lo-rafaguearon-y-dejaron-su-cuerpo-por-el-rumbo-de-la-tienda-amarilla","status":"publish","type":"post","link":"https:\/\/periodiconuevomilenio.com\/index.php\/2024\/09\/19\/lo-rafaguearon-y-dejaron-su-cuerpo-por-el-rumbo-de-la-tienda-amarilla\/","title":{"rendered":"Lo rafaguearon y dejaron su cuerpo por el rumbo de la Tienda Amarilla"},"content":{"rendered":"\n<p>VALLE DE SANTIAGO, GTO.- En las primeras horas de este jueves 19 de septiembre fue localizado sin vida una persona que, por las condiciones en que se encontr\u00f3 presuntamente, fue sacado de su domicilio para posteriormente asesinarlo.<\/p>\n\n\n\n<p><br>De acuerdo con los informes preliminares fue este 19 de septiembre cuando al filo de la 4 de la ma\u00f1ana con 50 minutos, al sistema de emergencia 911 llego una llamada poniendo en alerta a la polic\u00eda, que se hab\u00edan escuchado fuertes detonaciones de arma de fuego y al parecer hab\u00eda una persona tirada.<\/p>\n\n\n\n<p><br>De inmediato se trasladaron al lugar por el rumbo de la presita, localizando a una persona que sangraba, por lo que de inmediato se solicit\u00f3 la presencia de param\u00e9dicos, quienes confirmaron que ya no contaba con signos vitales.<\/p>\n\n\n\n<p><br>Procediendo al acordonamiento y resguardo de la zona, en el lugar se ha localizado a una persona de entre 25 y 30 a\u00f1os de edad mismo que a simple vista se le observaron m\u00faltiples heridas de arma de fuego, ten\u00eda lesiones en todo el cuerpo y en la cabeza, vest\u00eda ropa de dormir conocida como pijama en color negro y una camiseta del mismo color.<\/p>\n\n\n\n<p><br>Posteriormente, fue identificado plenamente, se dijo que se llam\u00f3 Brayan, de 23 a\u00f1os de edad, quien viv\u00eda muy cerca del lugar donde fue localizado sin vida.<\/p>\n\n\n\n<p><br>De los hechos tom\u00f3 conocimiento el agente del ministerio p\u00fablico y peritos de la fiscal\u00eda, quienes abrieron una carpeta de investigaci\u00f3n para conocer las causas de su muerte, as\u00ed como la mec\u00e1nica de los hechos. El cuerpo fue llevado al SEMEFO donde se le practic\u00f3 la necropsia de ley.<\/p>\n\n\n\n<figure class=\"wp-block-image size-full\"><img loading=\"lazy\" decoding=\"async\" width=\"1024\" height=\"666\" src=\"https:\/\/periodiconuevomilenio.com\/wp-content\/uploads\/2024\/09\/c3c9f207-5606-402f-a6b7-71b8e159ec57.jpg\" alt=\"\" class=\"wp-image-16693\" srcset=\"https:\/\/periodiconuevomilenio.com\/wp-content\/uploads\/2024\/09\/c3c9f207-5606-402f-a6b7-71b8e159ec57.jpg 1024w, https:\/\/periodiconuevomilenio.com\/wp-content\/uploads\/2024\/09\/c3c9f207-5606-402f-a6b7-71b8e159ec57-300x195.jpg 300w, https:\/\/periodiconuevomilenio.com\/wp-content\/uploads\/2024\/09\/c3c9f207-5606-402f-a6b7-71b8e159ec57-768x500.jpg 768w\" sizes=\"auto, (max-width: 1024px) 100vw, 1024px\" \/><\/figure>\n\n\n","protected":false},"excerpt":{"rendered":"<p>VALLE DE SANTIAGO, GTO.- En las primeras horas de este jueves 19 de septiembre fue localizado sin vida<\/p>\n","protected":false},"author":1,"featured_media":16693,"comment_status":"open","ping_status":"open","sticky":false,"template":"","format":"standard","meta":{"jetpack_post_was_ever_published":false,"_jetpack_newsletter_access":"","_jetpack_dont_email_post_to_subs":false,"_jetpack_newsletter_tier_id":0,"_jetpack_memberships_contains_paywalled_content":false,"_jetpack_memberships_contains_paid_content":false,"footnotes":"","jetpack_publicize_message":"","jetpack_publicize_feature_enabled":false,"jetpack_social_post_already_shared":false,"jetpack_social_options":{"image_generator_settings":{"template":"highway","enabled":false},"version":2}},"categories":[39],"tags":[22],"class_list":["post-16692","post","type-post","status-publish","format-standard","has-post-thumbnail","hentry","category-valle-de-santiago","tag-valle"],"jetpack_publicize_connections":[],"jetpack_sharing_enabled":true,"jetpack_featured_media_url":"https:\/\/periodiconuevomilenio.com\/wp-content\/uploads\/2024\/09\/c3c9f207-5606-402f-a6b7-71b8e159ec57.jpg","_links":{"self":[{"href":"https:\/\/periodiconuevomilenio.com\/index.php\/wp-json\/wp\/v2\/posts\/16692","targetHints":{"allow":["GET"]}}],"collection":[{"href":"https:\/\/periodiconuevomilenio.com\/index.php\/wp-json\/wp\/v2\/posts"}],"about":[{"href":"https:\/\/periodiconuevomilenio.com\/index.php\/wp-json\/wp\/v2\/types\/post"}],"author":[{"embeddable":true,"href":"https:\/\/periodiconuevomilenio.com\/index.php\/wp-json\/wp\/v2\/users\/1"}],"replies":[{"embeddable":true,"href":"https:\/\/periodiconuevomilenio.com\/index.php\/wp-json\/wp\/v2\/comments?post=16692"}],"version-history":[{"count":1,"href":"https:\/\/periodiconuevomilenio.com\/index.php\/wp-json\/wp\/v2\/posts\/16692\/revisions"}],"predecessor-version":[{"id":16694,"href":"https:\/\/periodiconuevomilenio.com\/index.php\/wp-json\/wp\/v2\/posts\/16692\/revisions\/16694"}],"wp:featuredmedia":[{"embeddable":true,"href":"https:\/\/periodiconuevomilenio.com\/index.php\/wp-json\/wp\/v2\/media\/16693"}],"wp:attachment":[{"href":"https:\/\/periodiconuevomilenio.com\/index.php\/wp-json\/wp\/v2\/media?parent=16692"}],"wp:term":[{"taxonomy":"category","embeddable":true,"href":"https:\/\/periodiconuevomilenio.com\/index.php\/wp-json\/wp\/v2\/categories?post=16692"},{"taxonomy":"post_tag","embeddable":true,"href":"https:\/\/periodiconuevomilenio.com\/index.php\/wp-json\/wp\/v2\/tags?post=16692"}],"curies":[{"name":"wp","href":"https:\/\/api.w.org\/{rel}","templated":true}]}}