{"id":1700,"date":"2023-03-27T20:47:45","date_gmt":"2023-03-28T02:47:45","guid":{"rendered":"https:\/\/periodiconuevomilenio.com\/?p=1700"},"modified":"2023-03-27T20:47:46","modified_gmt":"2023-03-28T02:47:46","slug":"se-realiza-reunion-de-mesa-interinstitucional-de-planet-youth","status":"publish","type":"post","link":"https:\/\/periodiconuevomilenio.com\/index.php\/2023\/03\/27\/se-realiza-reunion-de-mesa-interinstitucional-de-planet-youth\/","title":{"rendered":"SE REALIZA REUNI\u00d3N DE MESA INTERINSTITUCIONAL DE PLANET YOUTH"},"content":{"rendered":"\n<p>Jaral del Progreso, Gto.- En las instalaciones del auditorio de Casa de la Cultura Prof. Fulgencio Vargas Ortiz se realiz\u00f3 la reuni\u00f3n de la mesa interinstitucional de Planet Youth, en la que se cont\u00f3 con la presencia del presidente municipal Pepe Gonz\u00e1lez Ojeda, del Jefe de la Jurisdicci\u00f3n Sanitaria V Juan Jes\u00fas Mart\u00ednez Garc\u00eda, la directora del DIF Municipal Arely Sarahi Ram\u00edrez Castillo, la directora del CAISES municipal Angelica Aboytes Mart\u00ednez e integrantes de la mesa quienes trataron tres temas.<\/p>\n\n\n\n<p>En su intervenci\u00f3n, el jefe de la Jurisdicci\u00f3n Sanitaria V Juan Jes\u00fas Mart\u00ednez Garc\u00eda expuso los aspectos en los que se estableci\u00f3 Plan de acci\u00f3n regional tras el Foro Regional de Prevenci\u00f3n para las Adicciones 2023 que se realiz\u00f3 el pasado 3 de marzo en la ciudad de Uriangato, en la que participaron los municipios de Morole\u00f3n, Uriangato, Yuriria, Valle de Santiago, Salamanca y Jaral del Progreso.<\/p>\n\n\n\n<p>\u201cYo siempre he manifestado que es importante el enfocarnos en el tejido social, en las familias, en los ni\u00f1os y j\u00f3venes, y por parte de mi administraci\u00f3n trabajaremos sin duda alguna en todas las acciones que permitan mejorar el entorno de los habitantes de nuestro municipio a trav\u00e9s de las estrategias establecidas con Planet Youth\u201d, declar\u00f3 en su mensaje el presidente municipal Pepe Gonz\u00e1lez.<\/p>\n\n\n\n<p>Por parte de la directora del CAISES municipal Angelica Aboytes Mart\u00ednez hablo referente al tema de la recuperaci\u00f3n de espacios en el municipio, como parte de las estrategias a implementar y desarrollar en el municipio para al final concluir la reuni\u00f3n con la firma de la minuta y acuerdo por parte del presidente municipal, el jefe de la Jurisdicci\u00f3n Sanitaria V e integrantes de la mesa interinstitucional.<\/p>\n\n\n\n<h1 class=\"wp-block-heading\">OportunidadesParaTiyTuFamilia<\/h1>\n\n\n\n<h1 class=\"wp-block-heading\">HonestidadyOportunidades<\/h1>\n\n\n\n<figure class=\"wp-block-image size-full\"><img loading=\"lazy\" decoding=\"async\" width=\"842\" height=\"400\" src=\"https:\/\/periodiconuevomilenio.com\/wp-content\/uploads\/2023\/03\/c84a9e0c-bc6c-4026-8f66-458e502cd9e2.jpg\" alt=\"\" class=\"wp-image-1701\" srcset=\"https:\/\/periodiconuevomilenio.com\/wp-content\/uploads\/2023\/03\/c84a9e0c-bc6c-4026-8f66-458e502cd9e2.jpg 842w, https:\/\/periodiconuevomilenio.com\/wp-content\/uploads\/2023\/03\/c84a9e0c-bc6c-4026-8f66-458e502cd9e2-300x143.jpg 300w, https:\/\/periodiconuevomilenio.com\/wp-content\/uploads\/2023\/03\/c84a9e0c-bc6c-4026-8f66-458e502cd9e2-768x365.jpg 768w\" sizes=\"auto, (max-width: 842px) 100vw, 842px\" \/><\/figure>\n\n\n\n<figure class=\"wp-block-image size-large\"><img loading=\"lazy\" decoding=\"async\" width=\"1024\" height=\"272\" src=\"https:\/\/periodiconuevomilenio.com\/wp-content\/uploads\/2023\/03\/8993901f-88a0-4112-8b6b-665c401ce685-1024x272.jpg\" alt=\"\" class=\"wp-image-1702\" srcset=\"https:\/\/periodiconuevomilenio.com\/wp-content\/uploads\/2023\/03\/8993901f-88a0-4112-8b6b-665c401ce685-1024x272.jpg 1024w, https:\/\/periodiconuevomilenio.com\/wp-content\/uploads\/2023\/03\/8993901f-88a0-4112-8b6b-665c401ce685-300x80.jpg 300w, https:\/\/periodiconuevomilenio.com\/wp-content\/uploads\/2023\/03\/8993901f-88a0-4112-8b6b-665c401ce685-768x204.jpg 768w, https:\/\/periodiconuevomilenio.com\/wp-content\/uploads\/2023\/03\/8993901f-88a0-4112-8b6b-665c401ce685.jpg 1146w\" sizes=\"auto, (max-width: 1024px) 100vw, 1024px\" \/><\/figure>\n\n\n\n<figure class=\"wp-block-image size-large\"><img loading=\"lazy\" decoding=\"async\" width=\"1024\" height=\"660\" src=\"https:\/\/periodiconuevomilenio.com\/wp-content\/uploads\/2023\/03\/9e609783-63e8-40f3-8672-532808ee4a33-1024x660.jpg\" alt=\"\" class=\"wp-image-1703\" srcset=\"https:\/\/periodiconuevomilenio.com\/wp-content\/uploads\/2023\/03\/9e609783-63e8-40f3-8672-532808ee4a33-1024x660.jpg 1024w, https:\/\/periodiconuevomilenio.com\/wp-content\/uploads\/2023\/03\/9e609783-63e8-40f3-8672-532808ee4a33-300x194.jpg 300w, https:\/\/periodiconuevomilenio.com\/wp-content\/uploads\/2023\/03\/9e609783-63e8-40f3-8672-532808ee4a33-768x495.jpg 768w, https:\/\/periodiconuevomilenio.com\/wp-content\/uploads\/2023\/03\/9e609783-63e8-40f3-8672-532808ee4a33-1536x991.jpg 1536w, https:\/\/periodiconuevomilenio.com\/wp-content\/uploads\/2023\/03\/9e609783-63e8-40f3-8672-532808ee4a33.jpg 1600w\" sizes=\"auto, (max-width: 1024px) 100vw, 1024px\" \/><\/figure>\n","protected":false},"excerpt":{"rendered":"<p>Jaral del Progreso, Gto.- En las instalaciones del auditorio de Casa de la Cultura Prof. Fulgencio Vargas Ortiz<\/p>\n","protected":false},"author":1,"featured_media":1703,"comment_status":"open","ping_status":"open","sticky":false,"template":"","format":"standard","meta":{"jetpack_post_was_ever_published":false,"_jetpack_newsletter_access":"","_jetpack_dont_email_post_to_subs":false,"_jetpack_newsletter_tier_id":0,"_jetpack_memberships_contains_paywalled_content":false,"_jetpack_memberships_contains_paid_content":false,"footnotes":"","jetpack_publicize_message":"","jetpack_publicize_feature_enabled":false,"jetpack_social_post_already_shared":false,"jetpack_social_options":{"image_generator_settings":{"template":"highway","enabled":false},"version":2}},"categories":[34],"tags":[23],"class_list":["post-1700","post","type-post","status-publish","format-standard","has-post-thumbnail","hentry","category-jaral-del-progreso","tag-jaral"],"jetpack_publicize_connections":[],"jetpack_sharing_enabled":true,"jetpack_featured_media_url":"https:\/\/periodiconuevomilenio.com\/wp-content\/uploads\/2023\/03\/9e609783-63e8-40f3-8672-532808ee4a33.jpg","_links":{"self":[{"href":"https:\/\/periodiconuevomilenio.com\/index.php\/wp-json\/wp\/v2\/posts\/1700","targetHints":{"allow":["GET"]}}],"collection":[{"href":"https:\/\/periodiconuevomilenio.com\/index.php\/wp-json\/wp\/v2\/posts"}],"about":[{"href":"https:\/\/periodiconuevomilenio.com\/index.php\/wp-json\/wp\/v2\/types\/post"}],"author":[{"embeddable":true,"href":"https:\/\/periodiconuevomilenio.com\/index.php\/wp-json\/wp\/v2\/users\/1"}],"replies":[{"embeddable":true,"href":"https:\/\/periodiconuevomilenio.com\/index.php\/wp-json\/wp\/v2\/comments?post=1700"}],"version-history":[{"count":1,"href":"https:\/\/periodiconuevomilenio.com\/index.php\/wp-json\/wp\/v2\/posts\/1700\/revisions"}],"predecessor-version":[{"id":1704,"href":"https:\/\/periodiconuevomilenio.com\/index.php\/wp-json\/wp\/v2\/posts\/1700\/revisions\/1704"}],"wp:featuredmedia":[{"embeddable":true,"href":"https:\/\/periodiconuevomilenio.com\/index.php\/wp-json\/wp\/v2\/media\/1703"}],"wp:attachment":[{"href":"https:\/\/periodiconuevomilenio.com\/index.php\/wp-json\/wp\/v2\/media?parent=1700"}],"wp:term":[{"taxonomy":"category","embeddable":true,"href":"https:\/\/periodiconuevomilenio.com\/index.php\/wp-json\/wp\/v2\/categories?post=1700"},{"taxonomy":"post_tag","embeddable":true,"href":"https:\/\/periodiconuevomilenio.com\/index.php\/wp-json\/wp\/v2\/tags?post=1700"}],"curies":[{"name":"wp","href":"https:\/\/api.w.org\/{rel}","templated":true}]}}