{"id":1707,"date":"2023-03-27T21:09:10","date_gmt":"2023-03-28T03:09:10","guid":{"rendered":"https:\/\/periodiconuevomilenio.com\/?p=1707"},"modified":"2023-03-27T21:09:12","modified_gmt":"2023-03-28T03:09:12","slug":"alcalde-en-tu-comunidad-en-la-cruz","status":"publish","type":"post","link":"https:\/\/periodiconuevomilenio.com\/index.php\/2023\/03\/27\/alcalde-en-tu-comunidad-en-la-cruz\/","title":{"rendered":"ALCALDE EN TU COMUNIDAD\u201d EN LA CRUZ"},"content":{"rendered":"\n<p>La Cruz, Jaral del Progreso, Gto.- El presidente municipal Pepe Gonz\u00e1lez Ojeda acompa\u00f1ado de los titulares de \u00e1rea de las distintas dependencias que conforman la administraci\u00f3n municipal acudieron a la comunidad de La Cruz para realizar el programa \u201cAlcalde en tu comunidad\u201d, el cual tiene como finalidad el tener un acercamiento directo con la ciudadan\u00eda, para escuchar y tener conocimiento directo de las peticiones y necesidades que requieren se atendidas en la localidad.<\/p>\n\n\n\n<p>El presidente municipal acompa\u00f1ado de la delegada de la comunidad de La Cruz Maricruz Calzada Alegr\u00eda y funcionarios municipales, recorrieron las calles de la localidad, en la que refrend\u00f3 Pepe Gonz\u00e1lez la promesa de que en su administraci\u00f3n \u00e9l acudir\u00eda personalmente a cada colonia y comunidad que integran el municipio tal y como lo realiz\u00f3 durante su campa\u00f1a.<\/p>\n\n\n\n<p>\u201cEstoy aqu\u00ed presente, con toda mi gente a la disposici\u00f3n y orden de ustedes, la ciudadan\u00eda, no soy como anteriores presidentes que una vez que ganaban su ustedes requer\u00edan algo ten\u00edan que ir a buscarlo a la presidencia con el riesgo de no ser atendidos o no encontrarlo, mi administraci\u00f3n es distinta y aqu\u00ed esta muestra de ello\u201d, declar\u00f3 Pepe Gonz\u00e1lez tras concluir el recorrido por las calles de la localidad y dialogar con los habitantes de La Cruz.<\/p>\n\n\n\n<p>Este programa se estar\u00e1 realizando en el transcurso del presente a\u00f1o y lo que resta de la actual adminstraci\u00f3n, en el que se tiene programado el acudir tanto a colonias en la cabecera municipal as\u00ed como a comunidades, siendo el principal objetivo de estas acciones el escuchar a la poblaci\u00f3n y darle seguimiento y soluci\u00f3n a las peticiones que se realice por parte de la ciudadan\u00eda.<\/p>\n\n\n\n<figure class=\"wp-block-image size-large\"><img loading=\"lazy\" decoding=\"async\" width=\"1024\" height=\"588\" src=\"https:\/\/periodiconuevomilenio.com\/wp-content\/uploads\/2023\/03\/e1e198a8-fe36-4eeb-8115-094dc3773658-1024x588.jpg\" alt=\"\" class=\"wp-image-1708\" srcset=\"https:\/\/periodiconuevomilenio.com\/wp-content\/uploads\/2023\/03\/e1e198a8-fe36-4eeb-8115-094dc3773658-1024x588.jpg 1024w, https:\/\/periodiconuevomilenio.com\/wp-content\/uploads\/2023\/03\/e1e198a8-fe36-4eeb-8115-094dc3773658-300x172.jpg 300w, https:\/\/periodiconuevomilenio.com\/wp-content\/uploads\/2023\/03\/e1e198a8-fe36-4eeb-8115-094dc3773658-768x441.jpg 768w, https:\/\/periodiconuevomilenio.com\/wp-content\/uploads\/2023\/03\/e1e198a8-fe36-4eeb-8115-094dc3773658.jpg 1396w\" sizes=\"auto, (max-width: 1024px) 100vw, 1024px\" \/><\/figure>\n\n\n\n<figure class=\"wp-block-image size-full\"><img loading=\"lazy\" decoding=\"async\" width=\"900\" height=\"762\" src=\"https:\/\/periodiconuevomilenio.com\/wp-content\/uploads\/2023\/03\/e9544af9-8315-4291-aed1-f7d8ca94fb73.jpg\" alt=\"\" class=\"wp-image-1709\" srcset=\"https:\/\/periodiconuevomilenio.com\/wp-content\/uploads\/2023\/03\/e9544af9-8315-4291-aed1-f7d8ca94fb73.jpg 900w, https:\/\/periodiconuevomilenio.com\/wp-content\/uploads\/2023\/03\/e9544af9-8315-4291-aed1-f7d8ca94fb73-300x254.jpg 300w, https:\/\/periodiconuevomilenio.com\/wp-content\/uploads\/2023\/03\/e9544af9-8315-4291-aed1-f7d8ca94fb73-768x650.jpg 768w\" sizes=\"auto, (max-width: 900px) 100vw, 900px\" \/><\/figure>\n\n\n\n<figure class=\"wp-block-image size-large\"><img loading=\"lazy\" decoding=\"async\" width=\"1024\" height=\"620\" src=\"https:\/\/periodiconuevomilenio.com\/wp-content\/uploads\/2023\/03\/822e39fa-5477-4132-8041-884fa16f0b9d-1024x620.jpg\" alt=\"\" class=\"wp-image-1710\" srcset=\"https:\/\/periodiconuevomilenio.com\/wp-content\/uploads\/2023\/03\/822e39fa-5477-4132-8041-884fa16f0b9d-1024x620.jpg 1024w, https:\/\/periodiconuevomilenio.com\/wp-content\/uploads\/2023\/03\/822e39fa-5477-4132-8041-884fa16f0b9d-300x182.jpg 300w, https:\/\/periodiconuevomilenio.com\/wp-content\/uploads\/2023\/03\/822e39fa-5477-4132-8041-884fa16f0b9d-768x465.jpg 768w, https:\/\/periodiconuevomilenio.com\/wp-content\/uploads\/2023\/03\/822e39fa-5477-4132-8041-884fa16f0b9d-1536x929.jpg 1536w, https:\/\/periodiconuevomilenio.com\/wp-content\/uploads\/2023\/03\/822e39fa-5477-4132-8041-884fa16f0b9d.jpg 1600w\" sizes=\"auto, (max-width: 1024px) 100vw, 1024px\" \/><\/figure>\n","protected":false},"excerpt":{"rendered":"<p>La Cruz, Jaral del Progreso, Gto.- El presidente municipal Pepe Gonz\u00e1lez Ojeda acompa\u00f1ado de los titulares de \u00e1rea<\/p>\n","protected":false},"author":1,"featured_media":1710,"comment_status":"open","ping_status":"open","sticky":false,"template":"","format":"standard","meta":{"jetpack_post_was_ever_published":false,"_jetpack_newsletter_access":"","_jetpack_dont_email_post_to_subs":false,"_jetpack_newsletter_tier_id":0,"_jetpack_memberships_contains_paywalled_content":false,"_jetpack_memberships_contains_paid_content":false,"footnotes":"","jetpack_publicize_message":"","jetpack_publicize_feature_enabled":false,"jetpack_social_post_already_shared":false,"jetpack_social_options":{"image_generator_settings":{"template":"highway","enabled":false},"version":2}},"categories":[34],"tags":[23],"class_list":["post-1707","post","type-post","status-publish","format-standard","has-post-thumbnail","hentry","category-jaral-del-progreso","tag-jaral"],"jetpack_publicize_connections":[],"jetpack_sharing_enabled":true,"jetpack_featured_media_url":"https:\/\/periodiconuevomilenio.com\/wp-content\/uploads\/2023\/03\/822e39fa-5477-4132-8041-884fa16f0b9d.jpg","_links":{"self":[{"href":"https:\/\/periodiconuevomilenio.com\/index.php\/wp-json\/wp\/v2\/posts\/1707","targetHints":{"allow":["GET"]}}],"collection":[{"href":"https:\/\/periodiconuevomilenio.com\/index.php\/wp-json\/wp\/v2\/posts"}],"about":[{"href":"https:\/\/periodiconuevomilenio.com\/index.php\/wp-json\/wp\/v2\/types\/post"}],"author":[{"embeddable":true,"href":"https:\/\/periodiconuevomilenio.com\/index.php\/wp-json\/wp\/v2\/users\/1"}],"replies":[{"embeddable":true,"href":"https:\/\/periodiconuevomilenio.com\/index.php\/wp-json\/wp\/v2\/comments?post=1707"}],"version-history":[{"count":1,"href":"https:\/\/periodiconuevomilenio.com\/index.php\/wp-json\/wp\/v2\/posts\/1707\/revisions"}],"predecessor-version":[{"id":1711,"href":"https:\/\/periodiconuevomilenio.com\/index.php\/wp-json\/wp\/v2\/posts\/1707\/revisions\/1711"}],"wp:featuredmedia":[{"embeddable":true,"href":"https:\/\/periodiconuevomilenio.com\/index.php\/wp-json\/wp\/v2\/media\/1710"}],"wp:attachment":[{"href":"https:\/\/periodiconuevomilenio.com\/index.php\/wp-json\/wp\/v2\/media?parent=1707"}],"wp:term":[{"taxonomy":"category","embeddable":true,"href":"https:\/\/periodiconuevomilenio.com\/index.php\/wp-json\/wp\/v2\/categories?post=1707"},{"taxonomy":"post_tag","embeddable":true,"href":"https:\/\/periodiconuevomilenio.com\/index.php\/wp-json\/wp\/v2\/tags?post=1707"}],"curies":[{"name":"wp","href":"https:\/\/api.w.org\/{rel}","templated":true}]}}