{"id":1726,"date":"2023-03-27T23:51:32","date_gmt":"2023-03-28T05:51:32","guid":{"rendered":"https:\/\/periodiconuevomilenio.com\/?p=1726"},"modified":"2023-03-27T23:51:34","modified_gmt":"2023-03-28T05:51:34","slug":"accidente-en-la-carretera-federal-rumbo-a-yuriria","status":"publish","type":"post","link":"https:\/\/periodiconuevomilenio.com\/index.php\/2023\/03\/27\/accidente-en-la-carretera-federal-rumbo-a-yuriria\/","title":{"rendered":"<strong>Accidente en la Carretera Federal rumbo a Yuriria.<\/strong>"},"content":{"rendered":"\n<ul class=\"wp-block-list\">\n<li>No hay personas heridas<\/li>\n<\/ul>\n\n\n\n<p>VALLE DE SANTIAGO, GTO.- La noche de este lunes 27 de marzo se registr\u00f3 una aparatosa voladura en la carretera federal justo &nbsp;adelante de la Pensi\u00f3n Mart\u00ednez, rumbo a Yuriria.<\/p>\n\n\n\n<p>&nbsp;En el lugar solo se localiz\u00f3 un autom\u00f3vil &nbsp;volcado, se desconoce las causas del accidente, por fortuna no se registraron da\u00f1os materiales<\/p>\n\n\n\n<p>La polic\u00eda local a trav\u00e9s de la comisaria revelo que los elementos de la Preventiva se&nbsp; encontraban sobre recorrido de vigilancia y prevenci\u00f3n a bordo de la unidad 431, &nbsp;cuando a eso de las 8 de la noche les avisaron del hecho .<\/p>\n\n\n\n<p>Cuando fueron &nbsp;para verificar el reporte de un accidente &nbsp;fue plenamente confirmado ya que &nbsp;pasando la pensi\u00f3n Mart\u00ednez hab\u00eda &nbsp;un veh\u00edculo volcado.<\/p>\n\n\n\n<p>Siendo un autom\u00f3vil &nbsp;tipo sed\u00e1n marca Mercedes Benz,&nbsp; color Negro,&nbsp; se realiz\u00f3 inspecci\u00f3n y no hay personas lesionadas por lo cual atendiendo la petici\u00f3n de su propietario &nbsp;pidi\u00f3 el apoyo de su aseguradora.<\/p>\n","protected":false},"excerpt":{"rendered":"<p>VALLE DE SANTIAGO, GTO.- La noche de este lunes 27 de marzo se registr\u00f3 una aparatosa voladura en<\/p>\n","protected":false},"author":1,"featured_media":1727,"comment_status":"open","ping_status":"open","sticky":false,"template":"","format":"standard","meta":{"jetpack_post_was_ever_published":false,"_jetpack_newsletter_access":"","_jetpack_dont_email_post_to_subs":false,"_jetpack_newsletter_tier_id":0,"_jetpack_memberships_contains_paywalled_content":false,"_jetpack_memberships_contains_paid_content":false,"footnotes":"","jetpack_publicize_message":"","jetpack_publicize_feature_enabled":false,"jetpack_social_post_already_shared":false,"jetpack_social_options":{"image_generator_settings":{"template":"highway","enabled":false},"version":2}},"categories":[48,39],"tags":[22],"class_list":["post-1726","post","type-post","status-publish","format-standard","has-post-thumbnail","hentry","category-policiaca","category-valle-de-santiago","tag-valle"],"jetpack_publicize_connections":[],"jetpack_sharing_enabled":true,"jetpack_featured_media_url":"https:\/\/periodiconuevomilenio.com\/wp-content\/uploads\/2023\/03\/9ae22113-3311-412b-965c-fc4b748ab903.jpg","_links":{"self":[{"href":"https:\/\/periodiconuevomilenio.com\/index.php\/wp-json\/wp\/v2\/posts\/1726","targetHints":{"allow":["GET"]}}],"collection":[{"href":"https:\/\/periodiconuevomilenio.com\/index.php\/wp-json\/wp\/v2\/posts"}],"about":[{"href":"https:\/\/periodiconuevomilenio.com\/index.php\/wp-json\/wp\/v2\/types\/post"}],"author":[{"embeddable":true,"href":"https:\/\/periodiconuevomilenio.com\/index.php\/wp-json\/wp\/v2\/users\/1"}],"replies":[{"embeddable":true,"href":"https:\/\/periodiconuevomilenio.com\/index.php\/wp-json\/wp\/v2\/comments?post=1726"}],"version-history":[{"count":1,"href":"https:\/\/periodiconuevomilenio.com\/index.php\/wp-json\/wp\/v2\/posts\/1726\/revisions"}],"predecessor-version":[{"id":1728,"href":"https:\/\/periodiconuevomilenio.com\/index.php\/wp-json\/wp\/v2\/posts\/1726\/revisions\/1728"}],"wp:featuredmedia":[{"embeddable":true,"href":"https:\/\/periodiconuevomilenio.com\/index.php\/wp-json\/wp\/v2\/media\/1727"}],"wp:attachment":[{"href":"https:\/\/periodiconuevomilenio.com\/index.php\/wp-json\/wp\/v2\/media?parent=1726"}],"wp:term":[{"taxonomy":"category","embeddable":true,"href":"https:\/\/periodiconuevomilenio.com\/index.php\/wp-json\/wp\/v2\/categories?post=1726"},{"taxonomy":"post_tag","embeddable":true,"href":"https:\/\/periodiconuevomilenio.com\/index.php\/wp-json\/wp\/v2\/tags?post=1726"}],"curies":[{"name":"wp","href":"https:\/\/api.w.org\/{rel}","templated":true}]}}