{"id":17631,"date":"2024-10-18T10:21:22","date_gmt":"2024-10-18T16:21:22","guid":{"rendered":"https:\/\/periodiconuevomilenio.com\/?p=17631"},"modified":"2024-10-18T10:21:24","modified_gmt":"2024-10-18T16:21:24","slug":"la-fiscalia-de-guanajuato-obtuvo-vinculacion-a-proceso-contra-presunto-homicida-en-san-luis-de-la-paz","status":"publish","type":"post","link":"https:\/\/periodiconuevomilenio.com\/index.php\/2024\/10\/18\/la-fiscalia-de-guanajuato-obtuvo-vinculacion-a-proceso-contra-presunto-homicida-en-san-luis-de-la-paz\/","title":{"rendered":"La Fiscal\u00eda de Guanajuato obtuvo vinculaci\u00f3n a proceso contra presunto homicida en San Luis de la Paz"},"content":{"rendered":"\n<p>San Luis de la Paz, Gto. 18 de octubre de 2024.- JOS\u00c9 MART\u00cdN \u201cN\u201d fue vinculado a proceso penal como presunto responsable de asesinar a Luis Emmanuel \u201cN\u201d. El Ministerio P\u00fablico acredit\u00f3 con datos de prueba su presunta intervenci\u00f3n en el homicidio ocurrido el 14 de septiembre de 2024, en la colonia Internado en San Luis de la Paz.<\/p>\n\n\n\n<p>La Fiscal\u00eda tuvo conocimiento de estos hechos cerca de las 19:10 horas, cuando el sistema de emergencia report\u00f3 una persona de sexo hombre lesionado por disparos de arma de fuego en la calle General Anaya entre Calera y Tajo. El hombre de 31 a\u00f1os fue trasladado a un hospital en donde falleci\u00f3 dos d\u00edas despu\u00e9s.<\/p>\n\n\n\n<p>En los actos de investigaci\u00f3n, se pudo establecer que el ofendido circulaba a bordo de una motocicleta sobre la calle General Anaya cuando el imputado, quien viajaba en otra motocicleta, lo alcanz\u00f3 y al estar a unos metros le dispar\u00f3 en varias ocasiones con un arma de fuego.<\/p>\n\n\n\n<p>Luis Emmanuel \u201cN\u201d ingres\u00f3 al hospital con impactos de bala en el \u00e1rea abdominal entre otras heridas, perdiendo la vida el 16 de septiembre.<\/p>\n\n\n\n<p>Un Juez resolvi\u00f3 la situaci\u00f3n jur\u00eddica de JOS\u00c9 MART\u00cdN \u201cN\u201d, quien permanecer\u00e1 en prisi\u00f3n como medida cautelar por el tiempo que dure el proceso.<\/p>\n\n\n\n<p><\/p>\n\n\n\n<figure class=\"wp-block-image size-large\"><img loading=\"lazy\" decoding=\"async\" width=\"819\" height=\"1024\" src=\"https:\/\/periodiconuevomilenio.com\/wp-content\/uploads\/2024\/10\/thumbnail-9-819x1024.jpg\" alt=\"\" class=\"wp-image-17632\" srcset=\"https:\/\/periodiconuevomilenio.com\/wp-content\/uploads\/2024\/10\/thumbnail-9-819x1024.jpg 819w, https:\/\/periodiconuevomilenio.com\/wp-content\/uploads\/2024\/10\/thumbnail-9-240x300.jpg 240w, https:\/\/periodiconuevomilenio.com\/wp-content\/uploads\/2024\/10\/thumbnail-9-768x960.jpg 768w, https:\/\/periodiconuevomilenio.com\/wp-content\/uploads\/2024\/10\/thumbnail-9-1024x1280.jpg 1024w, https:\/\/periodiconuevomilenio.com\/wp-content\/uploads\/2024\/10\/thumbnail-9.jpg 1080w\" sizes=\"auto, (max-width: 819px) 100vw, 819px\" \/><\/figure>\n\n\n","protected":false},"excerpt":{"rendered":"<p>San Luis de la Paz, Gto. 18 de octubre de 2024.- JOS\u00c9 MART\u00cdN \u201cN\u201d fue vinculado a proceso<\/p>\n","protected":false},"author":1,"featured_media":17632,"comment_status":"open","ping_status":"open","sticky":false,"template":"","format":"standard","meta":{"jetpack_post_was_ever_published":false,"_jetpack_newsletter_access":"","_jetpack_dont_email_post_to_subs":false,"_jetpack_newsletter_tier_id":0,"_jetpack_memberships_contains_paywalled_content":false,"_jetpack_memberships_contains_paid_content":false,"footnotes":"","jetpack_publicize_message":"","jetpack_publicize_feature_enabled":false,"jetpack_social_post_already_shared":false,"jetpack_social_options":{"image_generator_settings":{"template":"highway","enabled":false},"version":2}},"categories":[31,48],"tags":[51],"class_list":["post-17631","post","type-post","status-publish","format-standard","has-post-thumbnail","hentry","category-estado","category-policiaca","tag-estado"],"jetpack_publicize_connections":[],"jetpack_sharing_enabled":true,"jetpack_featured_media_url":"https:\/\/periodiconuevomilenio.com\/wp-content\/uploads\/2024\/10\/thumbnail-9.jpg","_links":{"self":[{"href":"https:\/\/periodiconuevomilenio.com\/index.php\/wp-json\/wp\/v2\/posts\/17631","targetHints":{"allow":["GET"]}}],"collection":[{"href":"https:\/\/periodiconuevomilenio.com\/index.php\/wp-json\/wp\/v2\/posts"}],"about":[{"href":"https:\/\/periodiconuevomilenio.com\/index.php\/wp-json\/wp\/v2\/types\/post"}],"author":[{"embeddable":true,"href":"https:\/\/periodiconuevomilenio.com\/index.php\/wp-json\/wp\/v2\/users\/1"}],"replies":[{"embeddable":true,"href":"https:\/\/periodiconuevomilenio.com\/index.php\/wp-json\/wp\/v2\/comments?post=17631"}],"version-history":[{"count":1,"href":"https:\/\/periodiconuevomilenio.com\/index.php\/wp-json\/wp\/v2\/posts\/17631\/revisions"}],"predecessor-version":[{"id":17633,"href":"https:\/\/periodiconuevomilenio.com\/index.php\/wp-json\/wp\/v2\/posts\/17631\/revisions\/17633"}],"wp:featuredmedia":[{"embeddable":true,"href":"https:\/\/periodiconuevomilenio.com\/index.php\/wp-json\/wp\/v2\/media\/17632"}],"wp:attachment":[{"href":"https:\/\/periodiconuevomilenio.com\/index.php\/wp-json\/wp\/v2\/media?parent=17631"}],"wp:term":[{"taxonomy":"category","embeddable":true,"href":"https:\/\/periodiconuevomilenio.com\/index.php\/wp-json\/wp\/v2\/categories?post=17631"},{"taxonomy":"post_tag","embeddable":true,"href":"https:\/\/periodiconuevomilenio.com\/index.php\/wp-json\/wp\/v2\/tags?post=17631"}],"curies":[{"name":"wp","href":"https:\/\/api.w.org\/{rel}","templated":true}]}}