{"id":1764,"date":"2023-03-28T20:19:25","date_gmt":"2023-03-29T02:19:25","guid":{"rendered":"https:\/\/periodiconuevomilenio.com\/?p=1764"},"modified":"2023-03-28T20:19:27","modified_gmt":"2023-03-29T02:19:27","slug":"la-secretaria-de-educacion-realizo-un-encuentro-de-lectores-para-alumnos-de-primaria","status":"publish","type":"post","link":"https:\/\/periodiconuevomilenio.com\/index.php\/2023\/03\/28\/la-secretaria-de-educacion-realizo-un-encuentro-de-lectores-para-alumnos-de-primaria\/","title":{"rendered":"La Secretar\u00eda de Educaci\u00f3n realiz\u00f3 un \u201cEncuentro de Lectores\u201d para alumnos de primaria"},"content":{"rendered":"\n<ul class=\"wp-block-list\">\n<li><strong>Participaron 102 estudiantes de 17 escuelas de la Zona 534<\/strong><\/li>\n<\/ul>\n\n\n\n<p><strong>Valle de Santiago, Gto.<\/strong>.- Como parte del Pacto Social por la Educaci\u00f3n, la Secretar\u00eda de Educaci\u00f3n de Guanajuato, a trav\u00e9s de la Delegaci\u00f3n Regional VI, llev\u00f3 a cabo el \u201cEncuentro de Lectores\u201d, en el que participaron 102 ni\u00f1as y ni\u00f1os de primarias pertenecientes a la Zona 534, teniendo como sede la escuela primaria urbana Emiliano Zapata.<\/p>\n\n\n\n<p>El Encuentro de Lectores es un evento en el que se congregan alumnos y alumnas representantes de las escuelas que conforman la Zona 534, en el que se realizan actividades de expresi\u00f3n oral, de redacci\u00f3n y comprensi\u00f3n lectora, en el cual conviven, participan y ponen en pr\u00e1ctica lo que han aprendido en relaci\u00f3n con la lectura y la escritura.<\/p>\n\n\n\n<p>Para este Encuentro de Lectores, asisti\u00f3 un representante por grado de cada una de las instituciones que conforman la zona escolar, y durante el proceso son guiados por talleristas y maestros auxiliares.<\/p>\n\n\n\n<p>La maestra Leticia G\u00f3mez Cervantes, supervisora de la zona 534 de primarias, dio la bienvenida a los participantes, al tiempo que los conmin\u00f3 a aprovechar este encuentro para expresar lo aprendido dentro de las aulas, pero tambi\u00e9n para convivir con estudiantes de otras instituciones.<\/p>\n\n\n\n<p>Por su parte, el alcalde, Alejandro Alan\u00eds Ch\u00e1vez, destac\u00f3 la importancia que tiene este tipo de encuentros de Lectores en el desarrollo de las ni\u00f1as y ni\u00f1os, as\u00ed como la importancia del trabajo coordinado entre el municipio y las autoridades educativas.<\/p>\n\n\n\n<p>La Maestra Ma. Guadalupe Reyes P\u00e9rez, Directora de la escuela sede Emiliano Zapata, coment\u00f3 que los alumnos obtienen grandes beneficios de este tipo de eventos, ya que ponen en pr\u00e1ctica todas esas habilidades que desarrollan dentro del aula y sobre todo ganan confianza y seguridad, pues la din\u00e1mica no es solo con sus compa\u00f1eros habituales, sino con alumnos de otras primarias.<\/p>\n\n\n\n<p>El maestro Ricardo Mauricio Arias Mu\u00f1os, Apoyo T\u00e9cnico Pedag\u00f3gico de la zona 534, explic\u00f3 que este Encuentro se conforma de tres momentos, primeramente, es un ejercicio de escritura, donde los alumnos desarrollan de manera escrita un tema al azar.<\/p>\n\n\n\n<p>Posteriormente, montan su tema en un ejercicio oral, para explicar de manera verbal lo que han trabajado previamente, para finalmente se realiza un ejercicio de lectura en el que se expresan frente a un auditorio. Como parte del programa cultural, la alumna Camila Denal\u00ed Cruz L\u00f3pez, de primer grado, realiz\u00f3 un discurso sobre la lectura; la estudiante Ana Karen Moncada, de sexto grado, recit\u00f3 la poes\u00eda \u201cEl Libro\u201d; \u00c1ngel Santiago Beltr\u00e1n, de tercer grado, interpret\u00f3 la canci\u00f3n \u201cLa de la Mochila Azul\u201d; para finalmente dar paso al maestro Leopoldo Baca y su alumno Axel Ram\u00edrez con la canci\u00f3n \u201cCielito Lindo\u201d, tocado con saxof\u00f3n.<\/p>\n\n\n\n<figure class=\"wp-block-image size-full\"><img loading=\"lazy\" decoding=\"async\" width=\"960\" height=\"607\" src=\"https:\/\/periodiconuevomilenio.com\/wp-content\/uploads\/2023\/03\/05-29.jpg\" alt=\"\" class=\"wp-image-1765\" srcset=\"https:\/\/periodiconuevomilenio.com\/wp-content\/uploads\/2023\/03\/05-29.jpg 960w, https:\/\/periodiconuevomilenio.com\/wp-content\/uploads\/2023\/03\/05-29-300x190.jpg 300w, https:\/\/periodiconuevomilenio.com\/wp-content\/uploads\/2023\/03\/05-29-768x486.jpg 768w\" sizes=\"auto, (max-width: 960px) 100vw, 960px\" \/><\/figure>\n\n\n\n<figure class=\"wp-block-image size-full\"><img loading=\"lazy\" decoding=\"async\" width=\"714\" height=\"660\" src=\"https:\/\/periodiconuevomilenio.com\/wp-content\/uploads\/2023\/03\/06-38-1.jpg\" alt=\"\" class=\"wp-image-1769\" srcset=\"https:\/\/periodiconuevomilenio.com\/wp-content\/uploads\/2023\/03\/06-38-1.jpg 714w, https:\/\/periodiconuevomilenio.com\/wp-content\/uploads\/2023\/03\/06-38-1-300x277.jpg 300w\" sizes=\"auto, (max-width: 714px) 100vw, 714px\" \/><\/figure>\n\n\n\n<figure class=\"wp-block-image size-large\"><img loading=\"lazy\" decoding=\"async\" width=\"1024\" height=\"526\" src=\"https:\/\/periodiconuevomilenio.com\/wp-content\/uploads\/2023\/03\/01-42-1-1024x526.jpg\" alt=\"\" class=\"wp-image-1770\" srcset=\"https:\/\/periodiconuevomilenio.com\/wp-content\/uploads\/2023\/03\/01-42-1-1024x526.jpg 1024w, https:\/\/periodiconuevomilenio.com\/wp-content\/uploads\/2023\/03\/01-42-1-300x154.jpg 300w, https:\/\/periodiconuevomilenio.com\/wp-content\/uploads\/2023\/03\/01-42-1-768x394.jpg 768w, https:\/\/periodiconuevomilenio.com\/wp-content\/uploads\/2023\/03\/01-42-1.jpg 1280w\" sizes=\"auto, (max-width: 1024px) 100vw, 1024px\" \/><\/figure>\n","protected":false},"excerpt":{"rendered":"<p>Valle de Santiago, Gto..- Como parte del Pacto Social por la Educaci\u00f3n, la Secretar\u00eda de Educaci\u00f3n de Guanajuato,<\/p>\n","protected":false},"author":1,"featured_media":1768,"comment_status":"open","ping_status":"open","sticky":false,"template":"","format":"standard","meta":{"jetpack_post_was_ever_published":false,"_jetpack_newsletter_access":"","_jetpack_dont_email_post_to_subs":false,"_jetpack_newsletter_tier_id":0,"_jetpack_memberships_contains_paywalled_content":false,"_jetpack_memberships_contains_paid_content":false,"footnotes":"","jetpack_publicize_message":"","jetpack_publicize_feature_enabled":false,"jetpack_social_post_already_shared":false,"jetpack_social_options":{"image_generator_settings":{"template":"highway","enabled":false},"version":2}},"categories":[39],"tags":[22],"class_list":["post-1764","post","type-post","status-publish","format-standard","has-post-thumbnail","hentry","category-valle-de-santiago","tag-valle"],"jetpack_publicize_connections":[],"jetpack_sharing_enabled":true,"jetpack_featured_media_url":"https:\/\/periodiconuevomilenio.com\/wp-content\/uploads\/2023\/03\/06-38.jpg","_links":{"self":[{"href":"https:\/\/periodiconuevomilenio.com\/index.php\/wp-json\/wp\/v2\/posts\/1764","targetHints":{"allow":["GET"]}}],"collection":[{"href":"https:\/\/periodiconuevomilenio.com\/index.php\/wp-json\/wp\/v2\/posts"}],"about":[{"href":"https:\/\/periodiconuevomilenio.com\/index.php\/wp-json\/wp\/v2\/types\/post"}],"author":[{"embeddable":true,"href":"https:\/\/periodiconuevomilenio.com\/index.php\/wp-json\/wp\/v2\/users\/1"}],"replies":[{"embeddable":true,"href":"https:\/\/periodiconuevomilenio.com\/index.php\/wp-json\/wp\/v2\/comments?post=1764"}],"version-history":[{"count":1,"href":"https:\/\/periodiconuevomilenio.com\/index.php\/wp-json\/wp\/v2\/posts\/1764\/revisions"}],"predecessor-version":[{"id":1771,"href":"https:\/\/periodiconuevomilenio.com\/index.php\/wp-json\/wp\/v2\/posts\/1764\/revisions\/1771"}],"wp:featuredmedia":[{"embeddable":true,"href":"https:\/\/periodiconuevomilenio.com\/index.php\/wp-json\/wp\/v2\/media\/1768"}],"wp:attachment":[{"href":"https:\/\/periodiconuevomilenio.com\/index.php\/wp-json\/wp\/v2\/media?parent=1764"}],"wp:term":[{"taxonomy":"category","embeddable":true,"href":"https:\/\/periodiconuevomilenio.com\/index.php\/wp-json\/wp\/v2\/categories?post=1764"},{"taxonomy":"post_tag","embeddable":true,"href":"https:\/\/periodiconuevomilenio.com\/index.php\/wp-json\/wp\/v2\/tags?post=1764"}],"curies":[{"name":"wp","href":"https:\/\/api.w.org\/{rel}","templated":true}]}}