{"id":17665,"date":"2024-10-18T15:40:52","date_gmt":"2024-10-18T21:40:52","guid":{"rendered":"https:\/\/periodiconuevomilenio.com\/?p=17665"},"modified":"2024-10-18T15:40:54","modified_gmt":"2024-10-18T21:40:54","slug":"la-fiscalia-de-guanajuato-localizo-a-una-adolescente-en-el-estado-de-mexico","status":"publish","type":"post","link":"https:\/\/periodiconuevomilenio.com\/index.php\/2024\/10\/18\/la-fiscalia-de-guanajuato-localizo-a-una-adolescente-en-el-estado-de-mexico\/","title":{"rendered":"La Fiscal\u00eda de Guanajuato localiz\u00f3 a una adolescente en el Estado de M\u00e9xico"},"content":{"rendered":"\n<p>San Jos\u00e9 Iturbide, Gto. 18 de Octubre de 2024.- A trav\u00e9s de la Unidad Especializada en la Investigaci\u00f3n de Personas Desaparecidas, la Fiscal\u00eda de Guanajuato activ\u00f3 los protocolos de b\u00fasqueda de personas desaparecidas y dispuso de las herramientas tecnol\u00f3gicas que conforman el esquema de investigaci\u00f3n para localizar a la adolescente de iniciales E.L.L., originaria de San Jos\u00e9 Iturbide.<\/p>\n\n\n\n<p>Recibida la noticia de la desaparici\u00f3n, se inici\u00f3 una carpeta de investigaci\u00f3n y se activ\u00f3 de manera inmediata la Alerta AMBER y los mecanismos de b\u00fasqueda a nivel nacional lo que permiti\u00f3 ubicar a la menor en el Estado de M\u00e9xico.<\/p>\n\n\n\n<p>Con la informaci\u00f3n obtenida, el Agente del Ministerio P\u00fablico Especializado entabl\u00f3 colaboraci\u00f3n con autoridades de dicha entidad, quienes en conjunto ubicaron el domicilio donde la menor fue localizada.<\/p>\n\n\n\n<p>Para los fines de la localizaci\u00f3n, los Agentes de Investigaci\u00f3n Criminal realizaron trabajo de campo, recabaron informaci\u00f3n de testimonios que aportaron informaci\u00f3n sustancial. Adem\u00e1s se consultaron bases de datos y se emitieron solicitudes de b\u00fasqueda, as\u00ed como datos de telefon\u00eda con los que se obtuvo su geolocalizaci\u00f3n.<\/p>\n\n\n\n<p>Como resultado de las t\u00e9cnicas obtenidas en la certificaci\u00f3n de atenci\u00f3n de primer contacto para la b\u00fasqueda de personas desaparecidas y no localizadas, fue posible establecer que la v\u00edctima se encontraba en la ciudad de Cuautitl\u00e1n Izcalli, lo que se confirm\u00f3 con autoridades de aquel Estado.<\/p>\n\n\n\n<p>Una c\u00e9lula multidisciplinaria se traslad\u00f3 al EDOMEX, y tras valorar el estado de salud de la menor, la regresaron al Estado de Guanajuato para reintegrarla a su familia, a quien se mantuvo informada de todas las acciones para su localizaci\u00f3n.<\/p>\n\n\n\n<figure class=\"wp-block-image size-large\"><img loading=\"lazy\" decoding=\"async\" width=\"854\" height=\"1024\" src=\"https:\/\/periodiconuevomilenio.com\/wp-content\/uploads\/2024\/10\/45abe321-46c1-43bd-b22b-e2210da5264d-854x1024.jpg\" alt=\"\" class=\"wp-image-17666\" srcset=\"https:\/\/periodiconuevomilenio.com\/wp-content\/uploads\/2024\/10\/45abe321-46c1-43bd-b22b-e2210da5264d-854x1024.jpg 854w, https:\/\/periodiconuevomilenio.com\/wp-content\/uploads\/2024\/10\/45abe321-46c1-43bd-b22b-e2210da5264d-250x300.jpg 250w, https:\/\/periodiconuevomilenio.com\/wp-content\/uploads\/2024\/10\/45abe321-46c1-43bd-b22b-e2210da5264d-768x920.jpg 768w, https:\/\/periodiconuevomilenio.com\/wp-content\/uploads\/2024\/10\/45abe321-46c1-43bd-b22b-e2210da5264d-1282x1536.jpg 1282w, https:\/\/periodiconuevomilenio.com\/wp-content\/uploads\/2024\/10\/45abe321-46c1-43bd-b22b-e2210da5264d-1024x1227.jpg 1024w, https:\/\/periodiconuevomilenio.com\/wp-content\/uploads\/2024\/10\/45abe321-46c1-43bd-b22b-e2210da5264d.jpg 1335w\" sizes=\"auto, (max-width: 854px) 100vw, 854px\" \/><\/figure>\n\n\n","protected":false},"excerpt":{"rendered":"<p>San Jos\u00e9 Iturbide, Gto. 18 de Octubre de 2024.- A trav\u00e9s de la Unidad Especializada en la Investigaci\u00f3n<\/p>\n","protected":false},"author":1,"featured_media":17666,"comment_status":"open","ping_status":"open","sticky":false,"template":"","format":"standard","meta":{"jetpack_post_was_ever_published":false,"_jetpack_newsletter_access":"","_jetpack_dont_email_post_to_subs":false,"_jetpack_newsletter_tier_id":0,"_jetpack_memberships_contains_paywalled_content":false,"_jetpack_memberships_contains_paid_content":false,"footnotes":"","jetpack_publicize_message":"","jetpack_publicize_feature_enabled":false,"jetpack_social_post_already_shared":false,"jetpack_social_options":{"image_generator_settings":{"template":"highway","enabled":false},"version":2}},"categories":[31,48],"tags":[51],"class_list":["post-17665","post","type-post","status-publish","format-standard","has-post-thumbnail","hentry","category-estado","category-policiaca","tag-estado"],"jetpack_publicize_connections":[],"jetpack_sharing_enabled":true,"jetpack_featured_media_url":"https:\/\/periodiconuevomilenio.com\/wp-content\/uploads\/2024\/10\/45abe321-46c1-43bd-b22b-e2210da5264d.jpg","_links":{"self":[{"href":"https:\/\/periodiconuevomilenio.com\/index.php\/wp-json\/wp\/v2\/posts\/17665","targetHints":{"allow":["GET"]}}],"collection":[{"href":"https:\/\/periodiconuevomilenio.com\/index.php\/wp-json\/wp\/v2\/posts"}],"about":[{"href":"https:\/\/periodiconuevomilenio.com\/index.php\/wp-json\/wp\/v2\/types\/post"}],"author":[{"embeddable":true,"href":"https:\/\/periodiconuevomilenio.com\/index.php\/wp-json\/wp\/v2\/users\/1"}],"replies":[{"embeddable":true,"href":"https:\/\/periodiconuevomilenio.com\/index.php\/wp-json\/wp\/v2\/comments?post=17665"}],"version-history":[{"count":1,"href":"https:\/\/periodiconuevomilenio.com\/index.php\/wp-json\/wp\/v2\/posts\/17665\/revisions"}],"predecessor-version":[{"id":17667,"href":"https:\/\/periodiconuevomilenio.com\/index.php\/wp-json\/wp\/v2\/posts\/17665\/revisions\/17667"}],"wp:featuredmedia":[{"embeddable":true,"href":"https:\/\/periodiconuevomilenio.com\/index.php\/wp-json\/wp\/v2\/media\/17666"}],"wp:attachment":[{"href":"https:\/\/periodiconuevomilenio.com\/index.php\/wp-json\/wp\/v2\/media?parent=17665"}],"wp:term":[{"taxonomy":"category","embeddable":true,"href":"https:\/\/periodiconuevomilenio.com\/index.php\/wp-json\/wp\/v2\/categories?post=17665"},{"taxonomy":"post_tag","embeddable":true,"href":"https:\/\/periodiconuevomilenio.com\/index.php\/wp-json\/wp\/v2\/tags?post=17665"}],"curies":[{"name":"wp","href":"https:\/\/api.w.org\/{rel}","templated":true}]}}