{"id":17698,"date":"2024-10-19T10:18:03","date_gmt":"2024-10-19T16:18:03","guid":{"rendered":"https:\/\/periodiconuevomilenio.com\/?p=17698"},"modified":"2024-10-19T10:18:05","modified_gmt":"2024-10-19T16:18:05","slug":"fgeg-jorge-n-es-vinculado-a-proceso-penal-por-robo-en-san-miguel-de-allende","status":"publish","type":"post","link":"https:\/\/periodiconuevomilenio.com\/index.php\/2024\/10\/19\/fgeg-jorge-n-es-vinculado-a-proceso-penal-por-robo-en-san-miguel-de-allende\/","title":{"rendered":"FGEG: JORGE \u00abN\u201d es vinculado a proceso penal por robo en San Miguel de Allende"},"content":{"rendered":"\n<p>San Miguel de Allende, Gto. 19 de octubre de 2024.- Un joven de 21 a\u00f1os fue llevado a prisi\u00f3n gracias a una investigaci\u00f3n de la Fiscal\u00eda de Guanajuato por el robo de un veh\u00edculo en el municipio de San Miguel de Allende.<\/p>\n\n\n\n<p>Los hechos sucedieron el 13 de octubre de 2024, cuando la v\u00edctima report\u00f3 a la polic\u00eda el robo de su camioneta en la comunidad de Pozo de Balderas del ejido de Jes\u00fas Mar\u00eda en dicha entidad.<\/p>\n\n\n\n<p>JORGE \u201cN\u201d como se identific\u00f3 al imputado, lleg\u00f3 al lugar y portando un arma de fuego amenaz\u00f3 al ofendido para despojarlo de su veh\u00edculo junto con los objetos que llevaba en el interior.<\/p>\n\n\n\n<p>Posteriormente, elementos de Seguridad P\u00fablica detuvieron al presunto delincuente cuando conduc\u00eda de manera imprudente y bajo los influjos del alcohol.<\/p>\n\n\n\n<p>Con base en los elementos de prueba, un Agente del Ministerio P\u00fablico obtuvo una orden de aprehensi\u00f3n para llevar ante un Juez a JORGE \u201cN\u201d bajo cargos de robo calificado.<\/p>\n\n\n\n<p>En audiencia, el inculpado fue vinculado a proceso penal con medida cautelar de prisi\u00f3n preventiva, al acreditar su probable participaci\u00f3n en el robo.<\/p>\n\n\n\n<figure class=\"wp-block-image size-large\"><img loading=\"lazy\" decoding=\"async\" width=\"819\" height=\"1024\" src=\"https:\/\/periodiconuevomilenio.com\/wp-content\/uploads\/2024\/10\/thumbnail-10-819x1024.jpg\" alt=\"\" class=\"wp-image-17699\" srcset=\"https:\/\/periodiconuevomilenio.com\/wp-content\/uploads\/2024\/10\/thumbnail-10-819x1024.jpg 819w, https:\/\/periodiconuevomilenio.com\/wp-content\/uploads\/2024\/10\/thumbnail-10-240x300.jpg 240w, https:\/\/periodiconuevomilenio.com\/wp-content\/uploads\/2024\/10\/thumbnail-10-768x960.jpg 768w, https:\/\/periodiconuevomilenio.com\/wp-content\/uploads\/2024\/10\/thumbnail-10-1024x1280.jpg 1024w, https:\/\/periodiconuevomilenio.com\/wp-content\/uploads\/2024\/10\/thumbnail-10.jpg 1080w\" sizes=\"auto, (max-width: 819px) 100vw, 819px\" \/><\/figure>\n\n\n","protected":false},"excerpt":{"rendered":"<p>San Miguel de Allende, Gto. 19 de octubre de 2024.- Un joven de 21 a\u00f1os fue llevado a<\/p>\n","protected":false},"author":1,"featured_media":17699,"comment_status":"open","ping_status":"open","sticky":false,"template":"","format":"standard","meta":{"jetpack_post_was_ever_published":false,"_jetpack_newsletter_access":"","_jetpack_dont_email_post_to_subs":false,"_jetpack_newsletter_tier_id":0,"_jetpack_memberships_contains_paywalled_content":false,"_jetpack_memberships_contains_paid_content":false,"footnotes":"","jetpack_publicize_message":"","jetpack_publicize_feature_enabled":false,"jetpack_social_post_already_shared":false,"jetpack_social_options":{"image_generator_settings":{"template":"highway","enabled":false},"version":2}},"categories":[31,48],"tags":[51],"class_list":["post-17698","post","type-post","status-publish","format-standard","has-post-thumbnail","hentry","category-estado","category-policiaca","tag-estado"],"jetpack_publicize_connections":[],"jetpack_sharing_enabled":true,"jetpack_featured_media_url":"https:\/\/periodiconuevomilenio.com\/wp-content\/uploads\/2024\/10\/thumbnail-10.jpg","_links":{"self":[{"href":"https:\/\/periodiconuevomilenio.com\/index.php\/wp-json\/wp\/v2\/posts\/17698","targetHints":{"allow":["GET"]}}],"collection":[{"href":"https:\/\/periodiconuevomilenio.com\/index.php\/wp-json\/wp\/v2\/posts"}],"about":[{"href":"https:\/\/periodiconuevomilenio.com\/index.php\/wp-json\/wp\/v2\/types\/post"}],"author":[{"embeddable":true,"href":"https:\/\/periodiconuevomilenio.com\/index.php\/wp-json\/wp\/v2\/users\/1"}],"replies":[{"embeddable":true,"href":"https:\/\/periodiconuevomilenio.com\/index.php\/wp-json\/wp\/v2\/comments?post=17698"}],"version-history":[{"count":1,"href":"https:\/\/periodiconuevomilenio.com\/index.php\/wp-json\/wp\/v2\/posts\/17698\/revisions"}],"predecessor-version":[{"id":17700,"href":"https:\/\/periodiconuevomilenio.com\/index.php\/wp-json\/wp\/v2\/posts\/17698\/revisions\/17700"}],"wp:featuredmedia":[{"embeddable":true,"href":"https:\/\/periodiconuevomilenio.com\/index.php\/wp-json\/wp\/v2\/media\/17699"}],"wp:attachment":[{"href":"https:\/\/periodiconuevomilenio.com\/index.php\/wp-json\/wp\/v2\/media?parent=17698"}],"wp:term":[{"taxonomy":"category","embeddable":true,"href":"https:\/\/periodiconuevomilenio.com\/index.php\/wp-json\/wp\/v2\/categories?post=17698"},{"taxonomy":"post_tag","embeddable":true,"href":"https:\/\/periodiconuevomilenio.com\/index.php\/wp-json\/wp\/v2\/tags?post=17698"}],"curies":[{"name":"wp","href":"https:\/\/api.w.org\/{rel}","templated":true}]}}