{"id":17831,"date":"2024-10-23T11:36:44","date_gmt":"2024-10-23T17:36:44","guid":{"rendered":"https:\/\/periodiconuevomilenio.com\/?p=17831"},"modified":"2024-10-23T11:36:46","modified_gmt":"2024-10-23T17:36:46","slug":"inicia-la-campana-jaral-sin-baches-para-mejorar-la-infraestructura-vial","status":"publish","type":"post","link":"https:\/\/periodiconuevomilenio.com\/index.php\/2024\/10\/23\/inicia-la-campana-jaral-sin-baches-para-mejorar-la-infraestructura-vial\/","title":{"rendered":"Inicia la Campa\u00f1a \u00abJaral Sin Baches\u00bb para Mejorar la Infraestructura Vial"},"content":{"rendered":"\n<p>El Gobierno Municipal de Jaral del Progreso, a trav\u00e9s de la Direcci\u00f3n de Obras P\u00fablicas, ha puesto en marcha la campa\u00f1a \u201cJaral Sin Baches\u201d, un proyecto destinado a rehabilitar las calles del municipio, garantizando v\u00edas seguras y transitables para todos los ciudadanos. Esta iniciativa forma parte de las acciones del gobierno municipal en su compromiso por mejorar la infraestructura urbana y elevar la calidad de vida de los jaralenses.<\/p>\n\n\n\n<p>La campa\u00f1a se centra en la reparaci\u00f3n y mantenimiento de las principales vialidades que presentan da\u00f1os, En la cabecera municipal. Las brigadas de Obras P\u00fablicas ya est\u00e1n trabajando en la detecci\u00f3n y reparaci\u00f3n de baches, utilizando materiales de alta calidad para asegurar que las mejoras sean duraderas y efectivas.<\/p>\n\n\n\n<p>\u201cJaral Sin Baches\u201d es una de las muchas acciones que se est\u00e1n emprendiendo para transformar el municipio y responder a las necesidades m\u00e1s urgentes de la poblaci\u00f3n. \u201cTrabajamos por la transformaci\u00f3n y el bienestar de las y los jaralenses, comprometidos con mejorar la seguridad vial y la movilidad urbana,\u201d afirm\u00f3 el presidente.<\/p>\n\n\n\n<p>Entre los objetivos principales de la campa\u00f1a se encuentran:<\/p>\n\n\n\n<p>Reducci\u00f3n de accidentes viales, mejorando la seguridad para conductores, ciclistas y peatones.<br>Fomento de una movilidad m\u00e1s eficiente, facilitando el tr\u00e1nsito en zonas clave del municipio.<br>Mejora del entorno urbano, promoviendo un Jaral m\u00e1s limpio y ordenado.<br>Adem\u00e1s, se hace un llamado a la ciudadan\u00eda para que reporten las calles que requieran atenci\u00f3n mediante los canales oficiales del municipio. De esta manera, se podr\u00e1 garantizar una respuesta \u00e1gil y oportuna a las necesidades de cada colonia.<\/p>\n\n\n\n<p>El Gobierno Municipal de Jaral del Progreso reafirma su compromiso de seguir trabajando en proyectos que impacten positivamente en la vida cotidiana de todos las y los jaralenses.<\/p>\n\n\n\n<figure class=\"wp-block-gallery has-nested-images columns-default is-cropped wp-block-gallery-1 is-layout-flex wp-block-gallery-is-layout-flex\">\n<figure class=\"wp-block-image size-large\"><img loading=\"lazy\" decoding=\"async\" width=\"1024\" height=\"682\" data-id=\"17833\" src=\"https:\/\/periodiconuevomilenio.com\/wp-content\/uploads\/2024\/10\/577937f4-0481-4f60-a5fe-11ff3c53265a-1024x682.jpg\" alt=\"\" class=\"wp-image-17833\" srcset=\"https:\/\/periodiconuevomilenio.com\/wp-content\/uploads\/2024\/10\/577937f4-0481-4f60-a5fe-11ff3c53265a-1024x682.jpg 1024w, https:\/\/periodiconuevomilenio.com\/wp-content\/uploads\/2024\/10\/577937f4-0481-4f60-a5fe-11ff3c53265a-300x200.jpg 300w, https:\/\/periodiconuevomilenio.com\/wp-content\/uploads\/2024\/10\/577937f4-0481-4f60-a5fe-11ff3c53265a-768x512.jpg 768w, https:\/\/periodiconuevomilenio.com\/wp-content\/uploads\/2024\/10\/577937f4-0481-4f60-a5fe-11ff3c53265a-1536x1023.jpg 1536w, https:\/\/periodiconuevomilenio.com\/wp-content\/uploads\/2024\/10\/577937f4-0481-4f60-a5fe-11ff3c53265a.jpg 1600w\" sizes=\"auto, (max-width: 1024px) 100vw, 1024px\" \/><\/figure>\n\n\n\n<figure class=\"wp-block-image size-large\"><img loading=\"lazy\" decoding=\"async\" width=\"1024\" height=\"682\" data-id=\"17836\" src=\"https:\/\/periodiconuevomilenio.com\/wp-content\/uploads\/2024\/10\/843ffcc4-c3e5-4f9a-99c1-19ac2e3ee970-1024x682.jpg\" alt=\"\" class=\"wp-image-17836\" srcset=\"https:\/\/periodiconuevomilenio.com\/wp-content\/uploads\/2024\/10\/843ffcc4-c3e5-4f9a-99c1-19ac2e3ee970-1024x682.jpg 1024w, https:\/\/periodiconuevomilenio.com\/wp-content\/uploads\/2024\/10\/843ffcc4-c3e5-4f9a-99c1-19ac2e3ee970-300x200.jpg 300w, https:\/\/periodiconuevomilenio.com\/wp-content\/uploads\/2024\/10\/843ffcc4-c3e5-4f9a-99c1-19ac2e3ee970-768x512.jpg 768w, https:\/\/periodiconuevomilenio.com\/wp-content\/uploads\/2024\/10\/843ffcc4-c3e5-4f9a-99c1-19ac2e3ee970-1536x1024.jpg 1536w, https:\/\/periodiconuevomilenio.com\/wp-content\/uploads\/2024\/10\/843ffcc4-c3e5-4f9a-99c1-19ac2e3ee970-2048x1365.jpg 2048w\" sizes=\"auto, (max-width: 1024px) 100vw, 1024px\" \/><\/figure>\n\n\n\n<figure class=\"wp-block-image size-large\"><img loading=\"lazy\" decoding=\"async\" width=\"1024\" height=\"682\" data-id=\"17834\" src=\"https:\/\/periodiconuevomilenio.com\/wp-content\/uploads\/2024\/10\/f52a9929-067c-42ed-8cd6-0e228ce51084-1024x682.jpg\" alt=\"\" class=\"wp-image-17834\" srcset=\"https:\/\/periodiconuevomilenio.com\/wp-content\/uploads\/2024\/10\/f52a9929-067c-42ed-8cd6-0e228ce51084-1024x682.jpg 1024w, https:\/\/periodiconuevomilenio.com\/wp-content\/uploads\/2024\/10\/f52a9929-067c-42ed-8cd6-0e228ce51084-300x200.jpg 300w, https:\/\/periodiconuevomilenio.com\/wp-content\/uploads\/2024\/10\/f52a9929-067c-42ed-8cd6-0e228ce51084-768x512.jpg 768w, https:\/\/periodiconuevomilenio.com\/wp-content\/uploads\/2024\/10\/f52a9929-067c-42ed-8cd6-0e228ce51084-1536x1023.jpg 1536w, https:\/\/periodiconuevomilenio.com\/wp-content\/uploads\/2024\/10\/f52a9929-067c-42ed-8cd6-0e228ce51084.jpg 1600w\" sizes=\"auto, (max-width: 1024px) 100vw, 1024px\" \/><\/figure>\n\n\n\n<figure class=\"wp-block-image size-large\"><img loading=\"lazy\" decoding=\"async\" width=\"1024\" height=\"682\" data-id=\"17832\" src=\"https:\/\/periodiconuevomilenio.com\/wp-content\/uploads\/2024\/10\/ee113a9a-2566-499f-bbc3-20db619be5b8-1024x682.jpg\" alt=\"\" class=\"wp-image-17832\" srcset=\"https:\/\/periodiconuevomilenio.com\/wp-content\/uploads\/2024\/10\/ee113a9a-2566-499f-bbc3-20db619be5b8-1024x682.jpg 1024w, https:\/\/periodiconuevomilenio.com\/wp-content\/uploads\/2024\/10\/ee113a9a-2566-499f-bbc3-20db619be5b8-300x200.jpg 300w, https:\/\/periodiconuevomilenio.com\/wp-content\/uploads\/2024\/10\/ee113a9a-2566-499f-bbc3-20db619be5b8-768x512.jpg 768w, https:\/\/periodiconuevomilenio.com\/wp-content\/uploads\/2024\/10\/ee113a9a-2566-499f-bbc3-20db619be5b8-1536x1023.jpg 1536w, https:\/\/periodiconuevomilenio.com\/wp-content\/uploads\/2024\/10\/ee113a9a-2566-499f-bbc3-20db619be5b8.jpg 1600w\" sizes=\"auto, (max-width: 1024px) 100vw, 1024px\" \/><\/figure>\n\n\n\n<figure class=\"wp-block-image size-large\"><img loading=\"lazy\" decoding=\"async\" width=\"1024\" height=\"682\" data-id=\"17835\" src=\"https:\/\/periodiconuevomilenio.com\/wp-content\/uploads\/2024\/10\/e4436ffb-c68e-4284-b3c8-eba97697aa70-1024x682.jpg\" alt=\"\" class=\"wp-image-17835\" srcset=\"https:\/\/periodiconuevomilenio.com\/wp-content\/uploads\/2024\/10\/e4436ffb-c68e-4284-b3c8-eba97697aa70-1024x682.jpg 1024w, https:\/\/periodiconuevomilenio.com\/wp-content\/uploads\/2024\/10\/e4436ffb-c68e-4284-b3c8-eba97697aa70-300x200.jpg 300w, https:\/\/periodiconuevomilenio.com\/wp-content\/uploads\/2024\/10\/e4436ffb-c68e-4284-b3c8-eba97697aa70-768x512.jpg 768w, https:\/\/periodiconuevomilenio.com\/wp-content\/uploads\/2024\/10\/e4436ffb-c68e-4284-b3c8-eba97697aa70-1536x1023.jpg 1536w, https:\/\/periodiconuevomilenio.com\/wp-content\/uploads\/2024\/10\/e4436ffb-c68e-4284-b3c8-eba97697aa70.jpg 1600w\" sizes=\"auto, (max-width: 1024px) 100vw, 1024px\" \/><\/figure>\n<\/figure>\n\n\n\n<figure class=\"wp-block-gallery has-nested-images columns-default is-cropped wp-block-gallery-2 is-layout-flex wp-block-gallery-is-layout-flex\"><\/figure>\n","protected":false},"excerpt":{"rendered":"<p>El Gobierno Municipal de Jaral del Progreso, a trav\u00e9s de la Direcci\u00f3n de Obras P\u00fablicas, ha puesto en<\/p>\n","protected":false},"author":1,"featured_media":17834,"comment_status":"open","ping_status":"open","sticky":false,"template":"","format":"standard","meta":{"jetpack_post_was_ever_published":false,"_jetpack_newsletter_access":"","_jetpack_dont_email_post_to_subs":false,"_jetpack_newsletter_tier_id":0,"_jetpack_memberships_contains_paywalled_content":false,"_jetpack_memberships_contains_paid_content":false,"footnotes":"","jetpack_publicize_message":"","jetpack_publicize_feature_enabled":false,"jetpack_social_post_already_shared":false,"jetpack_social_options":{"image_generator_settings":{"template":"highway","enabled":false},"version":2}},"categories":[34],"tags":[23],"class_list":["post-17831","post","type-post","status-publish","format-standard","has-post-thumbnail","hentry","category-jaral-del-progreso","tag-jaral"],"jetpack_publicize_connections":[],"jetpack_sharing_enabled":true,"jetpack_featured_media_url":"https:\/\/periodiconuevomilenio.com\/wp-content\/uploads\/2024\/10\/f52a9929-067c-42ed-8cd6-0e228ce51084.jpg","_links":{"self":[{"href":"https:\/\/periodiconuevomilenio.com\/index.php\/wp-json\/wp\/v2\/posts\/17831","targetHints":{"allow":["GET"]}}],"collection":[{"href":"https:\/\/periodiconuevomilenio.com\/index.php\/wp-json\/wp\/v2\/posts"}],"about":[{"href":"https:\/\/periodiconuevomilenio.com\/index.php\/wp-json\/wp\/v2\/types\/post"}],"author":[{"embeddable":true,"href":"https:\/\/periodiconuevomilenio.com\/index.php\/wp-json\/wp\/v2\/users\/1"}],"replies":[{"embeddable":true,"href":"https:\/\/periodiconuevomilenio.com\/index.php\/wp-json\/wp\/v2\/comments?post=17831"}],"version-history":[{"count":1,"href":"https:\/\/periodiconuevomilenio.com\/index.php\/wp-json\/wp\/v2\/posts\/17831\/revisions"}],"predecessor-version":[{"id":17837,"href":"https:\/\/periodiconuevomilenio.com\/index.php\/wp-json\/wp\/v2\/posts\/17831\/revisions\/17837"}],"wp:featuredmedia":[{"embeddable":true,"href":"https:\/\/periodiconuevomilenio.com\/index.php\/wp-json\/wp\/v2\/media\/17834"}],"wp:attachment":[{"href":"https:\/\/periodiconuevomilenio.com\/index.php\/wp-json\/wp\/v2\/media?parent=17831"}],"wp:term":[{"taxonomy":"category","embeddable":true,"href":"https:\/\/periodiconuevomilenio.com\/index.php\/wp-json\/wp\/v2\/categories?post=17831"},{"taxonomy":"post_tag","embeddable":true,"href":"https:\/\/periodiconuevomilenio.com\/index.php\/wp-json\/wp\/v2\/tags?post=17831"}],"curies":[{"name":"wp","href":"https:\/\/api.w.org\/{rel}","templated":true}]}}