{"id":17843,"date":"2024-10-23T22:56:00","date_gmt":"2024-10-24T04:56:00","guid":{"rendered":"https:\/\/periodiconuevomilenio.com\/?p=17843"},"modified":"2024-10-23T22:56:02","modified_gmt":"2024-10-24T04:56:02","slug":"pan-guanajuato-fue-sede-del-foro-ideas-para-fortalecer-al-pan","status":"publish","type":"post","link":"https:\/\/periodiconuevomilenio.com\/index.php\/2024\/10\/23\/pan-guanajuato-fue-sede-del-foro-ideas-para-fortalecer-al-pan\/","title":{"rendered":"PAN GUANAJUATO FUE SEDE DEL FORO \u201cIDEAS PARA FORTALECER AL PAN\u201d"},"content":{"rendered":"\n<ul class=\"wp-block-list\">\n<li><strong>Las y los militantes albiazules tuvieron la oportunidad de escuchar las propuestas de las personas que se perfilan a encabezar el partido a nivel nacional.<\/strong><\/li>\n<\/ul>\n\n\n\n<p><strong>Le\u00f3n, Guanajuato a 23 de octubre del 2024<\/strong>. En el estado m\u00e1s panista de M\u00e9xico, se llev\u00f3 a cabo el Foro \u201cIdeas para Fortalecer al PAN\u201d, en el que los candidatos a la dirigencia del Comit\u00e9 Ejecutivo Nacional (CEN) del PAN, Jorge Romero Herrera y Adriana D\u00e1vila Fern\u00e1ndez, expusieron sus propuestas para renovar y robustecer el motor de Acci\u00f3n Nacional.<\/p>\n\n\n\n<p>Con la anfitrion\u00eda del PAN Guanajuato encabezado por Aldo M\u00e1rquez y Juanita de la Cruz, as\u00ed como la presidenta del CDM Le\u00f3n, Pilar Ortega, se brind\u00f3 un mensaje de bienvenida por parte del dirigente estatal en el que se reconoci\u00f3 el trabajo de la Comisi\u00f3n Organizadora Nacional de la Elecci\u00f3n 2024 por la apertura y promoci\u00f3n de este foro que es un espacio de escucha para la reconstrucci\u00f3n y fortalecimiento del PAN en todo el pa\u00eds.<\/p>\n\n\n\n<p>\u201cNecesitamos resaltar los valores que la gente ha visto en nosotros y ese humanismo que nos caracteriza. Nuestros resultados siempre ir\u00e1n enfocados en favor de la ciudadan\u00eda\u201d, expres\u00f3 el presidente del PAN estatal, Aldo M\u00e1rquez Becerra.<\/p>\n\n\n\n<p>Dentro de las instalaciones del Comit\u00e9 Directivo Municipal de Le\u00f3n, se dieron cita cientos de militantes y simpatizantes del Partido Acci\u00f3n Nacional, y otros miles m\u00e1s pudieron observar el foro a trav\u00e9s de las redes sociales y las plataformas digitales.<\/p>\n\n\n\n<figure class=\"wp-block-gallery has-nested-images columns-default is-cropped wp-block-gallery-1 is-layout-flex wp-block-gallery-is-layout-flex\">\n<figure class=\"wp-block-image size-large\"><img loading=\"lazy\" decoding=\"async\" width=\"1024\" height=\"683\" data-id=\"17845\" src=\"https:\/\/periodiconuevomilenio.com\/wp-content\/uploads\/2024\/10\/WhatsApp-Image-2024-10-23-at-8.59.35-PM-1024x683.jpeg\" alt=\"\" class=\"wp-image-17845\" srcset=\"https:\/\/periodiconuevomilenio.com\/wp-content\/uploads\/2024\/10\/WhatsApp-Image-2024-10-23-at-8.59.35-PM-1024x683.jpeg 1024w, https:\/\/periodiconuevomilenio.com\/wp-content\/uploads\/2024\/10\/WhatsApp-Image-2024-10-23-at-8.59.35-PM-300x200.jpeg 300w, https:\/\/periodiconuevomilenio.com\/wp-content\/uploads\/2024\/10\/WhatsApp-Image-2024-10-23-at-8.59.35-PM-768x512.jpeg 768w, https:\/\/periodiconuevomilenio.com\/wp-content\/uploads\/2024\/10\/WhatsApp-Image-2024-10-23-at-8.59.35-PM-1536x1024.jpeg 1536w, https:\/\/periodiconuevomilenio.com\/wp-content\/uploads\/2024\/10\/WhatsApp-Image-2024-10-23-at-8.59.35-PM-2048x1365.jpeg 2048w\" sizes=\"auto, (max-width: 1024px) 100vw, 1024px\" \/><\/figure>\n\n\n\n<figure class=\"wp-block-image size-large\"><img loading=\"lazy\" decoding=\"async\" width=\"1024\" height=\"683\" data-id=\"17844\" src=\"https:\/\/periodiconuevomilenio.com\/wp-content\/uploads\/2024\/10\/WhatsApp-Image-2024-10-23-at-8.59.34-PM-1-1024x683.jpeg\" alt=\"\" class=\"wp-image-17844\" srcset=\"https:\/\/periodiconuevomilenio.com\/wp-content\/uploads\/2024\/10\/WhatsApp-Image-2024-10-23-at-8.59.34-PM-1-1024x683.jpeg 1024w, https:\/\/periodiconuevomilenio.com\/wp-content\/uploads\/2024\/10\/WhatsApp-Image-2024-10-23-at-8.59.34-PM-1-300x200.jpeg 300w, https:\/\/periodiconuevomilenio.com\/wp-content\/uploads\/2024\/10\/WhatsApp-Image-2024-10-23-at-8.59.34-PM-1-768x512.jpeg 768w, https:\/\/periodiconuevomilenio.com\/wp-content\/uploads\/2024\/10\/WhatsApp-Image-2024-10-23-at-8.59.34-PM-1-1536x1024.jpeg 1536w, https:\/\/periodiconuevomilenio.com\/wp-content\/uploads\/2024\/10\/WhatsApp-Image-2024-10-23-at-8.59.34-PM-1-2048x1365.jpeg 2048w\" sizes=\"auto, (max-width: 1024px) 100vw, 1024px\" \/><\/figure>\n<\/figure>\n\n\n\n<figure class=\"wp-block-gallery has-nested-images columns-default is-cropped wp-block-gallery-2 is-layout-flex wp-block-gallery-is-layout-flex\"><\/figure>\n","protected":false},"excerpt":{"rendered":"<p>Le\u00f3n, Guanajuato a 23 de octubre del 2024. En el estado m\u00e1s panista de M\u00e9xico, se llev\u00f3 a<\/p>\n","protected":false},"author":1,"featured_media":17845,"comment_status":"open","ping_status":"open","sticky":false,"template":"","format":"standard","meta":{"jetpack_post_was_ever_published":false,"_jetpack_newsletter_access":"","_jetpack_dont_email_post_to_subs":false,"_jetpack_newsletter_tier_id":0,"_jetpack_memberships_contains_paywalled_content":false,"_jetpack_memberships_contains_paid_content":false,"footnotes":"","jetpack_publicize_message":"","jetpack_publicize_feature_enabled":false,"jetpack_social_post_already_shared":false,"jetpack_social_options":{"image_generator_settings":{"template":"highway","enabled":false},"version":2}},"categories":[31],"tags":[51],"class_list":["post-17843","post","type-post","status-publish","format-standard","has-post-thumbnail","hentry","category-estado","tag-estado"],"jetpack_publicize_connections":[],"jetpack_sharing_enabled":true,"jetpack_featured_media_url":"https:\/\/periodiconuevomilenio.com\/wp-content\/uploads\/2024\/10\/WhatsApp-Image-2024-10-23-at-8.59.35-PM-scaled.jpeg","_links":{"self":[{"href":"https:\/\/periodiconuevomilenio.com\/index.php\/wp-json\/wp\/v2\/posts\/17843","targetHints":{"allow":["GET"]}}],"collection":[{"href":"https:\/\/periodiconuevomilenio.com\/index.php\/wp-json\/wp\/v2\/posts"}],"about":[{"href":"https:\/\/periodiconuevomilenio.com\/index.php\/wp-json\/wp\/v2\/types\/post"}],"author":[{"embeddable":true,"href":"https:\/\/periodiconuevomilenio.com\/index.php\/wp-json\/wp\/v2\/users\/1"}],"replies":[{"embeddable":true,"href":"https:\/\/periodiconuevomilenio.com\/index.php\/wp-json\/wp\/v2\/comments?post=17843"}],"version-history":[{"count":1,"href":"https:\/\/periodiconuevomilenio.com\/index.php\/wp-json\/wp\/v2\/posts\/17843\/revisions"}],"predecessor-version":[{"id":17846,"href":"https:\/\/periodiconuevomilenio.com\/index.php\/wp-json\/wp\/v2\/posts\/17843\/revisions\/17846"}],"wp:featuredmedia":[{"embeddable":true,"href":"https:\/\/periodiconuevomilenio.com\/index.php\/wp-json\/wp\/v2\/media\/17845"}],"wp:attachment":[{"href":"https:\/\/periodiconuevomilenio.com\/index.php\/wp-json\/wp\/v2\/media?parent=17843"}],"wp:term":[{"taxonomy":"category","embeddable":true,"href":"https:\/\/periodiconuevomilenio.com\/index.php\/wp-json\/wp\/v2\/categories?post=17843"},{"taxonomy":"post_tag","embeddable":true,"href":"https:\/\/periodiconuevomilenio.com\/index.php\/wp-json\/wp\/v2\/tags?post=17843"}],"curies":[{"name":"wp","href":"https:\/\/api.w.org\/{rel}","templated":true}]}}