{"id":17878,"date":"2024-10-24T16:49:42","date_gmt":"2024-10-24T22:49:42","guid":{"rendered":"https:\/\/periodiconuevomilenio.com\/?p=17878"},"modified":"2024-10-24T16:49:44","modified_gmt":"2024-10-24T22:49:44","slug":"la-fiscalia-de-guanajuato-obtiene-sentencia-de-carcel-para-el-dany-por-homicidio-en-irapuato","status":"publish","type":"post","link":"https:\/\/periodiconuevomilenio.com\/index.php\/2024\/10\/24\/la-fiscalia-de-guanajuato-obtiene-sentencia-de-carcel-para-el-dany-por-homicidio-en-irapuato\/","title":{"rendered":"La Fiscal\u00eda de Guanajuato obtiene sentencia de c\u00e1rcel para \u201cEl Dany\u201d por homicidio en Irapuato"},"content":{"rendered":"\n<p>Irapuato, Gto. 24 de octubre de 2024.- Un Agente del Ministerio P\u00fablico present\u00f3 pruebas en juicio oral y obtuvo que un Juez dictara sentencia de c\u00e1rcel contra JOS\u00c9 DANIEL \u201cN\u201d alias \u201cEl Dany\u201d, al acreditarse su responsabilidad en el asesinato de un menor, la noche del 25 de octubre de 2016, en la Calzada de Guadalupe de la ciudad de Irapuato.<\/p>\n\n\n\n<p>En la narrativa ministerial se establece que \u201cEl Dany\u201d viajaba en un veh\u00edculo cuando se detuvo en la esquina que forman las calles Durazno y Naranjo, donde descendi\u00f3, sac\u00f3 un arma de fuego y dispar\u00f3 contra un grupo de personas, lesionando al menor, quien falleci\u00f3 horas despu\u00e9s en un hospital.<\/p>\n\n\n\n<p>El acusado fue impuesto de una pena privativa de libertad de 11 a\u00f1os y al pago de la reparaci\u00f3n del da\u00f1o en favor de los deudos de la v\u00edctima.<\/p>\n\n\n\n<p><\/p>\n\n\n\n<figure class=\"wp-block-image size-large\"><img loading=\"lazy\" decoding=\"async\" width=\"819\" height=\"1024\" src=\"https:\/\/periodiconuevomilenio.com\/wp-content\/uploads\/2024\/10\/2356236c-bde9-42e7-bfbc-002ab362e4fe-819x1024.jpg\" alt=\"\" class=\"wp-image-17879\" srcset=\"https:\/\/periodiconuevomilenio.com\/wp-content\/uploads\/2024\/10\/2356236c-bde9-42e7-bfbc-002ab362e4fe-819x1024.jpg 819w, https:\/\/periodiconuevomilenio.com\/wp-content\/uploads\/2024\/10\/2356236c-bde9-42e7-bfbc-002ab362e4fe-240x300.jpg 240w, https:\/\/periodiconuevomilenio.com\/wp-content\/uploads\/2024\/10\/2356236c-bde9-42e7-bfbc-002ab362e4fe-768x960.jpg 768w, https:\/\/periodiconuevomilenio.com\/wp-content\/uploads\/2024\/10\/2356236c-bde9-42e7-bfbc-002ab362e4fe-1024x1280.jpg 1024w, https:\/\/periodiconuevomilenio.com\/wp-content\/uploads\/2024\/10\/2356236c-bde9-42e7-bfbc-002ab362e4fe.jpg 1080w\" sizes=\"auto, (max-width: 819px) 100vw, 819px\" \/><\/figure>\n","protected":false},"excerpt":{"rendered":"<p>Irapuato, Gto. 24 de octubre de 2024.- Un Agente del Ministerio P\u00fablico present\u00f3 pruebas en juicio oral y<\/p>\n","protected":false},"author":1,"featured_media":17879,"comment_status":"open","ping_status":"open","sticky":false,"template":"","format":"standard","meta":{"jetpack_post_was_ever_published":false,"_jetpack_newsletter_access":"","_jetpack_dont_email_post_to_subs":false,"_jetpack_newsletter_tier_id":0,"_jetpack_memberships_contains_paywalled_content":false,"_jetpack_memberships_contains_paid_content":false,"footnotes":"","jetpack_publicize_message":"","jetpack_publicize_feature_enabled":false,"jetpack_social_post_already_shared":false,"jetpack_social_options":{"image_generator_settings":{"template":"highway","enabled":false},"version":2}},"categories":[31,48],"tags":[51],"class_list":["post-17878","post","type-post","status-publish","format-standard","has-post-thumbnail","hentry","category-estado","category-policiaca","tag-estado"],"jetpack_publicize_connections":[],"jetpack_sharing_enabled":true,"jetpack_featured_media_url":"https:\/\/periodiconuevomilenio.com\/wp-content\/uploads\/2024\/10\/2356236c-bde9-42e7-bfbc-002ab362e4fe.jpg","_links":{"self":[{"href":"https:\/\/periodiconuevomilenio.com\/index.php\/wp-json\/wp\/v2\/posts\/17878","targetHints":{"allow":["GET"]}}],"collection":[{"href":"https:\/\/periodiconuevomilenio.com\/index.php\/wp-json\/wp\/v2\/posts"}],"about":[{"href":"https:\/\/periodiconuevomilenio.com\/index.php\/wp-json\/wp\/v2\/types\/post"}],"author":[{"embeddable":true,"href":"https:\/\/periodiconuevomilenio.com\/index.php\/wp-json\/wp\/v2\/users\/1"}],"replies":[{"embeddable":true,"href":"https:\/\/periodiconuevomilenio.com\/index.php\/wp-json\/wp\/v2\/comments?post=17878"}],"version-history":[{"count":1,"href":"https:\/\/periodiconuevomilenio.com\/index.php\/wp-json\/wp\/v2\/posts\/17878\/revisions"}],"predecessor-version":[{"id":17880,"href":"https:\/\/periodiconuevomilenio.com\/index.php\/wp-json\/wp\/v2\/posts\/17878\/revisions\/17880"}],"wp:featuredmedia":[{"embeddable":true,"href":"https:\/\/periodiconuevomilenio.com\/index.php\/wp-json\/wp\/v2\/media\/17879"}],"wp:attachment":[{"href":"https:\/\/periodiconuevomilenio.com\/index.php\/wp-json\/wp\/v2\/media?parent=17878"}],"wp:term":[{"taxonomy":"category","embeddable":true,"href":"https:\/\/periodiconuevomilenio.com\/index.php\/wp-json\/wp\/v2\/categories?post=17878"},{"taxonomy":"post_tag","embeddable":true,"href":"https:\/\/periodiconuevomilenio.com\/index.php\/wp-json\/wp\/v2\/tags?post=17878"}],"curies":[{"name":"wp","href":"https:\/\/api.w.org\/{rel}","templated":true}]}}