{"id":17935,"date":"2024-10-25T21:01:43","date_gmt":"2024-10-26T03:01:43","guid":{"rendered":"https:\/\/periodiconuevomilenio.com\/?p=17935"},"modified":"2024-10-25T21:01:45","modified_gmt":"2024-10-26T03:01:45","slug":"roberto-carlos-n-vinculacion-a-proceso-penal-por-extorsion","status":"publish","type":"post","link":"https:\/\/periodiconuevomilenio.com\/index.php\/2024\/10\/25\/roberto-carlos-n-vinculacion-a-proceso-penal-por-extorsion\/","title":{"rendered":"ROBERTO CARLOS \u201cN\u201d, Vinculaci\u00f3n a proceso penal por extorsi\u00f3n"},"content":{"rendered":"\n<p>San Luis de la Paz, Gto. 25 de octubre de 2024.- La Fiscal\u00eda de Guanajuato logr\u00f3 que el sujeto que&nbsp;extorsion\u00f3&nbsp;a un comerciante y amenaz\u00f3 con quemar su negocio fuera vinculado a proceso penal. El hombre est\u00e1 en la c\u00e1rcel.<\/p>\n\n\n\n<p>En la investigaci\u00f3n inicial, la Fiscal\u00eda identific\u00f3 al inculpado, obtuvo una orden de aprehensi\u00f3n para detenerlo y ponerlo a disposici\u00f3n de un Juez con la presentaci\u00f3n de datos de prueba para formalizar una acusaci\u00f3n en su contra como presunto responsable del delito de extorsi\u00f3n.<\/p>\n\n\n\n<p>La calificaci\u00f3n jur\u00eddica presentada por el Agente del Ministerio P\u00fablico especializado se debe a que ROBERTO CARLOS \u201cN\u201d emple\u00f3 medios compulsivos por los cuales infundi\u00f3 un miedo razonable a la v\u00edctima con la finalidad de que \u00e9sta accediera a un reclamo ileg\u00edtimo e ilegal.<\/p>\n\n\n\n<p>El presunto extorsionador permanecer\u00e1 en la c\u00e1rcel como medida cautelar justificada por todo el tiempo que dure el proceso penal en su contra.<\/p>\n\n\n\n<figure class=\"wp-block-image size-large\"><img loading=\"lazy\" decoding=\"async\" width=\"819\" height=\"1024\" src=\"https:\/\/periodiconuevomilenio.com\/wp-content\/uploads\/2024\/10\/COM-25-OCT-2024_2-819x1024.jpeg\" alt=\"\" class=\"wp-image-17936\" srcset=\"https:\/\/periodiconuevomilenio.com\/wp-content\/uploads\/2024\/10\/COM-25-OCT-2024_2-819x1024.jpeg 819w, https:\/\/periodiconuevomilenio.com\/wp-content\/uploads\/2024\/10\/COM-25-OCT-2024_2-240x300.jpeg 240w, https:\/\/periodiconuevomilenio.com\/wp-content\/uploads\/2024\/10\/COM-25-OCT-2024_2-768x960.jpeg 768w, https:\/\/periodiconuevomilenio.com\/wp-content\/uploads\/2024\/10\/COM-25-OCT-2024_2-1024x1280.jpeg 1024w, https:\/\/periodiconuevomilenio.com\/wp-content\/uploads\/2024\/10\/COM-25-OCT-2024_2.jpeg 1080w\" sizes=\"auto, (max-width: 819px) 100vw, 819px\" \/><\/figure>\n\n\n","protected":false},"excerpt":{"rendered":"<p>San Luis de la Paz, Gto. 25 de octubre de 2024.- La Fiscal\u00eda de Guanajuato logr\u00f3 que el<\/p>\n","protected":false},"author":1,"featured_media":17936,"comment_status":"open","ping_status":"open","sticky":false,"template":"","format":"standard","meta":{"jetpack_post_was_ever_published":false,"_jetpack_newsletter_access":"","_jetpack_dont_email_post_to_subs":false,"_jetpack_newsletter_tier_id":0,"_jetpack_memberships_contains_paywalled_content":false,"_jetpack_memberships_contains_paid_content":false,"footnotes":"","jetpack_publicize_message":"","jetpack_publicize_feature_enabled":false,"jetpack_social_post_already_shared":false,"jetpack_social_options":{"image_generator_settings":{"template":"highway","enabled":false},"version":2}},"categories":[31,48],"tags":[51],"class_list":["post-17935","post","type-post","status-publish","format-standard","has-post-thumbnail","hentry","category-estado","category-policiaca","tag-estado"],"jetpack_publicize_connections":[],"jetpack_sharing_enabled":true,"jetpack_featured_media_url":"https:\/\/periodiconuevomilenio.com\/wp-content\/uploads\/2024\/10\/COM-25-OCT-2024_2.jpeg","_links":{"self":[{"href":"https:\/\/periodiconuevomilenio.com\/index.php\/wp-json\/wp\/v2\/posts\/17935","targetHints":{"allow":["GET"]}}],"collection":[{"href":"https:\/\/periodiconuevomilenio.com\/index.php\/wp-json\/wp\/v2\/posts"}],"about":[{"href":"https:\/\/periodiconuevomilenio.com\/index.php\/wp-json\/wp\/v2\/types\/post"}],"author":[{"embeddable":true,"href":"https:\/\/periodiconuevomilenio.com\/index.php\/wp-json\/wp\/v2\/users\/1"}],"replies":[{"embeddable":true,"href":"https:\/\/periodiconuevomilenio.com\/index.php\/wp-json\/wp\/v2\/comments?post=17935"}],"version-history":[{"count":1,"href":"https:\/\/periodiconuevomilenio.com\/index.php\/wp-json\/wp\/v2\/posts\/17935\/revisions"}],"predecessor-version":[{"id":17937,"href":"https:\/\/periodiconuevomilenio.com\/index.php\/wp-json\/wp\/v2\/posts\/17935\/revisions\/17937"}],"wp:featuredmedia":[{"embeddable":true,"href":"https:\/\/periodiconuevomilenio.com\/index.php\/wp-json\/wp\/v2\/media\/17936"}],"wp:attachment":[{"href":"https:\/\/periodiconuevomilenio.com\/index.php\/wp-json\/wp\/v2\/media?parent=17935"}],"wp:term":[{"taxonomy":"category","embeddable":true,"href":"https:\/\/periodiconuevomilenio.com\/index.php\/wp-json\/wp\/v2\/categories?post=17935"},{"taxonomy":"post_tag","embeddable":true,"href":"https:\/\/periodiconuevomilenio.com\/index.php\/wp-json\/wp\/v2\/tags?post=17935"}],"curies":[{"name":"wp","href":"https:\/\/api.w.org\/{rel}","templated":true}]}}