{"id":18265,"date":"2024-11-06T23:42:50","date_gmt":"2024-11-07T05:42:50","guid":{"rendered":"https:\/\/periodiconuevomilenio.com\/?p=18265"},"modified":"2024-11-06T23:42:52","modified_gmt":"2024-11-07T05:42:52","slug":"entregan-reconocimientos-a-jovenes-y-docentes-por-impulsar-acciones-de-educacion-ambiental","status":"publish","type":"post","link":"https:\/\/periodiconuevomilenio.com\/index.php\/2024\/11\/06\/entregan-reconocimientos-a-jovenes-y-docentes-por-impulsar-acciones-de-educacion-ambiental\/","title":{"rendered":"Entregan reconocimientos a j\u00f3venes y docentes por impulsar acciones de educaci\u00f3n ambiental"},"content":{"rendered":"\n<p>&nbsp;&nbsp;&nbsp;&nbsp;<strong>Promueven el cuidado y respeto del medio ambiente<\/strong><\/p>\n\n\n\n<p>\u00b7&nbsp;&nbsp;&nbsp;&nbsp;&nbsp;&nbsp;&nbsp;&nbsp;&nbsp;<strong><em>\u201cLo importante no es s\u00f3lo preocuparnos por el planeta, sino ocuparnos de nuestro entorno inmediato y hacer de nuestra ense\u00f1anza y aprendizaje un arte\u201d. Jazm\u00edn Loera Montoya docente de telesecundaria.<\/em><\/strong><strong><\/strong><\/p>\n\n\n\n<p><strong>Le\u00f3n, Gto a 06 de noviembre de 2024.-&nbsp;<\/strong>El Gobierno de la Gente a trav\u00e9s de la Secretar\u00eda del Agua y Medio Ambiente reconoci\u00f3 a j\u00f3venes y docentes por contribuir a impulsar acciones por el cuidado del medio ambiente en sus municipios e instituciones educativas.<\/p>\n\n\n\n<p>&nbsp;Lo anterior como parte del programa j\u00f3venes multiplicadores y profesores que implementaron proyectos destacados de educaci\u00f3n ambiental en sus escuelas.<\/p>\n\n\n\n<p>&nbsp;Fueron el Secretario Jos\u00e9 Lara Lona junto con Cristian Mauricio Mu\u00f1oz representante de la Secretar\u00eda de Educaci\u00f3n los encargados de hacer la entrega de los reconocimientos a las y los j\u00f3venes, as\u00ed como a docentes de todo el Estado de Guanajuato.<\/p>\n\n\n\n<p>&nbsp;Un ejemplo de este trabajo, fue el que se desarroll\u00f3 en el municipio de Ocampo, donde en la Telesecundaria 230 se llev\u00f3 a cabo la implementaci\u00f3n de huertos, hortalizas y plantas medicinales favoreciendo directamente al cuidado de la salud.<\/p>\n\n\n\n<p>&nbsp;La maestra Jazm\u00edn Loera Montoya destac\u00f3 que por un medio ambiente m\u00e1s igualitario, justo y sostenible iniciaron con una actividad de grupo, rehabilitando una jardinera con tres malvas, posteriormente se integraron 13 centros educativos plantando m\u00e1s de 400 \u00e1rboles frutales y ornamentales en sus respectivas \u00e1reas verdes.<\/p>\n\n\n\n<p>&nbsp;<em>\u201cNuestra dimensi\u00f3n creci\u00f3 sorprendentemente, ya que adem\u00e1s recibimos donaci\u00f3n de \u00e1rboles para reforestar las instituciones educativas de nuestro municipio beneficiando m\u00e1s de 60 centros educativos, ya que lo importante no es s\u00f3lo preocuparnos por el planeta, sino ocuparnos de nuestro entorno inmediato y hacer de nuestra ense\u00f1anza y aprendizaje un arte\u201d.<\/em><\/p>\n\n\n\n<p>&nbsp;En cuanto al programa de j\u00f3venes multiplicadores por la educaci\u00f3n ambiental se implement\u00f3 en 22 municipios contando con 96 becarios que llegaron a m\u00e1s de 36 mil beneficiarios con m\u00e1s de 5 mil actividades.<\/p>\n\n\n\n<p>&nbsp;Lo anterior se consolid\u00f3 a trav\u00e9s de charlas y talleres, que durante 6 meses se tuvo la oportunidad de impactar tanto en escuelas, asilos, comunidades alejadas, empresas, donde qued\u00f3 demostrado que la educaci\u00f3n ambiental no es simplemente en plantar \u00e1rboles o de no tirar basura, sino que va mucho m\u00e1s all\u00e1, a trav\u00e9s de un enfoque de que la sostenibilidad no solamente es como un concepto sino una forma de vida.<\/p>\n\n\n\n<p>&nbsp;El programa adem\u00e1s invita a impulsar a los j\u00f3venes a que sean agentes de cambio en sus comunidades con sus amigos, conocidos, con sus familiares, porque a trav\u00e9s del trabajo en equipo se puede generar un cambio que consolide el respeto y cuidado al medio ambiente.<\/p>\n\n\n\n<p>&nbsp;En su mensaje, el titular de la Secretar\u00eda&nbsp; dijo que el esfuerzo y compromiso de cada uno de los premiados por haber desarrollado proyectos innovadores son fundamentales para seguir contribuyendo para&nbsp;consolidar a la&nbsp;educaci\u00f3n y cultura ambiental en las y los habitantes de Guanajuato.<\/p>\n\n\n\n<p>&nbsp;&nbsp;<em>\u201cMediante la vinculaci\u00f3n interinstitucional y a trav\u00e9s de un trabajo coordinado y transversal con el sector educativo podemos alcanzar y fortalecer con la mayor eficiencia la gesti\u00f3n integral ambiental para Guanajuato\u201d, dijo Lara Lona.<\/em><\/p>\n\n\n\n<p><em>&nbsp;<\/em>Felicit\u00f3 a los j\u00f3venes y docentes por su iniciativa y compromiso por impulsar la educaci\u00f3n ambiental y agreg\u00f3 que se estar\u00e1n coordinando acciones que permitan desarrollar proyectos integrales que consoliden la mejora continua del medio ambiente del Estado de Guanajuato.<\/p>\n\n\n\n<p>\u00a0Cabe destacar que se reconocieron 25 docentes de los municipios de Irapuato, Uriangato, Valle de Santiago, Celaya, Santa Catarina, Salamanca, Ocampo, Le\u00f3n, Irapuato, San Francisco del Rinc\u00f3n, Irapuato, Guanajuato, Cortazar, Apaseo el Grande, San Miguel de Allende, Ac\u00e1mbaro y San Jos\u00e9 Iturbide as\u00ed como a 15 j\u00f3venes originarios de los municipios de Abasolo, Celaya, Guanajuato, Irapuato, Le\u00f3n, Morole\u00f3n, P\u00e9njamo, Salamanca, Pur\u00edsima del Rinc\u00f3n, San Felipe, San Luis de la Paz, Silao, Uriangato, Valle de Santiago y Yuriria en representaci\u00f3n de los 96 participantes del programa.<\/p>\n\n\n\n<figure class=\"wp-block-gallery has-nested-images columns-default is-cropped wp-block-gallery-1 is-layout-flex wp-block-gallery-is-layout-flex\">\n<figure class=\"wp-block-image size-large\"><img loading=\"lazy\" decoding=\"async\" width=\"1024\" height=\"683\" data-id=\"18266\" src=\"https:\/\/periodiconuevomilenio.com\/wp-content\/uploads\/2024\/11\/Entrega-de-reconocimientos-6-1024x683.jpg\" alt=\"\" class=\"wp-image-18266\" srcset=\"https:\/\/periodiconuevomilenio.com\/wp-content\/uploads\/2024\/11\/Entrega-de-reconocimientos-6-1024x683.jpg 1024w, https:\/\/periodiconuevomilenio.com\/wp-content\/uploads\/2024\/11\/Entrega-de-reconocimientos-6-300x200.jpg 300w, https:\/\/periodiconuevomilenio.com\/wp-content\/uploads\/2024\/11\/Entrega-de-reconocimientos-6-768x512.jpg 768w, https:\/\/periodiconuevomilenio.com\/wp-content\/uploads\/2024\/11\/Entrega-de-reconocimientos-6-1536x1024.jpg 1536w, https:\/\/periodiconuevomilenio.com\/wp-content\/uploads\/2024\/11\/Entrega-de-reconocimientos-6-2048x1365.jpg 2048w\" sizes=\"auto, (max-width: 1024px) 100vw, 1024px\" \/><\/figure>\n\n\n\n<figure class=\"wp-block-image size-large\"><img loading=\"lazy\" decoding=\"async\" width=\"1024\" height=\"683\" data-id=\"18267\" src=\"https:\/\/periodiconuevomilenio.com\/wp-content\/uploads\/2024\/11\/Entrega-de-reconocimientos-5-1024x683.jpg\" alt=\"\" class=\"wp-image-18267\" srcset=\"https:\/\/periodiconuevomilenio.com\/wp-content\/uploads\/2024\/11\/Entrega-de-reconocimientos-5-1024x683.jpg 1024w, https:\/\/periodiconuevomilenio.com\/wp-content\/uploads\/2024\/11\/Entrega-de-reconocimientos-5-300x200.jpg 300w, https:\/\/periodiconuevomilenio.com\/wp-content\/uploads\/2024\/11\/Entrega-de-reconocimientos-5-768x512.jpg 768w, https:\/\/periodiconuevomilenio.com\/wp-content\/uploads\/2024\/11\/Entrega-de-reconocimientos-5-1536x1024.jpg 1536w, https:\/\/periodiconuevomilenio.com\/wp-content\/uploads\/2024\/11\/Entrega-de-reconocimientos-5-2048x1365.jpg 2048w\" sizes=\"auto, (max-width: 1024px) 100vw, 1024px\" \/><\/figure>\n\n\n\n<figure class=\"wp-block-image size-large\"><img loading=\"lazy\" decoding=\"async\" width=\"1024\" height=\"683\" data-id=\"18268\" src=\"https:\/\/periodiconuevomilenio.com\/wp-content\/uploads\/2024\/11\/Entrega-de-reconocimientos-3-1024x683.jpg\" alt=\"\" class=\"wp-image-18268\" srcset=\"https:\/\/periodiconuevomilenio.com\/wp-content\/uploads\/2024\/11\/Entrega-de-reconocimientos-3-1024x683.jpg 1024w, https:\/\/periodiconuevomilenio.com\/wp-content\/uploads\/2024\/11\/Entrega-de-reconocimientos-3-300x200.jpg 300w, https:\/\/periodiconuevomilenio.com\/wp-content\/uploads\/2024\/11\/Entrega-de-reconocimientos-3-768x512.jpg 768w, https:\/\/periodiconuevomilenio.com\/wp-content\/uploads\/2024\/11\/Entrega-de-reconocimientos-3-1536x1024.jpg 1536w, https:\/\/periodiconuevomilenio.com\/wp-content\/uploads\/2024\/11\/Entrega-de-reconocimientos-3-2048x1365.jpg 2048w\" sizes=\"auto, (max-width: 1024px) 100vw, 1024px\" \/><\/figure>\n\n\n\n<figure class=\"wp-block-image size-large\"><img loading=\"lazy\" decoding=\"async\" width=\"1024\" height=\"683\" data-id=\"18269\" src=\"https:\/\/periodiconuevomilenio.com\/wp-content\/uploads\/2024\/11\/Entrega-de-reconocimientos-1-1024x683.jpg\" alt=\"\" class=\"wp-image-18269\" srcset=\"https:\/\/periodiconuevomilenio.com\/wp-content\/uploads\/2024\/11\/Entrega-de-reconocimientos-1-1024x683.jpg 1024w, https:\/\/periodiconuevomilenio.com\/wp-content\/uploads\/2024\/11\/Entrega-de-reconocimientos-1-300x200.jpg 300w, https:\/\/periodiconuevomilenio.com\/wp-content\/uploads\/2024\/11\/Entrega-de-reconocimientos-1-768x512.jpg 768w, https:\/\/periodiconuevomilenio.com\/wp-content\/uploads\/2024\/11\/Entrega-de-reconocimientos-1-1536x1024.jpg 1536w, https:\/\/periodiconuevomilenio.com\/wp-content\/uploads\/2024\/11\/Entrega-de-reconocimientos-1-2048x1365.jpg 2048w\" sizes=\"auto, (max-width: 1024px) 100vw, 1024px\" \/><\/figure>\n<\/figure>\n\n\n\n<figure class=\"wp-block-gallery has-nested-images columns-default is-cropped wp-block-gallery-2 is-layout-flex wp-block-gallery-is-layout-flex\"><\/figure>\n","protected":false},"excerpt":{"rendered":"<p>&nbsp;&nbsp;&nbsp;&nbsp;Promueven el cuidado y respeto del medio ambiente \u00b7&nbsp;&nbsp;&nbsp;&nbsp;&nbsp;&nbsp;&nbsp;&nbsp;&nbsp;\u201cLo importante no es s\u00f3lo preocuparnos por el planeta, sino<\/p>\n","protected":false},"author":1,"featured_media":18267,"comment_status":"open","ping_status":"open","sticky":false,"template":"","format":"standard","meta":{"jetpack_post_was_ever_published":false,"_jetpack_newsletter_access":"","_jetpack_dont_email_post_to_subs":false,"_jetpack_newsletter_tier_id":0,"_jetpack_memberships_contains_paywalled_content":false,"_jetpack_memberships_contains_paid_content":false,"footnotes":"","jetpack_publicize_message":"","jetpack_publicize_feature_enabled":false,"jetpack_social_post_already_shared":false,"jetpack_social_options":{"image_generator_settings":{"template":"highway","enabled":false},"version":2}},"categories":[31,39,40],"tags":[51,22,30],"class_list":["post-18265","post","type-post","status-publish","format-standard","has-post-thumbnail","hentry","category-estado","category-valle-de-santiago","category-yuriria","tag-estado","tag-valle","tag-yuriria"],"jetpack_publicize_connections":[],"jetpack_sharing_enabled":true,"jetpack_featured_media_url":"https:\/\/periodiconuevomilenio.com\/wp-content\/uploads\/2024\/11\/Entrega-de-reconocimientos-5-scaled.jpg","_links":{"self":[{"href":"https:\/\/periodiconuevomilenio.com\/index.php\/wp-json\/wp\/v2\/posts\/18265","targetHints":{"allow":["GET"]}}],"collection":[{"href":"https:\/\/periodiconuevomilenio.com\/index.php\/wp-json\/wp\/v2\/posts"}],"about":[{"href":"https:\/\/periodiconuevomilenio.com\/index.php\/wp-json\/wp\/v2\/types\/post"}],"author":[{"embeddable":true,"href":"https:\/\/periodiconuevomilenio.com\/index.php\/wp-json\/wp\/v2\/users\/1"}],"replies":[{"embeddable":true,"href":"https:\/\/periodiconuevomilenio.com\/index.php\/wp-json\/wp\/v2\/comments?post=18265"}],"version-history":[{"count":1,"href":"https:\/\/periodiconuevomilenio.com\/index.php\/wp-json\/wp\/v2\/posts\/18265\/revisions"}],"predecessor-version":[{"id":18270,"href":"https:\/\/periodiconuevomilenio.com\/index.php\/wp-json\/wp\/v2\/posts\/18265\/revisions\/18270"}],"wp:featuredmedia":[{"embeddable":true,"href":"https:\/\/periodiconuevomilenio.com\/index.php\/wp-json\/wp\/v2\/media\/18267"}],"wp:attachment":[{"href":"https:\/\/periodiconuevomilenio.com\/index.php\/wp-json\/wp\/v2\/media?parent=18265"}],"wp:term":[{"taxonomy":"category","embeddable":true,"href":"https:\/\/periodiconuevomilenio.com\/index.php\/wp-json\/wp\/v2\/categories?post=18265"},{"taxonomy":"post_tag","embeddable":true,"href":"https:\/\/periodiconuevomilenio.com\/index.php\/wp-json\/wp\/v2\/tags?post=18265"}],"curies":[{"name":"wp","href":"https:\/\/api.w.org\/{rel}","templated":true}]}}