{"id":18372,"date":"2024-11-12T21:06:52","date_gmt":"2024-11-13T03:06:52","guid":{"rendered":"https:\/\/periodiconuevomilenio.com\/?p=18372"},"modified":"2024-11-12T21:06:54","modified_gmt":"2024-11-13T03:06:54","slug":"reciben-cepreresos-de-valle-de-santiago-y-san-miguel-de-allende-reacreditacion-de-la-asociacion-de-correccionales-de-america","status":"publish","type":"post","link":"https:\/\/periodiconuevomilenio.com\/index.php\/2024\/11\/12\/reciben-cepreresos-de-valle-de-santiago-y-san-miguel-de-allende-reacreditacion-de-la-asociacion-de-correccionales-de-america\/","title":{"rendered":"Reciben Cepreresos de Valle de Santiago y San Miguel de Allende reacreditaci\u00f3n de la Asociaci\u00f3n de Correccionales de Am\u00e9rica"},"content":{"rendered":"\n<p>Guanajuato, Gto., a 12 de noviembre de 2024.- La Direcci\u00f3n General del Sistema Penitenciario de la Secretar\u00eda de Seguridad y Paz logr\u00f3 que la Asociaci\u00f3n de Correccionales de Am\u00e9rica (ACA) reacredite el Centro Estatal de Prevenci\u00f3n y Reinserci\u00f3n Social de San Miguel de Allende y el Centro Estatal de Prevenci\u00f3n y Reinserci\u00f3n Social de Valle de Santiago Femenil.<\/p>\n\n\n\n<p><br>En representaci\u00f3n de Juan Mauro Gonz\u00e1lez Mart\u00ednez, titular de la Secretar\u00eda de Seguridad y Paz, Julio C\u00e9sar P\u00e9rez Ram\u00edrez, director general del Sistema Penitenciario, reconoci\u00f3 y agradeci\u00f3 el esfuerzo e inter\u00e9s del Secretario, quien est\u00e1 plenamente comprometido con el cumplimiento de los m\u00e1s altos est\u00e1ndares internacionales para beneficio de las personas privadas de la libertad, y vela por sus condiciones de vida, igual que el personal penitenciario, para lograr una reinserci\u00f3n integral y plena.<br>&nbsp;<\/p>\n\n\n\n<p>Luego de ser revisados minuciosamente los est\u00e1ndares de calidad en los servicios penitenciarios que se brindan a las personas privadas de la libertad, los dos Centros Estatales de Prevenci\u00f3n y Reinserci\u00f3n Social (Cepreresos) obtuvieron una calificaci\u00f3n 100 de 100 por cubrirlos satisfactoriamente.<br>&nbsp;<\/p>\n\n\n\n<p>La auditor\u00eda para la reacreditaci\u00f3n termin\u00f3 el 5 de noviembre en Valle de Santiago y el d\u00eda 7 en San Miguel de Allende, como parte de la aplicaci\u00f3n de buenas pr\u00e1cticas penitenciarias que el estado establece en cada uno de sus once centros de internamiento.<br>&nbsp;<\/p>\n\n\n\n<p>\u00abCon estos logros continuamos posicion\u00e1ndonos como el mejor Sistema Penitenciario del Pa\u00eds y mantenemos vigente el \u00c1guila Dorada para Guanajuato, m\u00e1ximo distintivo a las buenas pr\u00e1cticas que otorga la Asociaci\u00f3n de Correccionales de Am\u00e9rica\u00bb, dijo Julio C\u00e9sar P\u00e9rez Ram\u00edrez.<\/p>\n\n\n\n<figure class=\"wp-block-gallery has-nested-images columns-default is-cropped wp-block-gallery-1 is-layout-flex wp-block-gallery-is-layout-flex\">\n<figure class=\"wp-block-image size-large\"><img loading=\"lazy\" decoding=\"async\" width=\"1024\" height=\"679\" data-id=\"18377\" src=\"https:\/\/periodiconuevomilenio.com\/wp-content\/uploads\/2024\/11\/Reciben-Cepreresos-de-Valle-de-Santiago-y-San-Miguel-de-Allende-reacreditacion-de-la-Asociacion-de-Correccionales-de-America-07-1024x679.jpg\" alt=\"\" class=\"wp-image-18377\" srcset=\"https:\/\/periodiconuevomilenio.com\/wp-content\/uploads\/2024\/11\/Reciben-Cepreresos-de-Valle-de-Santiago-y-San-Miguel-de-Allende-reacreditacion-de-la-Asociacion-de-Correccionales-de-America-07-1024x679.jpg 1024w, https:\/\/periodiconuevomilenio.com\/wp-content\/uploads\/2024\/11\/Reciben-Cepreresos-de-Valle-de-Santiago-y-San-Miguel-de-Allende-reacreditacion-de-la-Asociacion-de-Correccionales-de-America-07-300x199.jpg 300w, https:\/\/periodiconuevomilenio.com\/wp-content\/uploads\/2024\/11\/Reciben-Cepreresos-de-Valle-de-Santiago-y-San-Miguel-de-Allende-reacreditacion-de-la-Asociacion-de-Correccionales-de-America-07-768x509.jpg 768w, https:\/\/periodiconuevomilenio.com\/wp-content\/uploads\/2024\/11\/Reciben-Cepreresos-de-Valle-de-Santiago-y-San-Miguel-de-Allende-reacreditacion-de-la-Asociacion-de-Correccionales-de-America-07.jpg 1041w\" sizes=\"auto, (max-width: 1024px) 100vw, 1024px\" \/><\/figure>\n\n\n\n<figure class=\"wp-block-image size-large\"><img loading=\"lazy\" decoding=\"async\" width=\"1024\" height=\"588\" data-id=\"18378\" src=\"https:\/\/periodiconuevomilenio.com\/wp-content\/uploads\/2024\/11\/Reciben-Cepreresos-de-Valle-de-Santiago-y-San-Miguel-de-Allende-reacreditacion-de-la-Asociacion-de-Correccionales-de-America-09-1-1024x588.jpg\" alt=\"\" class=\"wp-image-18378\" srcset=\"https:\/\/periodiconuevomilenio.com\/wp-content\/uploads\/2024\/11\/Reciben-Cepreresos-de-Valle-de-Santiago-y-San-Miguel-de-Allende-reacreditacion-de-la-Asociacion-de-Correccionales-de-America-09-1-1024x588.jpg 1024w, https:\/\/periodiconuevomilenio.com\/wp-content\/uploads\/2024\/11\/Reciben-Cepreresos-de-Valle-de-Santiago-y-San-Miguel-de-Allende-reacreditacion-de-la-Asociacion-de-Correccionales-de-America-09-1-300x172.jpg 300w, https:\/\/periodiconuevomilenio.com\/wp-content\/uploads\/2024\/11\/Reciben-Cepreresos-de-Valle-de-Santiago-y-San-Miguel-de-Allende-reacreditacion-de-la-Asociacion-de-Correccionales-de-America-09-1-768x441.jpg 768w, https:\/\/periodiconuevomilenio.com\/wp-content\/uploads\/2024\/11\/Reciben-Cepreresos-de-Valle-de-Santiago-y-San-Miguel-de-Allende-reacreditacion-de-la-Asociacion-de-Correccionales-de-America-09-1.jpg 1040w\" sizes=\"auto, (max-width: 1024px) 100vw, 1024px\" \/><\/figure>\n\n\n\n<figure class=\"wp-block-image size-large\"><img loading=\"lazy\" decoding=\"async\" width=\"738\" height=\"526\" data-id=\"18376\" src=\"https:\/\/periodiconuevomilenio.com\/wp-content\/uploads\/2024\/11\/Reciben-Cepreresos-de-Valle-de-Santiago-y-San-Miguel-de-Allende-reacreditacion-de-la-Asociacion-de-Correccionales-de-America-05.jpg\" alt=\"\" class=\"wp-image-18376\" srcset=\"https:\/\/periodiconuevomilenio.com\/wp-content\/uploads\/2024\/11\/Reciben-Cepreresos-de-Valle-de-Santiago-y-San-Miguel-de-Allende-reacreditacion-de-la-Asociacion-de-Correccionales-de-America-05.jpg 738w, https:\/\/periodiconuevomilenio.com\/wp-content\/uploads\/2024\/11\/Reciben-Cepreresos-de-Valle-de-Santiago-y-San-Miguel-de-Allende-reacreditacion-de-la-Asociacion-de-Correccionales-de-America-05-300x214.jpg 300w\" sizes=\"auto, (max-width: 738px) 100vw, 738px\" \/><\/figure>\n<\/figure>\n\n\n\n<figure class=\"wp-block-gallery has-nested-images columns-default is-cropped wp-block-gallery-2 is-layout-flex wp-block-gallery-is-layout-flex\">\n<figure class=\"wp-block-image size-large\"><img loading=\"lazy\" decoding=\"async\" width=\"1024\" height=\"643\" data-id=\"18373\" src=\"https:\/\/periodiconuevomilenio.com\/wp-content\/uploads\/2024\/11\/Reciben-Cepreresos-de-Valle-de-Santiago-y-San-Miguel-de-Allende-reacreditacion-de-la-Asociacion-de-Correccionales-de-America-08-1024x643.jpg\" alt=\"\" class=\"wp-image-18373\" srcset=\"https:\/\/periodiconuevomilenio.com\/wp-content\/uploads\/2024\/11\/Reciben-Cepreresos-de-Valle-de-Santiago-y-San-Miguel-de-Allende-reacreditacion-de-la-Asociacion-de-Correccionales-de-America-08-1024x643.jpg 1024w, https:\/\/periodiconuevomilenio.com\/wp-content\/uploads\/2024\/11\/Reciben-Cepreresos-de-Valle-de-Santiago-y-San-Miguel-de-Allende-reacreditacion-de-la-Asociacion-de-Correccionales-de-America-08-300x189.jpg 300w, https:\/\/periodiconuevomilenio.com\/wp-content\/uploads\/2024\/11\/Reciben-Cepreresos-de-Valle-de-Santiago-y-San-Miguel-de-Allende-reacreditacion-de-la-Asociacion-de-Correccionales-de-America-08-768x483.jpg 768w, https:\/\/periodiconuevomilenio.com\/wp-content\/uploads\/2024\/11\/Reciben-Cepreresos-de-Valle-de-Santiago-y-San-Miguel-de-Allende-reacreditacion-de-la-Asociacion-de-Correccionales-de-America-08.jpg 1036w\" sizes=\"auto, (max-width: 1024px) 100vw, 1024px\" \/><\/figure>\n\n\n\n<figure class=\"wp-block-image size-large\"><img loading=\"lazy\" decoding=\"async\" width=\"1024\" height=\"768\" data-id=\"18375\" src=\"https:\/\/periodiconuevomilenio.com\/wp-content\/uploads\/2024\/11\/Reciben-Cepreresos-de-Valle-de-Santiago-y-San-Miguel-de-Allende-reacreditacion-de-la-Asociacion-de-Correccionales-de-America-06-1024x768.jpg\" alt=\"\" class=\"wp-image-18375\" srcset=\"https:\/\/periodiconuevomilenio.com\/wp-content\/uploads\/2024\/11\/Reciben-Cepreresos-de-Valle-de-Santiago-y-San-Miguel-de-Allende-reacreditacion-de-la-Asociacion-de-Correccionales-de-America-06-1024x768.jpg 1024w, https:\/\/periodiconuevomilenio.com\/wp-content\/uploads\/2024\/11\/Reciben-Cepreresos-de-Valle-de-Santiago-y-San-Miguel-de-Allende-reacreditacion-de-la-Asociacion-de-Correccionales-de-America-06-300x225.jpg 300w, https:\/\/periodiconuevomilenio.com\/wp-content\/uploads\/2024\/11\/Reciben-Cepreresos-de-Valle-de-Santiago-y-San-Miguel-de-Allende-reacreditacion-de-la-Asociacion-de-Correccionales-de-America-06-768x576.jpg 768w, https:\/\/periodiconuevomilenio.com\/wp-content\/uploads\/2024\/11\/Reciben-Cepreresos-de-Valle-de-Santiago-y-San-Miguel-de-Allende-reacreditacion-de-la-Asociacion-de-Correccionales-de-America-06.jpg 1280w\" sizes=\"auto, (max-width: 1024px) 100vw, 1024px\" \/><\/figure>\n\n\n\n<figure class=\"wp-block-image size-large\"><img loading=\"lazy\" decoding=\"async\" width=\"730\" height=\"496\" data-id=\"18374\" src=\"https:\/\/periodiconuevomilenio.com\/wp-content\/uploads\/2024\/11\/Reciben-Cepreresos-de-Valle-de-Santiago-y-San-Miguel-de-Allende-reacreditacion-de-la-Asociacion-de-Correccionales-de-America-04.jpg\" alt=\"\" class=\"wp-image-18374\" srcset=\"https:\/\/periodiconuevomilenio.com\/wp-content\/uploads\/2024\/11\/Reciben-Cepreresos-de-Valle-de-Santiago-y-San-Miguel-de-Allende-reacreditacion-de-la-Asociacion-de-Correccionales-de-America-04.jpg 730w, https:\/\/periodiconuevomilenio.com\/wp-content\/uploads\/2024\/11\/Reciben-Cepreresos-de-Valle-de-Santiago-y-San-Miguel-de-Allende-reacreditacion-de-la-Asociacion-de-Correccionales-de-America-04-300x204.jpg 300w\" sizes=\"auto, (max-width: 730px) 100vw, 730px\" \/><\/figure>\n<\/figure>\n\n\n\n\n\n<p>La calificaci\u00f3n obtenida con el esfuerzo y la dedicaci\u00f3n del personal de la Direcci\u00f3n General del Sistema Penitenciario representa un paso m\u00e1s rumbo a la Conferencia de Invierno 2025 del Comit\u00e9 de Acreditaci\u00f3n de la ACA que se realizar\u00e1 del 10 al 14 de enero del a\u00f1o pr\u00f3ximo en Orlando, Florida.<br>&nbsp;<\/p>\n","protected":false},"excerpt":{"rendered":"<p>Guanajuato, Gto., a 12 de noviembre de 2024.- La Direcci\u00f3n General del Sistema Penitenciario de la Secretar\u00eda de<\/p>\n","protected":false},"author":1,"featured_media":18378,"comment_status":"open","ping_status":"open","sticky":false,"template":"","format":"standard","meta":{"jetpack_post_was_ever_published":false,"_jetpack_newsletter_access":"","_jetpack_dont_email_post_to_subs":false,"_jetpack_newsletter_tier_id":0,"_jetpack_memberships_contains_paywalled_content":false,"_jetpack_memberships_contains_paid_content":false,"footnotes":"","jetpack_publicize_message":"","jetpack_publicize_feature_enabled":false,"jetpack_social_post_already_shared":false,"jetpack_social_options":{"image_generator_settings":{"template":"highway","enabled":false},"version":2}},"categories":[31,39],"tags":[22],"class_list":["post-18372","post","type-post","status-publish","format-standard","has-post-thumbnail","hentry","category-estado","category-valle-de-santiago","tag-valle"],"jetpack_publicize_connections":[],"jetpack_sharing_enabled":true,"jetpack_featured_media_url":"https:\/\/periodiconuevomilenio.com\/wp-content\/uploads\/2024\/11\/Reciben-Cepreresos-de-Valle-de-Santiago-y-San-Miguel-de-Allende-reacreditacion-de-la-Asociacion-de-Correccionales-de-America-09-1.jpg","_links":{"self":[{"href":"https:\/\/periodiconuevomilenio.com\/index.php\/wp-json\/wp\/v2\/posts\/18372","targetHints":{"allow":["GET"]}}],"collection":[{"href":"https:\/\/periodiconuevomilenio.com\/index.php\/wp-json\/wp\/v2\/posts"}],"about":[{"href":"https:\/\/periodiconuevomilenio.com\/index.php\/wp-json\/wp\/v2\/types\/post"}],"author":[{"embeddable":true,"href":"https:\/\/periodiconuevomilenio.com\/index.php\/wp-json\/wp\/v2\/users\/1"}],"replies":[{"embeddable":true,"href":"https:\/\/periodiconuevomilenio.com\/index.php\/wp-json\/wp\/v2\/comments?post=18372"}],"version-history":[{"count":1,"href":"https:\/\/periodiconuevomilenio.com\/index.php\/wp-json\/wp\/v2\/posts\/18372\/revisions"}],"predecessor-version":[{"id":18379,"href":"https:\/\/periodiconuevomilenio.com\/index.php\/wp-json\/wp\/v2\/posts\/18372\/revisions\/18379"}],"wp:featuredmedia":[{"embeddable":true,"href":"https:\/\/periodiconuevomilenio.com\/index.php\/wp-json\/wp\/v2\/media\/18378"}],"wp:attachment":[{"href":"https:\/\/periodiconuevomilenio.com\/index.php\/wp-json\/wp\/v2\/media?parent=18372"}],"wp:term":[{"taxonomy":"category","embeddable":true,"href":"https:\/\/periodiconuevomilenio.com\/index.php\/wp-json\/wp\/v2\/categories?post=18372"},{"taxonomy":"post_tag","embeddable":true,"href":"https:\/\/periodiconuevomilenio.com\/index.php\/wp-json\/wp\/v2\/tags?post=18372"}],"curies":[{"name":"wp","href":"https:\/\/api.w.org\/{rel}","templated":true}]}}