{"id":18693,"date":"2024-11-25T08:39:32","date_gmt":"2024-11-25T14:39:32","guid":{"rendered":"https:\/\/periodiconuevomilenio.com\/?p=18693"},"modified":"2024-11-25T08:39:35","modified_gmt":"2024-11-25T14:39:35","slug":"arturo-n-se-encuentra-en-la-carcel-vinculado-a-proceso-penal-por-el-homicidio-de-un-policia-e-intento-de-homicidio-de-otros-dos-elementos-en-irapuato","status":"publish","type":"post","link":"https:\/\/periodiconuevomilenio.com\/index.php\/2024\/11\/25\/arturo-n-se-encuentra-en-la-carcel-vinculado-a-proceso-penal-por-el-homicidio-de-un-policia-e-intento-de-homicidio-de-otros-dos-elementos-en-irapuato\/","title":{"rendered":"ARTURO \u201cN\u201d se encuentra en la c\u00e1rcel vinculado a proceso penal por el homicidio de un polic\u00eda e intento de homicidio de otros dos elementos en Irapuato"},"content":{"rendered":"\n<p>\u2022 Al momento de su detenci\u00f3n le fueron encontradas armas de fuego de uso exclusivo del Ej\u00e9rcito, Armada y Fuerza A\u00e9rea<\/p>\n\n\n\n<p>Irapuato, Gto.- La Fiscal\u00eda de Guanajuato logr\u00f3 que ARTURO \u201cN\u201d fuera vinculado a proceso penal por homicidio contra servidores p\u00fablicos y tentativa de homicidio en contra de servidores p\u00fablicos, por lo que se encuentra tras las rejas en espera de su sentencia.<\/p>\n\n\n\n<p>De acuerdo a la carpeta de investigaci\u00f3n, la madrugada del domingo 17 de noviembre de 2024, tres elementos de la polic\u00eda municipal fueron agredidos con disparos de arma de fuego cuando pretend\u00edan abordar la unidad que se encontraba estacionada afuera de un establecimiento comercial en el fraccionamiento Col\u00f3n.<\/p>\n\n\n\n<p>Durante las indagatorias se pudo establecer que la agresi\u00f3n comenz\u00f3 desde un veh\u00edculo que circulaba por el bulevar San Roque y en el que viajaba ARTURO \u201cN\u201d, por lo que se inici\u00f3 una operatividad para la localizaci\u00f3n y seguimiento hasta dar con su paradero en la colonia Magisterial, donde fueron detenidos ARTURO \u201cN\u201d y un adolescente, quienes ten\u00edan en su poder armas de fuego de uso exclusivo del Ej\u00e9rcito, Armada y Fuerza A\u00e9rea.<\/p>\n\n\n\n<p>En el hecho delictivo, fue lesionado un polic\u00eda municipal, quien falleci\u00f3 en un hospital a consecuencia de la gravedad de las lesiones.<\/p>\n\n\n\n<p>Los datos de prueba expuestos por el Ministerio P\u00fablico durante la audiencia, acreditaron la probable responsabilidad de ARTURO \u201cN\u201d, quien fue vinculado a proceso penal y se encuentra en prisi\u00f3n como medida cautelar, mientras que las acciones jur\u00eddicas para determinar las consecuencias penales del otro detenido se llevaron a cabo en la Unidad Especializada en Justicia Penal para Adolescentes.<\/p>\n\n\n\n<figure class=\"wp-block-image size-large\"><img loading=\"lazy\" decoding=\"async\" width=\"819\" height=\"1024\" src=\"https:\/\/periodiconuevomilenio.com\/wp-content\/uploads\/2024\/11\/db011c90-e8ea-41e5-ac0b-84ebd1d28418-819x1024.jpg\" alt=\"\" class=\"wp-image-18694\" srcset=\"https:\/\/periodiconuevomilenio.com\/wp-content\/uploads\/2024\/11\/db011c90-e8ea-41e5-ac0b-84ebd1d28418-819x1024.jpg 819w, https:\/\/periodiconuevomilenio.com\/wp-content\/uploads\/2024\/11\/db011c90-e8ea-41e5-ac0b-84ebd1d28418-240x300.jpg 240w, https:\/\/periodiconuevomilenio.com\/wp-content\/uploads\/2024\/11\/db011c90-e8ea-41e5-ac0b-84ebd1d28418-768x960.jpg 768w, https:\/\/periodiconuevomilenio.com\/wp-content\/uploads\/2024\/11\/db011c90-e8ea-41e5-ac0b-84ebd1d28418.jpg 1024w\" sizes=\"auto, (max-width: 819px) 100vw, 819px\" \/><\/figure>\n\n\n","protected":false},"excerpt":{"rendered":"<p>\u2022 Al momento de su detenci\u00f3n le fueron encontradas armas de fuego de uso exclusivo del Ej\u00e9rcito, Armada<\/p>\n","protected":false},"author":1,"featured_media":18694,"comment_status":"open","ping_status":"open","sticky":false,"template":"","format":"standard","meta":{"jetpack_post_was_ever_published":false,"_jetpack_newsletter_access":"","_jetpack_dont_email_post_to_subs":false,"_jetpack_newsletter_tier_id":0,"_jetpack_memberships_contains_paywalled_content":false,"_jetpack_memberships_contains_paid_content":false,"footnotes":"","jetpack_publicize_message":"","jetpack_publicize_feature_enabled":false,"jetpack_social_post_already_shared":false,"jetpack_social_options":{"image_generator_settings":{"template":"highway","enabled":false},"version":2}},"categories":[31,48],"tags":[51],"class_list":["post-18693","post","type-post","status-publish","format-standard","has-post-thumbnail","hentry","category-estado","category-policiaca","tag-estado"],"jetpack_publicize_connections":[],"jetpack_sharing_enabled":true,"jetpack_featured_media_url":"https:\/\/periodiconuevomilenio.com\/wp-content\/uploads\/2024\/11\/db011c90-e8ea-41e5-ac0b-84ebd1d28418.jpg","_links":{"self":[{"href":"https:\/\/periodiconuevomilenio.com\/index.php\/wp-json\/wp\/v2\/posts\/18693","targetHints":{"allow":["GET"]}}],"collection":[{"href":"https:\/\/periodiconuevomilenio.com\/index.php\/wp-json\/wp\/v2\/posts"}],"about":[{"href":"https:\/\/periodiconuevomilenio.com\/index.php\/wp-json\/wp\/v2\/types\/post"}],"author":[{"embeddable":true,"href":"https:\/\/periodiconuevomilenio.com\/index.php\/wp-json\/wp\/v2\/users\/1"}],"replies":[{"embeddable":true,"href":"https:\/\/periodiconuevomilenio.com\/index.php\/wp-json\/wp\/v2\/comments?post=18693"}],"version-history":[{"count":1,"href":"https:\/\/periodiconuevomilenio.com\/index.php\/wp-json\/wp\/v2\/posts\/18693\/revisions"}],"predecessor-version":[{"id":18695,"href":"https:\/\/periodiconuevomilenio.com\/index.php\/wp-json\/wp\/v2\/posts\/18693\/revisions\/18695"}],"wp:featuredmedia":[{"embeddable":true,"href":"https:\/\/periodiconuevomilenio.com\/index.php\/wp-json\/wp\/v2\/media\/18694"}],"wp:attachment":[{"href":"https:\/\/periodiconuevomilenio.com\/index.php\/wp-json\/wp\/v2\/media?parent=18693"}],"wp:term":[{"taxonomy":"category","embeddable":true,"href":"https:\/\/periodiconuevomilenio.com\/index.php\/wp-json\/wp\/v2\/categories?post=18693"},{"taxonomy":"post_tag","embeddable":true,"href":"https:\/\/periodiconuevomilenio.com\/index.php\/wp-json\/wp\/v2\/tags?post=18693"}],"curies":[{"name":"wp","href":"https:\/\/api.w.org\/{rel}","templated":true}]}}