{"id":1944,"date":"2023-03-30T22:03:26","date_gmt":"2023-03-31T04:03:26","guid":{"rendered":"https:\/\/periodiconuevomilenio.com\/?p=1944"},"modified":"2023-03-30T22:03:28","modified_gmt":"2023-03-31T04:03:28","slug":"erandi-bermudez-pidio-la-comparecencia-de-titulares-de-la-secretaria-de-gobernacion-y-relaciones-exteriores","status":"publish","type":"post","link":"https:\/\/periodiconuevomilenio.com\/index.php\/2023\/03\/30\/erandi-bermudez-pidio-la-comparecencia-de-titulares-de-la-secretaria-de-gobernacion-y-relaciones-exteriores\/","title":{"rendered":"<strong>ERANDI BERM\u00daDEZ PIDI\u00d3 LA COMPARECENCIA DE TITULARES DE LA SECRETAR\u00cdA DE GOBERNACI\u00d3N Y RELACIONES EXTERIORES<\/strong>"},"content":{"rendered":"\n<ul class=\"wp-block-list\">\n<li><strong>El senador se\u00f1al\u00f3 que la muerte de 39 migrantes en Ciudad Ju\u00e1rez fue por fallas en el sistema.<\/strong><\/li>\n<\/ul>\n\n\n\n<p>Luego de la tragedia ocurrida en Ciudad Ju\u00e1rez, Chihuahua, en la que 39 migrantes murieron a causa de un incendio en un centro del Instituto Nacional de Migraci\u00f3n, el senador Erandi Berm\u00fadez M\u00e9ndez se suscribi\u00f3 a la propuesta de la senadora M\u00f3nica Fern\u00e1ndez y exigi\u00f3 la comparecencia de los titulares de la Secretar\u00eda de Gobernaci\u00f3n y la Secretar\u00eda de Relaciones exteriores, as\u00ed como del delegado del INM.<\/p>\n\n\n\n<p>Detall\u00f3 que la Ley de Migraci\u00f3n dictamina que la responsabilidad es de la Secretar\u00eda de Gobernaci\u00f3n, a cargo de Adan Augusto L\u00f3pez, sin embargo al inicio de esta administraci\u00f3n se hizo un decreto para delegar facultades a la Secretar\u00eda de Relaciones Exteriores, de Marcelo Ebrard.<\/p>\n\n\n\n<p>\u201cM\u00e1s all\u00e1 de ir a los hechos, ir a Ciudad Ju\u00e1rez, estar con los deudos, preguntar qu\u00e9 pas\u00f3, uno anda muy sonriente en un Tesla y el otro est\u00e1 haciendo campa\u00f1a, esto habla de su indolencia.\u201d<\/p>\n\n\n\n<p>Durante su intervenci\u00f3n, pidi\u00f3 congruencia a los legisladores, quienes en el pasado pidieron la comparecencia de funcionarios luego de tragedias como la de la Guarder\u00eda ABC y Ayotzinapa, acusando cr\u00edmenes de estado.<\/p>\n\n\n\n<p>\u201cEn esos hechos tan lamentables que sucedieron en la administraci\u00f3n del presidente Calder\u00f3n y en la administraci\u00f3n del presidente Pe\u00f1a, muchos de ustedes lo pidieron y se hicieron comparecencias de otros funcionarios, hoy lo que queremos pedirles es que tanto el Senado de la Rep\u00fablica como la C\u00e1mara de Diputados, pidamos las comparecencias.\u201d<\/p>\n\n\n\n<p>Destac\u00f3 que hay que darle prioridad a los afectados y dejar de revictimizar a los migrantes y sus deudos.<\/p>\n\n\n\n<p>\u201cLa ONU ya sali\u00f3 a pronunciarse por esta tragedia, en la que desgraciadamente, por fallas en el sistema, los migrantes perdieron la vida, no hay que negarles el derecho a los familiares de las v\u00edctimas que conozcan lo que est\u00e1 pasando.\u201d<\/p>\n\n\n\n<p>Insisti\u00f3 en que no hay que dejar pasar la oportunidad de rendir cuentas no s\u00f3lo a los afectados, sino a toda la poblaci\u00f3n, esclarecer los hechos y sancionar a los responsables para demostrar que vivimos en un estado de derecho.<\/p>\n\n\n\n<p>\u201cHoy, compa\u00f1eras y compa\u00f1eros, senadores ustedes tienen una gran oportunidad, desgraciadamente por una tragedia, para mostrar al pueblo de M\u00e9xico por qu\u00e9 son distintos, permitan que comparezca el secretario de Gobernaci\u00f3n, permitan que comparezca el secretario de Relaciones Exteriores, permitan que se separe del cargo moment\u00e1neamente al titular del Instituto Nacional de Migraci\u00f3n, Permitan que la Fiscal\u00eda General de la Rep\u00fablica tambi\u00e9n dicte medidas cautelares, para que el d\u00eda de ma\u00f1ana no haya que contar una verdad hist\u00f3rica a modo.<\/p>\n","protected":false},"excerpt":{"rendered":"<p>Luego de la tragedia ocurrida en Ciudad Ju\u00e1rez, Chihuahua, en la que 39 migrantes murieron a causa de<\/p>\n","protected":false},"author":1,"featured_media":1945,"comment_status":"open","ping_status":"open","sticky":false,"template":"","format":"standard","meta":{"jetpack_post_was_ever_published":false,"_jetpack_newsletter_access":"","_jetpack_dont_email_post_to_subs":false,"_jetpack_newsletter_tier_id":0,"_jetpack_memberships_contains_paywalled_content":false,"_jetpack_memberships_contains_paid_content":false,"footnotes":"","jetpack_publicize_message":"","jetpack_publicize_feature_enabled":false,"jetpack_social_post_already_shared":false,"jetpack_social_options":{"image_generator_settings":{"template":"highway","enabled":false},"version":2}},"categories":[32,47],"tags":[25],"class_list":["post-1944","post","type-post","status-publish","format-standard","has-post-thumbnail","hentry","category-abasolo","category-nacional","tag-abasolo"],"jetpack_publicize_connections":[],"jetpack_sharing_enabled":true,"jetpack_featured_media_url":"https:\/\/periodiconuevomilenio.com\/wp-content\/uploads\/2023\/03\/Boletin-282-A.jpeg","_links":{"self":[{"href":"https:\/\/periodiconuevomilenio.com\/index.php\/wp-json\/wp\/v2\/posts\/1944","targetHints":{"allow":["GET"]}}],"collection":[{"href":"https:\/\/periodiconuevomilenio.com\/index.php\/wp-json\/wp\/v2\/posts"}],"about":[{"href":"https:\/\/periodiconuevomilenio.com\/index.php\/wp-json\/wp\/v2\/types\/post"}],"author":[{"embeddable":true,"href":"https:\/\/periodiconuevomilenio.com\/index.php\/wp-json\/wp\/v2\/users\/1"}],"replies":[{"embeddable":true,"href":"https:\/\/periodiconuevomilenio.com\/index.php\/wp-json\/wp\/v2\/comments?post=1944"}],"version-history":[{"count":1,"href":"https:\/\/periodiconuevomilenio.com\/index.php\/wp-json\/wp\/v2\/posts\/1944\/revisions"}],"predecessor-version":[{"id":1946,"href":"https:\/\/periodiconuevomilenio.com\/index.php\/wp-json\/wp\/v2\/posts\/1944\/revisions\/1946"}],"wp:featuredmedia":[{"embeddable":true,"href":"https:\/\/periodiconuevomilenio.com\/index.php\/wp-json\/wp\/v2\/media\/1945"}],"wp:attachment":[{"href":"https:\/\/periodiconuevomilenio.com\/index.php\/wp-json\/wp\/v2\/media?parent=1944"}],"wp:term":[{"taxonomy":"category","embeddable":true,"href":"https:\/\/periodiconuevomilenio.com\/index.php\/wp-json\/wp\/v2\/categories?post=1944"},{"taxonomy":"post_tag","embeddable":true,"href":"https:\/\/periodiconuevomilenio.com\/index.php\/wp-json\/wp\/v2\/tags?post=1944"}],"curies":[{"name":"wp","href":"https:\/\/api.w.org\/{rel}","templated":true}]}}