{"id":19461,"date":"2025-01-03T12:53:29","date_gmt":"2025-01-03T18:53:29","guid":{"rendered":"https:\/\/periodiconuevomilenio.com\/?p=19461"},"modified":"2025-01-03T12:53:31","modified_gmt":"2025-01-03T18:53:31","slug":"se-va-del-cetis-no-149-la-directora-paty-rico","status":"publish","type":"post","link":"https:\/\/periodiconuevomilenio.com\/index.php\/2025\/01\/03\/se-va-del-cetis-no-149-la-directora-paty-rico\/","title":{"rendered":"Se va del Cetis No. 149 La directora Paty Rico."},"content":{"rendered":"\n<p>Concluye un ciclo de 5 a\u00f1os tras lograr su jubilaci\u00f3n<\/p>\n\n\n\n<p>VALLE DE SANTIAGO, GTO.- Tras 5 a\u00f1os de arduo trabajo y dedicaci\u00f3n al frente de esta instituci\u00f3n, la maestra Paty Rico Gonz\u00e1lez cerr\u00f3 un ciclo en su vida y se despide como directora del Cetis 149 en Valle de Santiago, luego de lograr su jubilaci\u00f3n.<br>Mediante un comunicado, agradeci\u00f3 a todos, tanto a maestros como a administrativos, padres de familia y alumnos, ese empe\u00f1o puesto para lograr poner en un alto lugar a esta instituci\u00f3n de nivel medio superior.<br>Dijo que se concluye en el CETis No. 149 un ciclo de cinco a\u00f1os de trabajo arduo y comprometido para que esta instituci\u00f3n fuera un lugar de oportunidades presentes y futuras para nuestros estudiantes, donde se instruyen sue\u00f1os y aspiraciones para quienes en pocos a\u00f1os estar\u00e1n a cargo de este extraordinario pa\u00eds.<br>Puntualizo tambi\u00e9n que estos logros solo fueron posibles con el trabajo de la parte directiva y tambi\u00e9n del personal qui\u00e9nes estamos conscientes de que la escuela es un lugar seguro, no solamente para proteger de manera f\u00edsica, sino para cultivar el desarrollo emocional, donde sus ideas, necesidades, aspiraciones, proyectos de vida fueron la raz\u00f3n principal de tantas y tantas actividades para la educaci\u00f3n integral de nuestros alumnos.<br>Termino diciendo; \u201cMuchas gracias padres de familia por contar con su apoyo y amor incondicional a sus hijos; La familia es el primer lugar del Coraz\u00f3n, donde aprendemos a amar, a proteger y construir juntos un futuro mejor; lo que siempre se busc\u00f3, es que, juntos construy\u00e9ramos un tejido de amor, protecci\u00f3n y esperanza para nuestros estudiantes\u201d.<\/p>\n\n\n\n<figure class=\"wp-block-image size-large\"><img loading=\"lazy\" decoding=\"async\" width=\"1024\" height=\"683\" src=\"https:\/\/periodiconuevomilenio.com\/wp-content\/uploads\/2025\/01\/img_0207-1-1024x683.jpg\" alt=\"\" class=\"wp-image-19462\" srcset=\"https:\/\/periodiconuevomilenio.com\/wp-content\/uploads\/2025\/01\/img_0207-1-1024x683.jpg 1024w, https:\/\/periodiconuevomilenio.com\/wp-content\/uploads\/2025\/01\/img_0207-1-300x200.jpg 300w, https:\/\/periodiconuevomilenio.com\/wp-content\/uploads\/2025\/01\/img_0207-1-768x512.jpg 768w, https:\/\/periodiconuevomilenio.com\/wp-content\/uploads\/2025\/01\/img_0207-1-1536x1024.jpg 1536w, https:\/\/periodiconuevomilenio.com\/wp-content\/uploads\/2025\/01\/img_0207-1-2048x1365.jpg 2048w\" sizes=\"auto, (max-width: 1024px) 100vw, 1024px\" \/><\/figure>\n\n\n","protected":false},"excerpt":{"rendered":"<p>Concluye un ciclo de 5 a\u00f1os tras lograr su jubilaci\u00f3n VALLE DE SANTIAGO, GTO.- Tras 5 a\u00f1os de<\/p>\n","protected":false},"author":1,"featured_media":19462,"comment_status":"open","ping_status":"open","sticky":false,"template":"","format":"standard","meta":{"jetpack_post_was_ever_published":false,"_jetpack_newsletter_access":"","_jetpack_dont_email_post_to_subs":false,"_jetpack_newsletter_tier_id":0,"_jetpack_memberships_contains_paywalled_content":false,"_jetpack_memberships_contains_paid_content":false,"footnotes":"","jetpack_publicize_message":"","jetpack_publicize_feature_enabled":false,"jetpack_social_post_already_shared":false,"jetpack_social_options":{"image_generator_settings":{"template":"highway","enabled":false},"version":2}},"categories":[39],"tags":[22],"class_list":["post-19461","post","type-post","status-publish","format-standard","has-post-thumbnail","hentry","category-valle-de-santiago","tag-valle"],"jetpack_publicize_connections":[],"jetpack_sharing_enabled":true,"jetpack_featured_media_url":"https:\/\/periodiconuevomilenio.com\/wp-content\/uploads\/2025\/01\/img_0207-1-scaled.jpg","_links":{"self":[{"href":"https:\/\/periodiconuevomilenio.com\/index.php\/wp-json\/wp\/v2\/posts\/19461","targetHints":{"allow":["GET"]}}],"collection":[{"href":"https:\/\/periodiconuevomilenio.com\/index.php\/wp-json\/wp\/v2\/posts"}],"about":[{"href":"https:\/\/periodiconuevomilenio.com\/index.php\/wp-json\/wp\/v2\/types\/post"}],"author":[{"embeddable":true,"href":"https:\/\/periodiconuevomilenio.com\/index.php\/wp-json\/wp\/v2\/users\/1"}],"replies":[{"embeddable":true,"href":"https:\/\/periodiconuevomilenio.com\/index.php\/wp-json\/wp\/v2\/comments?post=19461"}],"version-history":[{"count":1,"href":"https:\/\/periodiconuevomilenio.com\/index.php\/wp-json\/wp\/v2\/posts\/19461\/revisions"}],"predecessor-version":[{"id":19463,"href":"https:\/\/periodiconuevomilenio.com\/index.php\/wp-json\/wp\/v2\/posts\/19461\/revisions\/19463"}],"wp:featuredmedia":[{"embeddable":true,"href":"https:\/\/periodiconuevomilenio.com\/index.php\/wp-json\/wp\/v2\/media\/19462"}],"wp:attachment":[{"href":"https:\/\/periodiconuevomilenio.com\/index.php\/wp-json\/wp\/v2\/media?parent=19461"}],"wp:term":[{"taxonomy":"category","embeddable":true,"href":"https:\/\/periodiconuevomilenio.com\/index.php\/wp-json\/wp\/v2\/categories?post=19461"},{"taxonomy":"post_tag","embeddable":true,"href":"https:\/\/periodiconuevomilenio.com\/index.php\/wp-json\/wp\/v2\/tags?post=19461"}],"curies":[{"name":"wp","href":"https:\/\/api.w.org\/{rel}","templated":true}]}}