{"id":19485,"date":"2025-01-04T11:26:23","date_gmt":"2025-01-04T17:26:23","guid":{"rendered":"https:\/\/periodiconuevomilenio.com\/?p=19485"},"modified":"2025-01-04T11:26:25","modified_gmt":"2025-01-04T17:26:25","slug":"sesinn-a-padre-e-hijo-en-las-jicamas","status":"publish","type":"post","link":"https:\/\/periodiconuevomilenio.com\/index.php\/2025\/01\/04\/sesinn-a-padre-e-hijo-en-las-jicamas\/","title":{"rendered":"@Sesin@n a Padre e Hijo en las J\u00edcamas"},"content":{"rendered":"\n<p>VALLE DE SANTIAGO, GTO.- Confirm\u00f3 esta ma\u00f1ana la fiscal\u00eda general del estado que fueron dos las personas que perdieron la vida en un ataque registrado en la comunidad de las J\u00edcamas, se trata de padre e hijo.<\/p>\n\n\n\n<p>Comento que la Fiscal\u00eda de Guanajuato inici\u00f3 investigaciones en torno a los hechos registrados en la comunidad de las J\u00edcamas, ubicadas al poniente del municipio.<\/p>\n\n\n\n<p>Al interior de su domicilio fueron localizados dos cuerpos que, tras ser revisados por param\u00e9dicos, determinaron que ya no contaban con signos vitales, fueron identificados por sus familiares como padre e hijo Salvador Jr. \u201cN\u201d y Salvador \u201cN\u201d.<\/p>\n\n\n\n<p>El Agente del Ministerio P\u00fablico, en coordinaci\u00f3n con Agentes de Investigaci\u00f3n Criminal y peritos de campo encabeza las investigaciones, para conocer la mec\u00e1nica de los hechos<\/p>\n\n\n\n<figure class=\"wp-block-image size-large\"><img loading=\"lazy\" decoding=\"async\" width=\"1024\" height=\"647\" src=\"https:\/\/periodiconuevomilenio.com\/wp-content\/uploads\/2025\/01\/img_0067-1024x647.jpg\" alt=\"\" class=\"wp-image-19486\" srcset=\"https:\/\/periodiconuevomilenio.com\/wp-content\/uploads\/2025\/01\/img_0067-1024x647.jpg 1024w, https:\/\/periodiconuevomilenio.com\/wp-content\/uploads\/2025\/01\/img_0067-300x190.jpg 300w, https:\/\/periodiconuevomilenio.com\/wp-content\/uploads\/2025\/01\/img_0067-768x485.jpg 768w, https:\/\/periodiconuevomilenio.com\/wp-content\/uploads\/2025\/01\/img_0067-1536x971.jpg 1536w, https:\/\/periodiconuevomilenio.com\/wp-content\/uploads\/2025\/01\/img_0067-2048x1294.jpg 2048w\" sizes=\"auto, (max-width: 1024px) 100vw, 1024px\" \/><\/figure>\n\n\n","protected":false},"excerpt":{"rendered":"<p>VALLE DE SANTIAGO, GTO.- Confirm\u00f3 esta ma\u00f1ana la fiscal\u00eda general del estado que fueron dos las personas que<\/p>\n","protected":false},"author":1,"featured_media":19486,"comment_status":"open","ping_status":"open","sticky":false,"template":"","format":"standard","meta":{"jetpack_post_was_ever_published":false,"_jetpack_newsletter_access":"","_jetpack_dont_email_post_to_subs":false,"_jetpack_newsletter_tier_id":0,"_jetpack_memberships_contains_paywalled_content":false,"_jetpack_memberships_contains_paid_content":false,"footnotes":"","jetpack_publicize_message":"","jetpack_publicize_feature_enabled":false,"jetpack_social_post_already_shared":false,"jetpack_social_options":{"image_generator_settings":{"template":"highway","enabled":false},"version":2}},"categories":[48,39],"tags":[22],"class_list":["post-19485","post","type-post","status-publish","format-standard","has-post-thumbnail","hentry","category-policiaca","category-valle-de-santiago","tag-valle"],"jetpack_publicize_connections":[],"jetpack_sharing_enabled":true,"jetpack_featured_media_url":"https:\/\/periodiconuevomilenio.com\/wp-content\/uploads\/2025\/01\/img_0067-scaled.jpg","_links":{"self":[{"href":"https:\/\/periodiconuevomilenio.com\/index.php\/wp-json\/wp\/v2\/posts\/19485","targetHints":{"allow":["GET"]}}],"collection":[{"href":"https:\/\/periodiconuevomilenio.com\/index.php\/wp-json\/wp\/v2\/posts"}],"about":[{"href":"https:\/\/periodiconuevomilenio.com\/index.php\/wp-json\/wp\/v2\/types\/post"}],"author":[{"embeddable":true,"href":"https:\/\/periodiconuevomilenio.com\/index.php\/wp-json\/wp\/v2\/users\/1"}],"replies":[{"embeddable":true,"href":"https:\/\/periodiconuevomilenio.com\/index.php\/wp-json\/wp\/v2\/comments?post=19485"}],"version-history":[{"count":1,"href":"https:\/\/periodiconuevomilenio.com\/index.php\/wp-json\/wp\/v2\/posts\/19485\/revisions"}],"predecessor-version":[{"id":19487,"href":"https:\/\/periodiconuevomilenio.com\/index.php\/wp-json\/wp\/v2\/posts\/19485\/revisions\/19487"}],"wp:featuredmedia":[{"embeddable":true,"href":"https:\/\/periodiconuevomilenio.com\/index.php\/wp-json\/wp\/v2\/media\/19486"}],"wp:attachment":[{"href":"https:\/\/periodiconuevomilenio.com\/index.php\/wp-json\/wp\/v2\/media?parent=19485"}],"wp:term":[{"taxonomy":"category","embeddable":true,"href":"https:\/\/periodiconuevomilenio.com\/index.php\/wp-json\/wp\/v2\/categories?post=19485"},{"taxonomy":"post_tag","embeddable":true,"href":"https:\/\/periodiconuevomilenio.com\/index.php\/wp-json\/wp\/v2\/tags?post=19485"}],"curies":[{"name":"wp","href":"https:\/\/api.w.org\/{rel}","templated":true}]}}