{"id":19489,"date":"2025-01-04T11:28:51","date_gmt":"2025-01-04T17:28:51","guid":{"rendered":"https:\/\/periodiconuevomilenio.com\/?p=19489"},"modified":"2025-01-04T11:28:52","modified_gmt":"2025-01-04T17:28:52","slug":"mtan-a-colorin-jimenez-destacado-musico-y-lider-de-la-banda-real-en-salvatierra","status":"publish","type":"post","link":"https:\/\/periodiconuevomilenio.com\/index.php\/2025\/01\/04\/mtan-a-colorin-jimenez-destacado-musico-y-lider-de-la-banda-real-en-salvatierra\/","title":{"rendered":"M@tan a \u00abColor\u00edn\u00bb Jim\u00e9nez, destacado m\u00fasico y l\u00edder de la Banda Real en Salvatierra."},"content":{"rendered":"\n<p>Salvatierra, GTO. \u2013 Esta ma\u00f1ana confirm\u00f3 la Fiscal\u00eda General del Estado que s\u00ed fue el l\u00edder de la Organizaci\u00f3n Musical Banda Real, a quien le arrebataron la vida en un atentado registrado el d\u00eda de ayer.<\/p>\n\n\n\n<p>La noche del viernes, la comunidad art\u00edstica y cultural de Salvatierra se visti\u00f3 de luto tras el asesinato de Fernando \u00abColor\u00edn\u00bb Jim\u00e9nez, destacado m\u00fasico y l\u00edder de la Banda Real. El ataque ocurri\u00f3 en pleno centro de la ciudad, en la calle Col\u00f3n, a pocos metros de la Comisi\u00f3n Federal de Electricidad.<\/p>\n\n\n\n<p>Minutos despu\u00e9s de las nueve de la noche, vecinos y transe\u00fantes reportaron m\u00faltiples disparos de arma de fuego al Sistema de Emergencias 911.<\/p>\n\n\n\n<p>En el lugar, las autoridades encontraron un veh\u00edculo color gris con impactos de bala. En su interior yac\u00eda el cuerpo sin vida de un hombre, quien m\u00e1s tarde fue identificado como Fernando Jim\u00e9nez, un \u00edcono de la m\u00fasica regional en Salvatierra.<\/p>\n\n\n\n<p>La muerte de \u00abColor\u00edn\u00bb Jim\u00e9nez, ha generado consternaci\u00f3n en la poblaci\u00f3n salvaterrense, especialmente en el \u00e1mbito art\u00edstico, donde era ampliamente reconocido por su talento y trayectoria, como m\u00fasico y compositor. Integrantes de la Banda Real, familiares y seguidores lamentaron su p\u00e9rdida a trav\u00e9s de redes sociales, record\u00e1ndolo como un referente de la m\u00fasica y un promotor de la cultura local.<\/p>\n\n\n\n<p>Esta ma\u00f1ana, la fiscal\u00eda dio a conocer que la persona de sexo hombre, identificado como Fernando \u201cN\u201d alias \u201cEl Color\u00edn\u201d, el Agente del Ministerio P\u00fablico, en coordinaci\u00f3n con Agentes de Investigaci\u00f3n Criminal y Peritos de campo, encabeza las investigaciones.<\/p>\n\n\n\n<figure class=\"wp-block-image size-full\"><img loading=\"lazy\" decoding=\"async\" width=\"639\" height=\"960\" src=\"https:\/\/periodiconuevomilenio.com\/wp-content\/uploads\/2025\/01\/472301545_1143848743769339_3568881961272226183_n.jpg\" alt=\"\" class=\"wp-image-19490\" srcset=\"https:\/\/periodiconuevomilenio.com\/wp-content\/uploads\/2025\/01\/472301545_1143848743769339_3568881961272226183_n.jpg 639w, https:\/\/periodiconuevomilenio.com\/wp-content\/uploads\/2025\/01\/472301545_1143848743769339_3568881961272226183_n-200x300.jpg 200w\" sizes=\"auto, (max-width: 639px) 100vw, 639px\" \/><\/figure>\n\n\n","protected":false},"excerpt":{"rendered":"<p>Salvatierra, GTO. \u2013 Esta ma\u00f1ana confirm\u00f3 la Fiscal\u00eda General del Estado que s\u00ed fue el l\u00edder de la<\/p>\n","protected":false},"author":1,"featured_media":19490,"comment_status":"open","ping_status":"open","sticky":false,"template":"","format":"standard","meta":{"jetpack_post_was_ever_published":false,"_jetpack_newsletter_access":"","_jetpack_dont_email_post_to_subs":false,"_jetpack_newsletter_tier_id":0,"_jetpack_memberships_contains_paywalled_content":false,"_jetpack_memberships_contains_paid_content":false,"footnotes":"","jetpack_publicize_message":"","jetpack_publicize_feature_enabled":false,"jetpack_social_post_already_shared":false,"jetpack_social_options":{"image_generator_settings":{"template":"highway","enabled":false},"version":2}},"categories":[31,48],"tags":[51],"class_list":["post-19489","post","type-post","status-publish","format-standard","has-post-thumbnail","hentry","category-estado","category-policiaca","tag-estado"],"jetpack_publicize_connections":[],"jetpack_sharing_enabled":true,"jetpack_featured_media_url":"https:\/\/periodiconuevomilenio.com\/wp-content\/uploads\/2025\/01\/472301545_1143848743769339_3568881961272226183_n.jpg","_links":{"self":[{"href":"https:\/\/periodiconuevomilenio.com\/index.php\/wp-json\/wp\/v2\/posts\/19489","targetHints":{"allow":["GET"]}}],"collection":[{"href":"https:\/\/periodiconuevomilenio.com\/index.php\/wp-json\/wp\/v2\/posts"}],"about":[{"href":"https:\/\/periodiconuevomilenio.com\/index.php\/wp-json\/wp\/v2\/types\/post"}],"author":[{"embeddable":true,"href":"https:\/\/periodiconuevomilenio.com\/index.php\/wp-json\/wp\/v2\/users\/1"}],"replies":[{"embeddable":true,"href":"https:\/\/periodiconuevomilenio.com\/index.php\/wp-json\/wp\/v2\/comments?post=19489"}],"version-history":[{"count":1,"href":"https:\/\/periodiconuevomilenio.com\/index.php\/wp-json\/wp\/v2\/posts\/19489\/revisions"}],"predecessor-version":[{"id":19491,"href":"https:\/\/periodiconuevomilenio.com\/index.php\/wp-json\/wp\/v2\/posts\/19489\/revisions\/19491"}],"wp:featuredmedia":[{"embeddable":true,"href":"https:\/\/periodiconuevomilenio.com\/index.php\/wp-json\/wp\/v2\/media\/19490"}],"wp:attachment":[{"href":"https:\/\/periodiconuevomilenio.com\/index.php\/wp-json\/wp\/v2\/media?parent=19489"}],"wp:term":[{"taxonomy":"category","embeddable":true,"href":"https:\/\/periodiconuevomilenio.com\/index.php\/wp-json\/wp\/v2\/categories?post=19489"},{"taxonomy":"post_tag","embeddable":true,"href":"https:\/\/periodiconuevomilenio.com\/index.php\/wp-json\/wp\/v2\/tags?post=19489"}],"curies":[{"name":"wp","href":"https:\/\/api.w.org\/{rel}","templated":true}]}}